{"id":5504,"date":"2014-08-25T13:50:41","date_gmt":"2014-08-25T18:50:41","guid":{"rendered":"http:\/\/awf.world\/et-si-on-allait-rencontrer-simpson-au-ciel\/"},"modified":"2018-03-26T09:58:56","modified_gmt":"2018-03-26T14:58:56","slug":"et-si-on-allait-rencontrer-simpson-au-ciel","status":"publish","type":"post","link":"https:\/\/awf.world\/fr\/et-si-on-allait-rencontrer-simpson-au-ciel\/","title":{"rendered":"Et si on allait rencontrer Simpson au ciel?"},"content":{"rendered":"<p>La pr\u00e9sentation du d\u00e9partement de mission de l&#8217;\u00c9glise nationale de l&#8217;\u00c9quateur \u00e9tait certainement un point fort du congr\u00e8s de l&#8217;Alliance en Am\u00e9rique latine. Quatre nouveaux candidats \u00e9taitent pr\u00e9sent\u00e9s et consacr\u00e9s. Cette \u00c9glise donne un bel exemple d&#8217;ob\u00e9issance \u00e0 l&#8217;appel de Dieu.<br \/>\n&#8220;Au ciel, une rencontre avec Albert Simpson vous causera des probl\u00e8mes, si vous \u00eates membre de ce mouvement, sans \u00eatre engag\u00e9 dans la mission&#8221;, dit George Verwer. Il rappelait aux \u00c9glises latino-am\u00e9ricaines de l&#8217;Alliance que leur fondateuer Albert Simpson voulait que ce mouvement soit consacr\u00e9 \u00e0 la proclamation de J\u00e9sus-Christ parmi les nations. Aujourd&#8217;hui, nous croyons que Simpson serait content, s&#8217;il avait eu l&#8217;occasion de participer au congr\u00e8s de Quito, la semaine pass\u00e9e. Beaucoup de participants \u00e9taient d&#8217;accord que cette nouvelle cons\u00e9cration \u00e0 la mission, \u00e9tant le caract\u00e8re distinctif de l&#8217;Allaince, \u00e9tait un \u00e9v\u00e9nement historique. On \u00e9tait convaincu que l&#8217;accent missionnaire n&#8217;\u00e9tait pas seulement en accord avec la vision de Simpson mais, ce qui est plus important, il \u00e9tait inspir\u00e9 par l&#8217;Esprit de Dieu.<\/p>\n<p>Photo : (\u00e0 droite) le directeur du d\u00e9partement de la mission, Cecibel Suarez ; le pr\u00e9sident de l&#8217;\u00c9glise nationale de l&#8217;\u00c9quateur, David Muntre (3e de droite), Arie Verduijn, pr\u00e9sident de l&#8217;UMA (\u00e0 gauche) et quatre canditats missionnaires de l&#8217;\u00c9quateur.<\/p>\n<p>Arie Verduijn, le 25 ao\u00fbt 2014 \/ actualit\u00e9s<\/p>\n","protected":false},"excerpt":{"rendered":"<p>La pr\u00e9sentation du d\u00e9partement de mission de l&#8217;\u00c9glise nationale de l&#8217;\u00c9quateur \u00e9tait certainement un point fort du congr\u00e8s de l&#8217;Alliance en Am\u00e9rique latine. Quatre nouveaux&hellip;<\/p>\n","protected":false},"author":3,"featured_media":0,"comment_status":"closed","ping_status":"closed","sticky":false,"template":"","format":"standard","meta":{"inline_featured_image":false,"ngg_post_thumbnail":0,"_EventAllDay":false,"_EventTimezone":"","_EventStartDate":"","_EventEndDate":"","_EventStartDateUTC":"","_EventEndDateUTC":"","_EventShowMap":false,"_EventShowMapLink":false,"_EventURL":"","_EventCost":"","_EventCostDescription":"","_EventCurrencySymbol":"","_EventCurrencyCode":"","_EventCurrencyPosition":"","_EventDateTimeSeparator":"","_EventTimeRangeSeparator":"","_EventOrganizerID":[],"_EventVenueID":[],"_OrganizerEmail":"","_OrganizerPhone":"","_OrganizerWebsite":"","_VenueAddress":"","_VenueCity":"","_VenueCountry":"","_VenueProvince":"","_VenueState":"","_VenueZip":"","_VenuePhone":"","_VenueURL":"","_VenueStateProvince":"","_VenueLat":"","_VenueLng":"","_VenueShowMap":false,"_VenueShowMapLink":false,"footnotes":""},"categories":[33],"tags":[],"class_list":["post-5504","post","type-post","status-publish","format-standard","hentry","category-news-fr"],"jetpack_featured_media_url":"","_links":{"self":[{"href":"https:\/\/awf.world\/fr\/wp-json\/wp\/v2\/posts\/5504","targetHints":{"allow":["GET"]}}],"collection":[{"href":"https:\/\/awf.world\/fr\/wp-json\/wp\/v2\/posts"}],"about":[{"href":"https:\/\/awf.world\/fr\/wp-json\/wp\/v2\/types\/post"}],"author":[{"embeddable":true,"href":"https:\/\/awf.world\/fr\/wp-json\/wp\/v2\/users\/3"}],"replies":[{"embeddable":true,"href":"https:\/\/awf.world\/fr\/wp-json\/wp\/v2\/comments?post=5504"}],"version-history":[{"count":0,"href":"https:\/\/awf.world\/fr\/wp-json\/wp\/v2\/posts\/5504\/revisions"}],"wp:attachment":[{"href":"https:\/\/awf.world\/fr\/wp-json\/wp\/v2\/media?parent=5504"}],"wp:term":[{"taxonomy":"category","embeddable":true,"href":"https:\/\/awf.world\/fr\/wp-json\/wp\/v2\/categories?post=5504"},{"taxonomy":"post_tag","embeddable":true,"href":"https:\/\/awf.world\/fr\/wp-json\/wp\/v2\/tags?post=5504"}],"curies":[{"name":"wp","href":"https:\/\/api.w.org\/{rel}","templated":true}]}}