{"id":5320,"date":"2014-03-18T13:51:27","date_gmt":"2014-03-18T18:51:27","guid":{"rendered":"http:\/\/awf.world\/evangelisation-en-europe-meridionale\/"},"modified":"2018-03-26T10:03:36","modified_gmt":"2018-03-26T15:03:36","slug":"evangelisation-en-europe-meridionale","status":"publish","type":"post","link":"https:\/\/awf.world\/fr\/evangelisation-en-europe-meridionale\/","title":{"rendered":"\u00c9vang\u00e9lisation en Europe m\u00e9ridionale"},"content":{"rendered":"<p>Le Trio Mar del Plata de l&rsquo;Argentine donnera 25 concerts en Espagne, en Italie, et au Portugal. La tourn\u00e9e durera de fin mars jusqu&rsquo;\u00e0 la fin du mois d&rsquo;avril. Le premier concert aura lieu \u00e0 Madrid vendredi, le 28 mars.<\/p>\n<p>La campagne a \u00e9t\u00e9 intitul\u00e9e \u00ab\u00a0Espoir au milieu de la crise\u00a0\u00bb. Il est bien possible que Dieu emploie la crise \u00e9conomique en Espagne pour Lui ouvrir des coeurs longtemps ferm\u00e9s. Prions que Dieu puisse agir \u00e0 travers cette initiative. Prions pour une onction divine sur le&nbsp; trio et sur Steve Irvin qui coordonne leur programme.<\/p>\n","protected":false},"excerpt":{"rendered":"<p>Le Trio Mar del Plata de l&rsquo;Argentine donnera 25 concerts en Espagne, en Italie, et au Portugal. La tourn\u00e9e durera de fin mars jusqu&rsquo;\u00e0 la&hellip;<\/p>\n","protected":false},"author":3,"featured_media":17758,"comment_status":"closed","ping_status":"closed","sticky":false,"template":"","format":"standard","meta":{"inline_featured_image":false,"ngg_post_thumbnail":0,"_EventAllDay":false,"_EventTimezone":"","_EventStartDate":"","_EventEndDate":"","_EventStartDateUTC":"","_EventEndDateUTC":"","_EventShowMap":false,"_EventShowMapLink":false,"_EventURL":"","_EventCost":"","_EventCostDescription":"","_EventCurrencySymbol":"","_EventCurrencyCode":"","_EventCurrencyPosition":"","_EventDateTimeSeparator":"","_EventTimeRangeSeparator":"","_EventOrganizerID":[],"_EventVenueID":[],"_OrganizerEmail":"","_OrganizerPhone":"","_OrganizerWebsite":"","_VenueAddress":"","_VenueCity":"","_VenueCountry":"","_VenueProvince":"","_VenueState":"","_VenueZip":"","_VenuePhone":"","_VenueURL":"","_VenueStateProvince":"","_VenueLat":"","_VenueLng":"","_VenueShowMap":false,"_VenueShowMapLink":false,"footnotes":""},"categories":[33],"tags":[],"class_list":["post-5320","post","type-post","status-publish","format-standard","has-post-thumbnail","hentry","category-news-fr"],"jetpack_featured_media_url":"https:\/\/awf.world\/wp-content\/uploads\/2012\/12\/25-01.jpg","_links":{"self":[{"href":"https:\/\/awf.world\/fr\/wp-json\/wp\/v2\/posts\/5320","targetHints":{"allow":["GET"]}}],"collection":[{"href":"https:\/\/awf.world\/fr\/wp-json\/wp\/v2\/posts"}],"about":[{"href":"https:\/\/awf.world\/fr\/wp-json\/wp\/v2\/types\/post"}],"author":[{"embeddable":true,"href":"https:\/\/awf.world\/fr\/wp-json\/wp\/v2\/users\/3"}],"replies":[{"embeddable":true,"href":"https:\/\/awf.world\/fr\/wp-json\/wp\/v2\/comments?post=5320"}],"version-history":[{"count":0,"href":"https:\/\/awf.world\/fr\/wp-json\/wp\/v2\/posts\/5320\/revisions"}],"wp:featuredmedia":[{"embeddable":true,"href":"https:\/\/awf.world\/fr\/wp-json\/wp\/v2\/media\/17758"}],"wp:attachment":[{"href":"https:\/\/awf.world\/fr\/wp-json\/wp\/v2\/media?parent=5320"}],"wp:term":[{"taxonomy":"category","embeddable":true,"href":"https:\/\/awf.world\/fr\/wp-json\/wp\/v2\/categories?post=5320"},{"taxonomy":"post_tag","embeddable":true,"href":"https:\/\/awf.world\/fr\/wp-json\/wp\/v2\/tags?post=5320"}],"curies":[{"name":"wp","href":"https:\/\/api.w.org\/{rel}","templated":true}]}}