{"id":3039,"date":"2013-07-25T12:00:02","date_gmt":"2013-07-25T17:00:02","guid":{"rendered":"http:\/\/awf.world\/la-grace-de-dieu-manifestee-au-liban-2\/"},"modified":"2018-03-26T10:14:10","modified_gmt":"2018-03-26T15:14:10","slug":"la-grace-de-dieu-manifestee-au-liban-2","status":"publish","type":"post","link":"https:\/\/awf.world\/fr\/la-grace-de-dieu-manifestee-au-liban-2\/","title":{"rendered":"La gr\u00e2ce de Dieu manifest\u00e9e au Liban"},"content":{"rendered":"<p>Le premier juillet, George et Elias ont commenc\u00e9 un minist\u00e8re \u00e0 plein temps parmi les r\u00e9fugi\u00e9s. Une semaine apr\u00e8s, ils ont re\u00e7u un coup de t\u00e9l\u00e9phone d\u2019un des r\u00e9fugi\u00e9s. Il \u00e9tait \u00e9cras\u00e9 par une voiture et transport\u00e9 \u00e0 l\u2019h\u00f4pital. Il avait besoin d\u2019une op\u00e9ration tout de suite, mais, avant d\u2019\u00eatre trait\u00e9, il fallait d\u2019abord payer. L\u2019\u00c9glise locale a r\u00e9agi en donnant la somme demand\u00e9e et en priant au nom de J\u00e9sus avant l\u2019op\u00e9ration. La femme de la victime a remarqu\u00e9 : \u00ab Toute notre vie, nous n\u2019allons jamais oublier ce que vous avez fait pour nous. Nous vous serons toujours redevables. \u00bb Le pasteur Charbel a r\u00e9pondu : \u00ab Vous ne nous devez rien du tout, mais remerciez J\u00e9sus, parce que toute aide vient de Lui. \u00bb Cette \u00c9glise locale est soutenue par la famille de l\u2019UMA, afin de pouvoir manifester la gr\u00e2ce de Dieu parmi les r\u00e9fugi\u00e9s \u00e0 Beyrouth et ailleurs. Vous pouvez aussi soutenir ce minist\u00e8re (pour plus de d\u00e9tails, voyez la page de \u00ab contact \u00bb).<\/p>\n","protected":false},"excerpt":{"rendered":"<p>Le premier juillet, George et Elias ont commenc\u00e9 un minist\u00e8re \u00e0 plein temps parmi les r\u00e9fugi\u00e9s. Une semaine apr\u00e8s, ils ont re\u00e7u un coup de&hellip;<\/p>\n","protected":false},"author":3,"featured_media":17750,"comment_status":"closed","ping_status":"closed","sticky":false,"template":"","format":"standard","meta":{"inline_featured_image":false,"ngg_post_thumbnail":0,"_EventAllDay":false,"_EventTimezone":"","_EventStartDate":"","_EventEndDate":"","_EventStartDateUTC":"","_EventEndDateUTC":"","_EventShowMap":false,"_EventShowMapLink":false,"_EventURL":"","_EventCost":"","_EventCostDescription":"","_EventCurrencySymbol":"","_EventCurrencyCode":"","_EventCurrencyPosition":"","_EventDateTimeSeparator":"","_EventTimeRangeSeparator":"","_EventOrganizerID":[],"_EventVenueID":[],"_OrganizerEmail":"","_OrganizerPhone":"","_OrganizerWebsite":"","_VenueAddress":"","_VenueCity":"","_VenueCountry":"","_VenueProvince":"","_VenueState":"","_VenueZip":"","_VenuePhone":"","_VenueURL":"","_VenueStateProvince":"","_VenueLat":"","_VenueLng":"","_VenueShowMap":false,"_VenueShowMapLink":false,"footnotes":""},"categories":[33],"tags":[],"class_list":["post-3039","post","type-post","status-publish","format-standard","has-post-thumbnail","hentry","category-news-fr"],"jetpack_featured_media_url":"https:\/\/awf.world\/wp-content\/uploads\/2012\/12\/37-01.jpg","_links":{"self":[{"href":"https:\/\/awf.world\/fr\/wp-json\/wp\/v2\/posts\/3039","targetHints":{"allow":["GET"]}}],"collection":[{"href":"https:\/\/awf.world\/fr\/wp-json\/wp\/v2\/posts"}],"about":[{"href":"https:\/\/awf.world\/fr\/wp-json\/wp\/v2\/types\/post"}],"author":[{"embeddable":true,"href":"https:\/\/awf.world\/fr\/wp-json\/wp\/v2\/users\/3"}],"replies":[{"embeddable":true,"href":"https:\/\/awf.world\/fr\/wp-json\/wp\/v2\/comments?post=3039"}],"version-history":[{"count":0,"href":"https:\/\/awf.world\/fr\/wp-json\/wp\/v2\/posts\/3039\/revisions"}],"wp:featuredmedia":[{"embeddable":true,"href":"https:\/\/awf.world\/fr\/wp-json\/wp\/v2\/media\/17750"}],"wp:attachment":[{"href":"https:\/\/awf.world\/fr\/wp-json\/wp\/v2\/media?parent=3039"}],"wp:term":[{"taxonomy":"category","embeddable":true,"href":"https:\/\/awf.world\/fr\/wp-json\/wp\/v2\/categories?post=3039"},{"taxonomy":"post_tag","embeddable":true,"href":"https:\/\/awf.world\/fr\/wp-json\/wp\/v2\/tags?post=3039"}],"curies":[{"name":"wp","href":"https:\/\/api.w.org\/{rel}","templated":true}]}}