{"id":10665,"date":"2015-04-14T07:49:58","date_gmt":"2015-04-14T12:49:58","guid":{"rendered":"http:\/\/awf.world\/deux-dirigeants-modeles-maintenant-aupres-du-seigneur\/"},"modified":"2018-03-26T09:49:15","modified_gmt":"2018-03-26T14:49:15","slug":"deux-dirigeants-modeles-maintenant-aupres-du-seigneur","status":"publish","type":"post","link":"https:\/\/awf.world\/fr\/deux-dirigeants-modeles-maintenant-aupres-du-seigneur\/","title":{"rendered":"Deux dirigeants mod\u00e8les maintenant aupr\u00e8s du Seigneur"},"content":{"rendered":"<p>Eladio Medina, <em>Ma\u00eetre Mission<\/em> de l&rsquo;Am\u00e9rique du Sud<\/p>\n<p>Depuis le 13 avril, le Pasteur Eladio Medina est aupr\u00e8s du&nbsp;Seigneur. Pendant beaucoup d&rsquo;ann\u00e9es, Eladio &nbsp;\u00e9tait coordinateur r\u00e9gional de l&rsquo;UMA pour l&rsquo;Am\u00e9rique du Sud. Son h\u00e9ritage le plus saillant&nbsp;est&nbsp;certainement&nbsp;sa vision fervente&nbsp;pour la mission qu&rsquo;il partageait sans cesse&nbsp;avec les Eglises de l&rsquo;Alliance en Am\u00e9rique du Sud. Prions pour sa femme Gladys,&nbsp;pour ses enfants et ses petits-enfants.<\/p>\n<p>Eladio \u00e9tait aussi une&nbsp;b\u00e9n\u00e9diction personnelle pour moi. Je le connaissais comme un homme dont la vie \u00e9tait conscr\u00e9e au Seigneur. Son&nbsp;anglais \u00e9tait aussi courant que mon&nbsp;espagnol et nous avions du mal&nbsp;\u00e0 nous parler, l&rsquo;un \u00e0 l&rsquo;autre. Malgr\u00e9 cela, notre lien fraternel&nbsp;\u00e9tait fort et nous avions toujours beaucoup&#8230;de plaisir. &nbsp;Son sens de l&rsquo;humour \u00e9tait contagieux. Je&nbsp;me souviendrai toujours du p\u00e9tillement de ses yeux, mais encore davantage, de son caract\u00e8re semblable \u00e0 Christ. Il n&rsquo;essayait jamais de se faire valoir, mais il voulait&nbsp;toujours servir Dieu selon Son plan.<\/p>\n<p>Que Dieu console Gladys et sa famille et,&nbsp;que&nbsp;l&rsquo;exemple de cet humble disciple de Christ continue \u00e0 nous&nbsp;inspirer.<\/p>\n<p>Le pasteur pionnier Dieke Koffi d\u00e9c\u00e9d\u00e9 \u00e0 l&rsquo;\u00e2ge de 99 ans<\/p>\n<p>R\u00e9cemment, un autre dirigeant d&rsquo;une l&rsquo;\u00c9glise nationale de l&rsquo;Alliance est d\u00e9c\u00e9d\u00e9,&nbsp;\u00e0 l&rsquo;\u00e2ge de 99 ans: Le R\u00e9v. Dieke Koffi Joseph. Il \u00e9tait le premier pasteur et le premier pr\u00e9sident de l&rsquo;\u00c9glise en C\u00f4te d&rsquo;Ivoire. Le Seigneur l&rsquo;avait employ\u00e9 comme pionnier pendant le&nbsp;d\u00e9but d&rsquo;une jeune \u00c9glise qui, maintenant,&nbsp;est une des principales d\u00e9nominations du pays. L&rsquo;enterrement a eu lieu, le 11 avril, dans son village de Sessekro, non loin de Buak\u00e9. La photo \u00e9tait prise pendant la c\u00e9l\u00e9bration du 75e anniversaire de l&rsquo;\u00c9glise de l&rsquo;Alliance dans son pays. De droite \u00e0 gauche : L&rsquo;ancien pr\u00e9sident de l&rsquo;\u00c9glise nationale, le Dr. Andr\u00e9 Kouadio, les R\u00e9v. Dieke Koffi et Celestin Koffi et Arie Verduijn, pr\u00e9sident de l&rsquo;UMA.<\/p>\n<p>Que Dieu b\u00e9nisse la famille du d\u00e9funt et que son exemple nous encourage \u00e0 servir le Seigneur fid\u00e8lement.<\/p>\n<p>&nbsp;<\/p>\n","protected":false},"excerpt":{"rendered":"<p>Eladio Medina, Ma\u00eetre Mission de l&rsquo;Am\u00e9rique du Sud Depuis le 13 avril, le Pasteur Eladio Medina est aupr\u00e8s du&nbsp;Seigneur. Pendant beaucoup d&rsquo;ann\u00e9es, Eladio &nbsp;\u00e9tait coordinateur&hellip;<\/p>\n","protected":false},"author":3,"featured_media":17765,"comment_status":"closed","ping_status":"closed","sticky":false,"template":"","format":"standard","meta":{"inline_featured_image":false,"ngg_post_thumbnail":0,"_EventAllDay":false,"_EventTimezone":"","_EventStartDate":"","_EventEndDate":"","_EventStartDateUTC":"","_EventEndDateUTC":"","_EventShowMap":false,"_EventShowMapLink":false,"_EventURL":"","_EventCost":"","_EventCostDescription":"","_EventCurrencySymbol":"","_EventCurrencyCode":"","_EventCurrencyPosition":"","_EventDateTimeSeparator":"","_EventTimeRangeSeparator":"","_EventOrganizerID":[],"_EventVenueID":[],"_OrganizerEmail":"","_OrganizerPhone":"","_OrganizerWebsite":"","_VenueAddress":"","_VenueCity":"","_VenueCountry":"","_VenueProvince":"","_VenueState":"","_VenueZip":"","_VenuePhone":"","_VenueURL":"","_VenueStateProvince":"","_VenueLat":"","_VenueLng":"","_VenueShowMap":false,"_VenueShowMapLink":false,"footnotes":""},"categories":[33],"tags":[],"class_list":["post-10665","post","type-post","status-publish","format-standard","has-post-thumbnail","hentry","category-news-fr"],"jetpack_featured_media_url":"https:\/\/awf.world\/wp-content\/uploads\/2012\/12\/16-01.jpg","_links":{"self":[{"href":"https:\/\/awf.world\/fr\/wp-json\/wp\/v2\/posts\/10665","targetHints":{"allow":["GET"]}}],"collection":[{"href":"https:\/\/awf.world\/fr\/wp-json\/wp\/v2\/posts"}],"about":[{"href":"https:\/\/awf.world\/fr\/wp-json\/wp\/v2\/types\/post"}],"author":[{"embeddable":true,"href":"https:\/\/awf.world\/fr\/wp-json\/wp\/v2\/users\/3"}],"replies":[{"embeddable":true,"href":"https:\/\/awf.world\/fr\/wp-json\/wp\/v2\/comments?post=10665"}],"version-history":[{"count":0,"href":"https:\/\/awf.world\/fr\/wp-json\/wp\/v2\/posts\/10665\/revisions"}],"wp:featuredmedia":[{"embeddable":true,"href":"https:\/\/awf.world\/fr\/wp-json\/wp\/v2\/media\/17765"}],"wp:attachment":[{"href":"https:\/\/awf.world\/fr\/wp-json\/wp\/v2\/media?parent=10665"}],"wp:term":[{"taxonomy":"category","embeddable":true,"href":"https:\/\/awf.world\/fr\/wp-json\/wp\/v2\/categories?post=10665"},{"taxonomy":"post_tag","embeddable":true,"href":"https:\/\/awf.world\/fr\/wp-json\/wp\/v2\/tags?post=10665"}],"curies":[{"name":"wp","href":"https:\/\/api.w.org\/{rel}","templated":true}]}}