{"id":10527,"date":"2015-03-12T14:56:31","date_gmt":"2015-03-12T19:56:31","guid":{"rendered":"http:\/\/awf.world\/lumiere-palissante-en-syrie\/"},"modified":"2018-03-26T09:50:34","modified_gmt":"2018-03-26T14:50:34","slug":"lumiere-palissante-en-syrie","status":"publish","type":"post","link":"https:\/\/awf.world\/fr\/lumiere-palissante-en-syrie\/","title":{"rendered":"Lumi\u00e8re p\u00e2lissante en Syrie"},"content":{"rendered":"<p><img loading=\"lazy\" decoding=\"async\" class=\" wp-image-10511 aligncenter\" src=\"http:\/\/awf.world\/wp-content\/uploads\/2015\/03\/SnapNDrag_1175-300x113.jpg\" alt=\"SnapNDrag_1175\" width=\"5\" height=\"2\" srcset=\"https:\/\/awf.world\/wp-content\/uploads\/2015\/03\/SnapNDrag_1175-300x113.jpg 300w, https:\/\/awf.world\/wp-content\/uploads\/2015\/03\/SnapNDrag_1175.jpg 865w\" sizes=\"auto, (max-width: 5px) 100vw, 5px\" \/>Les effets de la guerre en Syrie sont inimaginables. Pourtant, les photos publi\u00e9es par \u00ab\u00a0WithSyria\u00a0\u00bb peuvent aider \u00e0 comprendre \u00e0 quel point&nbsp;l&rsquo;obscurit\u00e9 a couvert le pays. \u00ab\u00a0Les photos prises par satellite montrent que,&nbsp;depuis le mois de mars 2011, 83 % des lumi\u00e8res en Syrie se sont \u00e9teintes. Des ann\u00e9es de conflits sanglants ont plong\u00e9 le peuple syrien dans l&rsquo;obscurit\u00e9.\u00a0\u00bb La situation \u00e0 Damas est relativement stable, mais consid\u00e9rons les faits suivants: En Syrie, 83 % des lumi\u00e8res sont \u00e9teintes, depuis le mois de mars 2011 &#8211; 97 % des lumi\u00e8res \u00e0 Aleppo &#8211; 96 % des lumi\u00e8res \u00e0 Raqqa &#8211; plus de 200.000 personnes tu\u00e9es, depuis 2011 &#8211; 10 millions de r\u00e9fugi\u00e9s ont abandonn\u00e9 leur maison &#8211; 3 millions d&rsquo;enfants \u00e0 l&rsquo;\u00e2ge scolaire ne fr\u00e9quentent plus l&rsquo;\u00e9cole. \u00ab\u00a0WithSyria\u00a0\u00bb, qui a publi\u00e9 ces photos sur l&rsquo;Internet, se pr\u00e9sente comme un mouvement de plus de 130 organisations et individus \u00e0 travers le monde qui, sans prendre parti, se d\u00e9clarent solidaires avec les victimes de la guerre. \u00c9tant nous-m\u00eames disciples de J\u00e9sus-Christ, nous partageons leur souci. \u00c9videmment, nous&nbsp;nous&nbsp;inqui\u00e9tons aussi de&nbsp;leur situation spirituelle. Tandisqu&rsquo;il fait de plus en plus sombre dans le pays, beaucoup de chr\u00e9tiens ont quitt\u00e9 la Syrie. Sans juger ceux qui ont quitt\u00e9, il faut savoir qu&rsquo;il y&nbsp;en a aussi qui sont rest\u00e9s. 16 \u00c9glises de l&rsquo;Alliance font tout leur possible pour faire briller leur&nbsp;lumi\u00e8re. Cela nous fait penser \u00e0 l&rsquo;\u00e9poque d&rsquo;Eli, d\u00e9crite dans le premier livre de Samuel. C&rsquo;\u00e9tait une \u00e9poque sombre, mais nous lisons: \u00ab\u00a0La lampe de Dieu n&rsquo;\u00e9tait pas encore \u00e9teinte\u00a0\u00bb (1 Sam. 3:3). Refusons de croire que Dieu ait abandonn\u00e9 les Syriens. Avec Son aide, m\u00eame la plus petite flamme peut devenir une grande lumi\u00e8re. Jetons de l&rsquo;huile sur le feu par nos pri\u00e8res et nos dons! (Les photos viennent du site Web du journal fran\u00e7ais \u00ab\u00a0Le Figaro\u00a0\u00bb, site Web \u00ab\u00a0WithSyria\u00a0\u00bb.<\/p>\n<p>&nbsp;<\/p>\n","protected":false},"excerpt":{"rendered":"<p>Les effets de la guerre en Syrie sont inimaginables. Pourtant, les photos publi\u00e9es par \u00ab\u00a0WithSyria\u00a0\u00bb peuvent aider \u00e0 comprendre \u00e0 quel point&nbsp;l&rsquo;obscurit\u00e9 a couvert le&hellip;<\/p>\n","protected":false},"author":3,"featured_media":0,"comment_status":"closed","ping_status":"closed","sticky":false,"template":"","format":"standard","meta":{"inline_featured_image":false,"ngg_post_thumbnail":0,"_EventAllDay":false,"_EventTimezone":"","_EventStartDate":"","_EventEndDate":"","_EventStartDateUTC":"","_EventEndDateUTC":"","_EventShowMap":false,"_EventShowMapLink":false,"_EventURL":"","_EventCost":"","_EventCostDescription":"","_EventCurrencySymbol":"","_EventCurrencyCode":"","_EventCurrencyPosition":"","_EventDateTimeSeparator":"","_EventTimeRangeSeparator":"","_EventOrganizerID":[],"_EventVenueID":[],"_OrganizerEmail":"","_OrganizerPhone":"","_OrganizerWebsite":"","_VenueAddress":"","_VenueCity":"","_VenueCountry":"","_VenueProvince":"","_VenueState":"","_VenueZip":"","_VenuePhone":"","_VenueURL":"","_VenueStateProvince":"","_VenueLat":"","_VenueLng":"","_VenueShowMap":false,"_VenueShowMapLink":false,"footnotes":""},"categories":[33],"tags":[],"class_list":["post-10527","post","type-post","status-publish","format-standard","hentry","category-news-fr"],"jetpack_featured_media_url":"","_links":{"self":[{"href":"https:\/\/awf.world\/fr\/wp-json\/wp\/v2\/posts\/10527","targetHints":{"allow":["GET"]}}],"collection":[{"href":"https:\/\/awf.world\/fr\/wp-json\/wp\/v2\/posts"}],"about":[{"href":"https:\/\/awf.world\/fr\/wp-json\/wp\/v2\/types\/post"}],"author":[{"embeddable":true,"href":"https:\/\/awf.world\/fr\/wp-json\/wp\/v2\/users\/3"}],"replies":[{"embeddable":true,"href":"https:\/\/awf.world\/fr\/wp-json\/wp\/v2\/comments?post=10527"}],"version-history":[{"count":0,"href":"https:\/\/awf.world\/fr\/wp-json\/wp\/v2\/posts\/10527\/revisions"}],"wp:attachment":[{"href":"https:\/\/awf.world\/fr\/wp-json\/wp\/v2\/media?parent=10527"}],"wp:term":[{"taxonomy":"category","embeddable":true,"href":"https:\/\/awf.world\/fr\/wp-json\/wp\/v2\/categories?post=10527"},{"taxonomy":"post_tag","embeddable":true,"href":"https:\/\/awf.world\/fr\/wp-json\/wp\/v2\/tags?post=10527"}],"curies":[{"name":"wp","href":"https:\/\/api.w.org\/{rel}","templated":true}]}}