{"id":47364,"date":"2026-08-14T15:51:17","date_gmt":"2026-08-14T18:51:17","guid":{"rendered":"https:\/\/awf.world\/?post_type=awf-news&#038;p=47364"},"modified":"2026-09-04T10:38:39","modified_gmt":"2026-09-04T13:38:39","slug":"connaissez-nguyen-huu-binh","status":"publish","type":"awf-news","link":"https:\/\/awf.world\/fr\/awf-news\/connaissez-nguyen-huu-binh\/","title":{"rendered":"Connaissez Nguy\u1ec5n H\u1eefu B\u00ecnh, le Nouveau Pr\u00e9sident de l\u2019Alliance du Vietnam (Sud)"},"content":{"rendered":"<p style=\"text-align: justify;\"><strong>Le parcours de Nguy\u1ec5n H\u1eefu B\u00ecnh, depuis son enfance dans un orphelinat protestant et ses d\u00e9cennies de minist\u00e8re pastoral jusqu\u2019\u00e0 sa nomination \u00e0 la pr\u00e9sidence de l\u2019\u00c9glise \u00c9vang\u00e9lique du Vietnam (Sud).<\/strong><\/p>\n<p>Pour Nguy\u1ec5n H\u1eefu B\u00ecnh, l\u2019appel \u00e0 servir Dieu a commenc\u00e9 alors qu\u2019il \u00e9tait encore adolescent et qu\u2019il grandissait \u00e0 l\u2019Orphelinat Protestant de Nha Trang. Plus de cinq d\u00e9cennies plus tard, apr\u00e8s des ann\u00e9es pass\u00e9es au service d\u2019une \u00e9glise locale, des \u00e9tudes de th\u00e9ologie et au service de l\u2019\u00e9glise nationale, il a \u00e9t\u00e9 \u00e9lu \u00e0 la t\u00eate de l\u2019une des plus grandes \u00e9glises de la famille mondiale de l\u2019Alliance. L\u2019\u00c9glise \u00c9vang\u00e9lique du Vietnam (Sud) compte plus de 1,2 million de membres, 3 600 \u00e9glises et 1 750 pasteurs ordonn\u00e9s.<\/p>\n<p>B\u00ecnh est n\u00e9 le 22 octobre 1952 dans la commune de Dien Phong, district de Dien Ban, province de Quang Nam, qui fait aujourd\u2019hui partie de la ville de Da Nang. \u00c0 l\u2019origine, sa famille pratiquait le culte des anc\u00eatres. En 1960, son p\u00e8re, Nguy\u1ec5n L\u1eeb, s\u2019est familiaris\u00e9 avec l\u2019\u00e9vangile et a conduit sa famille \u00e0 la foi en J\u00e9sus-Christ. Les deux parents de B\u00ecnh ont depuis rejoint le Seigneur.<\/p>\n<p>Peu apr\u00e8s que la famille se fut convertie, le p\u00e8re de B\u00ecnh tomba gravement malade et mourut. Sa m\u00e8re, Tr\u01b0\u01a1ng Th\u1ecb B\u00e1n, le confia \u00e0 l\u2019Orphelinat Protestant de Nha Trang, o\u00f9 il fut \u00e9lev\u00e9 dans l\u2019enseignement des \u00c9critures. C\u2019est l\u00e0 que B\u00ecnh commen\u00e7a \u00e0 percevoir l\u2019appel de Dieu au minist\u00e8re pastoral.<\/p>\n<p>\u00ab J\u2019ai pris conscience de l\u2019appel de Dieu sur ma vie pour le servir en tant que pasteur \u00bb, raconte-t-il.<\/p>\n<p>Apr\u00e8s avoir quitt\u00e9 l\u2019orphelinat, cependant, B\u00ecnh s\u2019est d\u00e9tourn\u00e9 de cet appel. Il ne souhaitait plus consacrer sa vie au minist\u00e8re pastoral.<\/p>\n<p>Cependant, au fil des ann\u00e9es, B\u00ecnh n\u2019a cess\u00e9 de m\u00e9diter sur l\u2019appel qu\u2019il avait per\u00e7u pour la premi\u00e8re fois \u00e0 l\u2019orphelinat. Avec le temps, il a renouvel\u00e9 son engagement envers le minist\u00e8re pastoral, a confi\u00e9 son avenir \u00e0 Dieu et s\u2019est pr\u00e9par\u00e9 \u00e0 une vie au service de l\u2019\u00e9glise. Ce retour allait fa\u00e7onner le reste de son existence.<\/p>\n<p>B\u00ecnh a commenc\u00e9 ses \u00e9tudes de th\u00e9ologie en 1973 dans le cadre du Programme de Recherche sur l\u2019\u00c9vangile de l\u2019Institut Biblique et Th\u00e9ologique. En 1975, il s\u2019est officiellement inscrit au S\u00e9minaire Th\u00e9ologique pour poursuivre sa formation pastorale.<\/p>\n<p>L\u2019\u00c9glise G\u00e9n\u00e9rale nomma alors B\u00ecnh au minist\u00e8re pastoral. Les ann\u00e9es qui suivirent furent marqu\u00e9es par un service assidu au sein des communaut\u00e9s locales.<\/p>\n<p>\u00c0 partir de 1982, il occupa le poste de pasteur par int\u00e9rim dans plusieurs \u00e9glises : l\u2019\u00c9glise de Gia Ray et celle de Phuoc Binh dans la province de Dong Nai, ainsi que l\u2019\u00c9glise de Chanh Hung et celle de Nguyen Tri Phuong \u00e0 H\u00f4 Chi Minh-Ville.<\/p>\n<p>Gr\u00e2ce \u00e0 ces missions, il a acquis de l\u2019exp\u00e9rience dans la pr\u00e9dication, la pastorale, la formation des disciples et la direction de la communaut\u00e9, tout en aidant chaque \u00e9glise \u00e0 assurer la continuit\u00e9 de son minist\u00e8re pendant une p\u00e9riode de transition.<\/p>\n<p>Le fait de servir des \u00e9glises tant en milieu provincial qu\u2019urbain a \u00e9largi l\u2019exp\u00e9rience pastorale de B\u00ecnh et approfondi sa compr\u00e9hension des besoins vari\u00e9s des communaut\u00e9s locales.<\/p>\n<p>Fin 1992, l\u2019\u00e9glise de Gia Dinh, situ\u00e9e dans le district de Phu Nhuan \u00e0 H\u00f4 Chi Minh-Ville, l\u2019a invit\u00e9 \u00e0 occuper le poste de pasteur adjoint. En 2005, il est devenu pasteur principal de l\u2019\u00e9glise de Gia Dinh.<\/p>\n<p>Tout en dirigeant la congr\u00e9gation, B\u00ecnh a poursuivi ses \u00e9tudes de th\u00e9ologie. En 2009, il a obtenu un Master au Singapore Bible College.<\/p>\n<p>\u00c0 cette \u00e9poque, son minist\u00e8re s\u2019\u00e9tait d\u00e9j\u00e0 \u00e9tendu au-del\u00e0 de sa congr\u00e9gation locale.<\/p>\n<p>Lors de la 45e Assembl\u00e9e G\u00e9n\u00e9rale de l\u2019\u00c9glise \u00c9vang\u00e9lique du Vietnam (Sud) en 2009, B\u00ecnh a \u00e9t\u00e9 \u00e9lu Tr\u00e9sorier G\u00e9n\u00e9ral du Comit\u00e9 Ex\u00e9cutif.<\/p>\n<p>Il s\u2019est \u00e9galement vu confier des responsabilit\u00e9s au sein du Comit\u00e9 de Construction et a \u00e9t\u00e9 nomm\u00e9 Directeur du D\u00e9partement de la Communication, le service officiel charg\u00e9 des m\u00e9dias et des publications de l\u2019\u00e9glise.<\/p>\n<p>En novembre 2013, lors de la 46e Assembl\u00e9e G\u00e9n\u00e9rale, il a \u00e9t\u00e9 \u00e9lu Deuxi\u00e8me Vice-Pr\u00e9sident, charg\u00e9 des Affaires Ext\u00e9rieures. Il a continu\u00e9 \u00e0 si\u00e9ger au Comit\u00e9 de Construction et au D\u00e9partement de la Communication. Lors de la 47e Assembl\u00e9e G\u00e9n\u00e9rale, en juillet 2017, B\u00ecnh a \u00e9t\u00e9 r\u00e9\u00e9lu pour un second mandat en tant que Deuxi\u00e8me Vice-Pr\u00e9sident et a continu\u00e9 \u00e0 diriger le D\u00e9partement de la Communication. Cinq ans plus tard, en juillet 2022, la 48e Assembl\u00e9e G\u00e9n\u00e9rale l\u2019a \u00e9lu Secr\u00e9taire G\u00e9n\u00e9ral, tout en lui confiant la responsabilit\u00e9 du D\u00e9partement de la Communication.<\/p>\n<p>Puis, en juillet 2026, lors de la 49e Assembl\u00e9e G\u00e9n\u00e9rale de l\u2019\u00c9glise \u00c9vang\u00e9lique du Vietnam (Sud), l\u2019\u00e9glise a confi\u00e9 \u00e0 B\u00ecnh la plus grande responsabilit\u00e9 de direction qu\u2019il ait jamais assum\u00e9e. Il a \u00e9t\u00e9 \u00e9lu Pr\u00e9sident de <span style=\"text-decoration: underline;\"><a href=\"https:\/\/awf.world\/fr\/country-description\/viet-nam-sud\/\" target=\"_blank\" rel=\"noopener\">l\u2019\u00c9glise \u00c9vang\u00e9lique du Vietnam (Sud)<\/a><\/span> pour le mandat 2026-2030.<\/p>\n<p>Pour cet homme qui a per\u00e7u l\u2019appel de Dieu d\u00e8s son adolescence, cette \u00e9lection marque une nouvelle \u00e9tape dans un parcours qui l\u2019a conduit \u00e0 exercer un minist\u00e8re au sein d\u2019\u00e9glises locales, \u00e0 suivre une formation th\u00e9ologique et \u00e0 se mettre au service de l\u2019\u00e9glise nationale pendant des d\u00e9cennies.<\/p>\n<p>B\u00ecnh entame d\u00e9sormais son mandat au sein d\u2019une \u00e9glise pr\u00e9sente dans tout le Vietnam.<\/p>\n<p>L\u2019histoire de l\u2019\u00e9vangile au Vietnam remonte \u00e0 1911. Aujourd\u2019hui, l\u2019\u00e9glise est au service des communaut\u00e9s \u00e0 travers tout le pays par le biais de congr\u00e9gations locales, de repr\u00e9sentants provinciaux, de pasteurs et de responsables la\u00efcs. Le nombre de ses \u00e9glises n\u2019a cess\u00e9 d\u2019augmenter \u00e0 mesure que l\u2019\u00e9vangile touche davantage de personnes dans tout le Vietnam. C\u2019est cette \u00e9glise que B\u00ecnh est d\u00e9sormais appel\u00e9 \u00e0 diriger.<\/p>\n<p>Alors qu\u2019il entame son mandat 2026-2030, B\u00ecnh a adopt\u00e9 les orientations strat\u00e9giques \u00e9tablies par l\u2019\u00c9glise G\u00e9n\u00e9rale.<\/p>\n<p>Au c\u0153ur de ces orientations se trouve un appel au renouveau spirituel par la pri\u00e8re, l\u2019\u00e9tude des \u00c9critures et l\u2019ob\u00e9issance \u00e0 la v\u00e9rit\u00e9 de Dieu.<\/p>\n<p>L\u2019\u00e9glise cherche \u00e9galement \u00e0 proclamer l\u2019\u00e9vangile aupr\u00e8s des groupes ethniques non atteints, \u00e0 renforcer et \u00e0 \u00e9tendre l\u2019\u00e9glise \u00e0 travers tout le Vietnam, et \u00e0 servir les communaut\u00e9s vietnamiennes partout dans le monde.<\/p>\n<p>Cette vision comprend le renforcement de l\u2019enseignement th\u00e9ologique et de la formation au minist\u00e8re, le d\u00e9veloppement de mod\u00e8les existants et nouveaux pour pr\u00e9parer les hommes et les femmes au service chr\u00e9tien, ainsi que la pr\u00e9servation de l\u2019ordre biblique, de la discipline et de l\u2019h\u00e9ritage spirituel de l\u2019\u00e9glise.<\/p>\n<p>L\u2019\u00e9glise cherche \u00e9galement \u00e0 assumer ses responsabilit\u00e9s par le biais de minist\u00e8res caritatifs et de services communautaires, et \u00e0 mettre en \u0153uvre les r\u00e9solutions adopt\u00e9es par les Assembl\u00e9es G\u00e9n\u00e9rales.<\/p>\n<p>La vision de B\u00ecnh inclut \u00e9galement le minist\u00e8re aupr\u00e8s des femmes et des jeunes.<\/p>\n<p>L\u2019\u00e9glise cherche \u00e0 encourager et \u00e0 \u00e9quiper les femmes chr\u00e9tiennes afin qu\u2019elles vivent selon la Parole de Dieu et servent au sein de leurs familles, de leurs \u00e9glises et de leurs communaut\u00e9s. Parall\u00e8lement, elle cherche \u00e0 renforcer la vie spirituelle des jeunes, en les guidant vers une vie centr\u00e9e sur Christ et en les pr\u00e9parant au service au sein de l\u2019\u00e9glise.<\/p>\n<p>Un autre volet de cette vision consiste \u00e0 poursuivre la production, la traduction et la publication d\u2019ouvrages chr\u00e9tiens, y compris dans les langues des minorit\u00e9s ethniques du Vietnam.<\/p>\n<p>Aujourd\u2019hui, alors qu\u2019il entame son mandat de pr\u00e9sident, B\u00ecnh demande \u00e0 la famille mondiale de l\u2019Alliance Chr\u00e9tienne et Missionnaire (CMA) de prier pour l\u2019\u00e9glise au Vietnam.<\/p>\n<p>\u00ab Nous demandons respectueusement aux pasteurs et aux \u00e9glises de toute la famille mondiale de l\u2019Alliance Chr\u00e9tienne et Missionnaire de se souvenir de l\u2019\u00e9glise du Vietnam dans leurs pri\u00e8res \u00bb, d\u00e9clare-t-il.<\/p>\n<p>Il invite la famille de l\u2019Alliance \u00e0 prier alors que l\u2019\u00e9glise s\u2019acquitte des responsabilit\u00e9s qui lui ont \u00e9t\u00e9 confi\u00e9es et cherche \u00e0 glorifier Dieu \u00e0 travers son minist\u00e8re.<\/p>\n<p>Que Dieu accorde \u00e0 Nguy\u1ec5n H\u1eefu B\u00ecnh et \u00e0 l\u2019\u00c9glise \u00c9vang\u00e9lique du Vietnam (Sud) la sagesse, la force, l\u2019unit\u00e9, la fid\u00e9lit\u00e9 et la gr\u00e2ce alors qu\u2019ils entament ce nouveau mandat.<\/p>\n","protected":false},"author":24,"featured_media":47362,"template":"","meta":{"inline_featured_image":false,"ngg_post_thumbnail":0,"_EventAllDay":false,"_EventTimezone":"","_EventStartDate":"","_EventEndDate":"","_EventStartDateUTC":"","_EventEndDateUTC":"","_EventShowMap":false,"_EventShowMapLink":false,"_EventURL":"","_EventCost":"","_EventCostDescription":"","_EventCurrencySymbol":"","_EventCurrencyCode":"","_EventCurrencyPosition":"","_EventDateTimeSeparator":"","_EventTimeRangeSeparator":"","_EventOrganizerID":[],"_EventVenueID":[],"_OrganizerEmail":"","_OrganizerPhone":"","_OrganizerWebsite":"","_VenueAddress":"","_VenueCity":"","_VenueCountry":"","_VenueProvince":"","_VenueState":"","_VenueZip":"","_VenuePhone":"","_VenueURL":"","_VenueStateProvince":"","_VenueLat":"","_VenueLng":"","_VenueShowMap":false,"_VenueShowMapLink":false},"categories":[150,33],"tags":[652],"class_list":["post-47364","awf-news","type-awf-news","status-publish","has-post-thumbnail","hentry","category-asia-pacific","category-news-fr","tag-asie-pacifique"],"_links":{"self":[{"href":"https:\/\/awf.world\/fr\/wp-json\/wp\/v2\/awf-news\/47364","targetHints":{"allow":["GET"]}}],"collection":[{"href":"https:\/\/awf.world\/fr\/wp-json\/wp\/v2\/awf-news"}],"about":[{"href":"https:\/\/awf.world\/fr\/wp-json\/wp\/v2\/types\/awf-news"}],"author":[{"embeddable":true,"href":"https:\/\/awf.world\/fr\/wp-json\/wp\/v2\/users\/24"}],"wp:featuredmedia":[{"embeddable":true,"href":"https:\/\/awf.world\/fr\/wp-json\/wp\/v2\/media\/47362"}],"wp:attachment":[{"href":"https:\/\/awf.world\/fr\/wp-json\/wp\/v2\/media?parent=47364"}],"wp:term":[{"taxonomy":"category","embeddable":true,"href":"https:\/\/awf.world\/fr\/wp-json\/wp\/v2\/categories?post=47364"},{"taxonomy":"post_tag","embeddable":true,"href":"https:\/\/awf.world\/fr\/wp-json\/wp\/v2\/tags?post=47364"}],"curies":[{"name":"wp","href":"https:\/\/api.w.org\/{rel}","templated":true}]}}