{"id":43805,"date":"2026-03-26T15:54:13","date_gmt":"2026-03-26T18:54:13","guid":{"rendered":"https:\/\/awf.world\/?post_type=awf-news&#038;p=43805"},"modified":"2026-03-24T16:11:11","modified_gmt":"2026-03-24T19:11:11","slug":"en-memoire-du-reverend-saint-bernard-manoumba","status":"publish","type":"awf-news","link":"https:\/\/awf.world\/fr\/awf-news\/en-memoire-du-reverend-saint-bernard-manoumba\/","title":{"rendered":"Vie et Minist\u00e8re du R\u00e9v\u00e9rend Saint Bernard Manoumba, Ancien Pr\u00e9sident de l\u2019\u00c9glise de l\u2019Alliance du Gabon"},"content":{"rendered":"<p style=\"text-align: justify;\"><strong>Le r\u00e9v\u00e9rend Saint Bernard Manoumba, ancien pr\u00e9sident de l\u2019\u00e9glise de l\u2019Alliance du Gabon, a exerc\u00e9 un minist\u00e8re pastoral et des fonctions de direction nationale pendant trois d\u00e9cennies. Sa vie a trac\u00e9 un chemin de foi, de service et de leadership au sein de la famille de l\u2019Alliance.<\/strong><\/p>\n<p>Le r\u00e9v\u00e9rend Saint Bernard Manoumba, ancien pr\u00e9sident de l\u2019\u00e9glise de l\u2019Alliance au Gabon, est d\u00e9c\u00e9d\u00e9 le 21 f\u00e9vrier 2026 au Centre Hospitalier Universitaire de Libreville. Il \u00e9tait \u00e2g\u00e9 de 66 ans.<\/p>\n<p>Pendant trois d\u00e9cennies, le r\u00e9v\u00e9rend Manoumba a servi l\u2019\u00e9glise \u00e0 travers le minist\u00e8re pastoral, la direction r\u00e9gionale et la gouvernance nationale. Sa vie a suivi un parcours allant du service dans l\u2019\u00e9glise locale \u00e0 la pr\u00e9sidence de l\u2019\u00e9glise nationale, puis au conseil des sages.<\/p>\n<p>Le r\u00e9v\u00e9rend Manoumba est n\u00e9 le 4 d\u00e9cembre 1959 \u00e0 Koula-Moutou, dans la province de l\u2019Ogoou\u00e9-Lolo au Gabon, de Michel Daniel Manoumba et Jeanne Mikangue.<\/p>\n<p>Jeune homme, il s\u2019est consacr\u00e9 au sport, en particulier au football. De 1983 \u00e0 1989, il a jou\u00e9 dans des \u00e9quipes \u00e0 Mounana et Moanda tout en travaillant pour des soci\u00e9t\u00e9s mini\u00e8res dans la r\u00e9gion.<\/p>\n<p>En 1985, il a pris une d\u00e9cision qui a chang\u00e9 la direction de sa vie. Le 17 septembre, il a donn\u00e9 sa vie \u00e0 J\u00e9sus-Christ, abandonnant des pratiques incompatibles avec sa foi. Plus tard cette m\u00eame ann\u00e9e, il a \u00e9t\u00e9 baptis\u00e9 dans l\u2019\u00e9glise de Mounana.<\/p>\n<p>Il a \u00e9crit par la suite dans son journal personnel que sa vie en Christ avait transform\u00e9 sa compr\u00e9hension du sens de la vie et de l\u2019appel.<\/p>\n<p>En 1990, il a \u00e9pous\u00e9 Am\u00e9lie Yvette Mpolo Mazetse \u00e0 Moanda. Ensemble, ils ont \u00e9lev\u00e9 quatre enfants et sont rest\u00e9s profond\u00e9ment li\u00e9s \u00e0 une grande famille \u00e9largie.<\/p>\n<p>Apr\u00e8s avoir servi comme diacre puis ancien dans l\u2019\u00e9glise de Moanda, les responsables de l\u2019\u00e9glise l\u2019ont encourag\u00e9 \u00e0 suivre une formation th\u00e9ologique. En 1991, il est entr\u00e9 \u00e0 l\u2019Institut Biblique Bethel de Libreville, o\u00f9 il a \u00e9tudi\u00e9 le minist\u00e8re pastoral et assur\u00e9 des stages d\u2019\u00e9glise tout au long de sa formation.<\/p>\n<p>Il a obtenu en 1996 un dipl\u00f4me de minist\u00e8re pastoral.<\/p>\n<p>Le r\u00e9v\u00e9rend Manoumba a commenc\u00e9 son minist\u00e8re pastoral \u00e0 l\u2019\u00e9glise de Gamba, o\u00f9 il a servi de 1996 \u00e0 2000.<\/p>\n<p>Le 7 novembre 1999, il a \u00e9t\u00e9 consacr\u00e9 au minist\u00e8re.<\/p>\n<p>Au cours des ann\u00e9es suivantes, il a servi des \u00e9glises et des r\u00e9gions \u00e0 travers tout le pays. Son minist\u00e8re a inclus un service pastoral \u00e0 Moanda, Balise 2, SUCAF, Sibang 3\/PK8 et Owendo Port. Il a \u00e9galement exerc\u00e9 comme surintendant r\u00e9gional dans le Haut-Ogoou\u00e9, l\u2019Ogoou\u00e9-Maritime et l\u2019Ogoou\u00e9-Lolo.<\/p>\n<p>Ces ann\u00e9es de minist\u00e8re l\u2019ont plac\u00e9 au service d\u2019\u00e9glises situ\u00e9es dans des villes, des communaut\u00e9s mini\u00e8res et des zones urbaines en pleine croissance.<\/p>\n<p>De 2004 \u00e0 2011, le r\u00e9v\u00e9rend Manoumba a \u00e9t\u00e9 pr\u00e9sident de<span style=\"text-decoration: underline;\"><a href=\"https:\/\/awf.world\/fr\/country-description\/gabon\/\" target=\"_blank\" rel=\"noopener\"> l\u2019\u00c9glise de l\u2019Alliance Chr\u00e9tienne et Missionnaire (CMA) du Gabon.<\/a><\/span><\/p>\n<p>\u00c0 l\u2019issue de ce mandat, il a continu\u00e9 \u00e0 servir l\u2019\u00e9glise nationale en tant que conseiller du Comit\u00e9 Ex\u00e9cutif National, puis au sein du conseil des sages. De 2021 \u00e0 2023, il a \u00e9t\u00e9 doyen du conseil, et de 2023 \u00e0 2025 vice-doyen.<\/p>\n<p>Dans chaque fonction, il est demeur\u00e9 proche des \u00e9glises locales tout en contribuant \u00e0 orienter la direction de l\u2019\u00e9glise nationale.<\/p>\n<p>Au cours de ses ann\u00e9es de service, le r\u00e9v\u00e9rend Manoumba a voyag\u00e9 dans plusieurs pays li\u00e9s \u00e0 la famille mondiale de l\u2019Alliance. Ces d\u00e9placements l\u2019ont conduit notamment en France, aux \u00c9tats-Unis et en Isra\u00ebl, permettant de relier l\u2019\u00e9glise du Gabon \u00e0 des croyants et des minist\u00e8res d\u2019autres r\u00e9gions du monde.<\/p>\n<p>Le r\u00e9v\u00e9rend Manoumba a consacr\u00e9 30 ann\u00e9es au minist\u00e8re pastoral et au leadership de l\u2019\u00e9glise. Son minist\u00e8re a commenc\u00e9 dans les \u00e9glises locales avant d\u2019englober par la suite des responsabilit\u00e9s nationales.<\/p>\n<p>R\u00e9fl\u00e9chissant \u00e0 sa vie en Christ, il \u00e9crivit un jour\u202f: \u00ab\u202fJe r\u00e9alise aujourd\u2019hui, dans mon union avec le Seigneur J\u00e9sus-Christ, que j\u2019h\u00e9rite du plan r\u00e9v\u00e9l\u00e9 dans la vision c\u00e9leste. Dieu m\u2019a tout donn\u00e9 en J\u00e9sus-Christ. Je me tiens dans le triomphe de Christ\u202f\u00bb.<\/p>\n<p>Le r\u00e9v\u00e9rend Manoumba laisse derri\u00e8re lui son \u00e9pouse, ses enfants, sa famille \u00e9largie ainsi que les \u00e9glises qu\u2019il a servies \u00e0 travers le Gabon. Sa vie a marqu\u00e9 un parcours de foi, de service et de leadership au sein de la famille de l\u2019Alliance.<\/p>\n","protected":false},"author":24,"featured_media":43803,"template":"","meta":{"inline_featured_image":false,"ngg_post_thumbnail":0,"_EventAllDay":false,"_EventTimezone":"","_EventStartDate":"","_EventEndDate":"","_EventStartDateUTC":"","_EventEndDateUTC":"","_EventShowMap":false,"_EventShowMapLink":false,"_EventURL":"","_EventCost":"","_EventCostDescription":"","_EventCurrencySymbol":"","_EventCurrencyCode":"","_EventCurrencyPosition":"","_EventDateTimeSeparator":"","_EventTimeRangeSeparator":"","_EventOrganizerID":[],"_EventVenueID":[],"_OrganizerEmail":"","_OrganizerPhone":"","_OrganizerWebsite":"","_VenueAddress":"","_VenueCity":"","_VenueCountry":"","_VenueProvince":"","_VenueState":"","_VenueZip":"","_VenuePhone":"","_VenueURL":"","_VenueStateProvince":"","_VenueLat":"","_VenueLng":"","_VenueShowMap":false,"_VenueShowMapLink":false},"categories":[284,33],"tags":[277,413],"class_list":["post-43805","awf-news","type-awf-news","status-publish","has-post-thumbnail","hentry","category-afrique","category-news-fr","tag-afrique","tag-gabon-fr"],"_links":{"self":[{"href":"https:\/\/awf.world\/fr\/wp-json\/wp\/v2\/awf-news\/43805","targetHints":{"allow":["GET"]}}],"collection":[{"href":"https:\/\/awf.world\/fr\/wp-json\/wp\/v2\/awf-news"}],"about":[{"href":"https:\/\/awf.world\/fr\/wp-json\/wp\/v2\/types\/awf-news"}],"author":[{"embeddable":true,"href":"https:\/\/awf.world\/fr\/wp-json\/wp\/v2\/users\/24"}],"wp:featuredmedia":[{"embeddable":true,"href":"https:\/\/awf.world\/fr\/wp-json\/wp\/v2\/media\/43803"}],"wp:attachment":[{"href":"https:\/\/awf.world\/fr\/wp-json\/wp\/v2\/media?parent=43805"}],"wp:term":[{"taxonomy":"category","embeddable":true,"href":"https:\/\/awf.world\/fr\/wp-json\/wp\/v2\/categories?post=43805"},{"taxonomy":"post_tag","embeddable":true,"href":"https:\/\/awf.world\/fr\/wp-json\/wp\/v2\/tags?post=43805"}],"curies":[{"name":"wp","href":"https:\/\/api.w.org\/{rel}","templated":true}]}}