{"id":43574,"date":"2026-03-11T14:36:13","date_gmt":"2026-03-11T17:36:13","guid":{"rendered":"https:\/\/awf.world\/?post_type=awf-news&#038;p=43574"},"modified":"2026-03-13T15:38:31","modified_gmt":"2026-03-13T18:38:31","slug":"les-eglises-en-syrie-reagissent-aux-deplacements","status":"publish","type":"awf-news","link":"https:\/\/awf.world\/fr\/awf-news\/les-eglises-en-syrie-reagissent-aux-deplacements\/","title":{"rendered":"Les \u00c9glises en Syrie R\u00e9agissent aux D\u00e9placements et aux Troubles avec Soin et Espoir"},"content":{"rendered":"<p style=\"text-align: justify;\"><strong>Alors que les combats reprennent et que les d\u00e9placements se poursuivent dans le nord de la Syrie, les \u00e9glises locales apportent aide, pri\u00e8res et soutien aux familles, tout en appelant l\u2019\u00e9glise mondiale \u00e0 se tenir \u00e0 leurs c\u00f4t\u00e9s.<\/strong><\/p>\n<p>En janvier dernier, des affrontements ont \u00e9clat\u00e9 \u00e0 Alep et se sont rapidement \u00e9tendus \u00e0 toutes les r\u00e9gions du nord, opposant les forces gouvernementales et les groupes kurdes. Les \u00e9glises de la r\u00e9gion signalent que les tensions restent vives et pourraient s\u2019intensifier \u00e0 tout moment. Dans le m\u00eame temps, un grand nombre de familles kurdes ont \u00e9t\u00e9 d\u00e9plac\u00e9es, en particulier \u00e0 Hassak\u00e9, Qamishli et Malikiyeh. Les responsables eccl\u00e9siastiques appellent l\u2019\u00e9glise mondiale \u00e0 prier avec ferveur pour ces familles d\u00e9plac\u00e9es et pour les congr\u00e9gations qui leur apportent fid\u00e8lement leur soutien dans l\u2019incertitude et les difficult\u00e9s.<\/p>\n<p>La r\u00e9cente transition politique a d\u2019abord suscit\u00e9 un espoir prudent. De nombreux Syriens ont salu\u00e9 ce changement, car il s\u2019est produit sans effusion de sang g\u00e9n\u00e9ralis\u00e9e et a fait na\u00eetre l\u2019espoir d\u2019une plus grande libert\u00e9, d\u2019une plus grande stabilit\u00e9 et d\u2019une reconstruction apr\u00e8s des ann\u00e9es de conflit.<\/p>\n<p>Cependant, les \u00e9v\u00e9nements qui ont suivi ont accru les inqui\u00e9tudes. Dans plusieurs r\u00e9gions, des v\u00e9hicules \u00e9quip\u00e9s de haut-parleurs ont sillonn\u00e9 les quartiers chr\u00e9tiens pour appeler \u00e0 la conversion religieuse et \u00e0 l\u2019adoption des pratiques islamiques. Dans le m\u00eame temps, le licenciement d\u2019un grand nombre de militaires, de policiers et de fonctionnaires a \u00e9t\u00e9 suivi d\u2019une augmentation des signalements de vols, de violences et de meurtres. Certains incidents semblaient \u00eatre des actes de vengeance, tandis que d\u2019autres refl\u00e9taient une d\u00e9gradation plus g\u00e9n\u00e9rale de l\u2019ordre public.<\/p>\n<p>La confiance de la population a encore diminu\u00e9 apr\u00e8s les \u00e9v\u00e9nements violents qui ont eu lieu dans les r\u00e9gions c\u00f4ti\u00e8res et m\u00e9ridionales et apr\u00e8s un attentat suicide dans une \u00e9glise. Pour de nombreuses communaut\u00e9s, ces incidents ont marqu\u00e9 un tournant dans la fa\u00e7on dont la transition est per\u00e7ue.<\/p>\n<p>Les responsables gouvernementaux ont r\u00e9affirm\u00e9 \u00e0 plusieurs reprises leur engagement \u00e0 prot\u00e9ger le culte chr\u00e9tien. Des forces de s\u00e9curit\u00e9 ont \u00e9t\u00e9 d\u00e9ploy\u00e9es pour garder les \u00e9glises pendant No\u00ebl et P\u00e2ques, et les autorit\u00e9s ont donn\u00e9 des assurances de protection lors de r\u00e9unions avec les responsables religieux. N\u00e9anmoins, la concentration du pouvoir au sein d\u2019un cercle restreint de dirigeants et l\u2019influence croissante des personnalit\u00e9s religieuses dans l\u2019administration civile et les structures de s\u00e9curit\u00e9 continuent de susciter des inqui\u00e9tudes.<\/p>\n<p>Ces d\u00e9veloppements sont source d\u2019angoisse pour les chr\u00e9tiens, les musulmans mod\u00e9r\u00e9s et d\u2019autres groupes minoritaires. De nombreuses familles consid\u00e8rent d\u00e9sormais l\u2019\u00e9migration comme leur seule option pour assurer leur s\u00e9curit\u00e9 et leur stabilit\u00e9 \u00e0 long terme.<\/p>\n<p>Malgr\u00e9 l\u2019incertitude, les \u00e9glises continuent d\u2019exercer leur minist\u00e8re. Les congr\u00e9gations du nord viennent en aide aux familles d\u00e9plac\u00e9es en r\u00e9pondant \u00e0 leurs besoins fondamentaux, en leur offrant des pri\u00e8res et en apportant un soutien pastoral \u00e0 ceux qui ont perdu leur maison ou leurs moyens de subsistance.<\/p>\n<p>\u00ab Notre peuple vit dans l\u2019incertitude au quotidien \u00bb, a d\u00e9clar\u00e9 un responsable religieux. \u00ab Mais l\u2019\u00e9glise est \u00e0 ses c\u00f4t\u00e9s, elle aide les familles et leur rappelle qu\u2019elles ne sont pas seules \u00bb.<\/p>\n<p>Les responsables d\u2019\u00e9glise soulignent \u00e9galement la n\u00e9cessit\u00e9 d\u2019une stabilit\u00e9 \u00e0 long terme fond\u00e9e sur la libert\u00e9 civile et religieuse, une large participation \u00e0 la gouvernance, des institutions responsables et des forces de s\u00e9curit\u00e9 au service de toute la nation.<\/p>\n<p>Pour l\u2019instant, l\u2019accent reste mis sur l\u2019aide aux personnes touch\u00e9es par les derniers d\u00e9placements et le renforcement de la foi des communaut\u00e9s confront\u00e9es \u00e0 un avenir incertain.<\/p>\n<p>Comme l\u2019a d\u00e9clar\u00e9 un pasteur : \u00ab Merci de prier pour nos \u00e9glises et pour les familles que nous servons. En ces temps difficiles, la pr\u00e9sence et les pri\u00e8res de l\u2019\u00e9glise mondiale nous donnent force et espoir \u00bb.<\/p>\n","protected":false},"author":24,"featured_media":43515,"template":"","meta":{"inline_featured_image":false,"ngg_post_thumbnail":0,"_EventAllDay":false,"_EventTimezone":"","_EventStartDate":"","_EventEndDate":"","_EventStartDateUTC":"","_EventEndDateUTC":"","_EventShowMap":false,"_EventShowMapLink":false,"_EventURL":"","_EventCost":"","_EventCostDescription":"","_EventCurrencySymbol":"","_EventCurrencyCode":"","_EventCurrencyPosition":"","_EventDateTimeSeparator":"","_EventTimeRangeSeparator":"","_EventOrganizerID":[],"_EventVenueID":[],"_OrganizerEmail":"","_OrganizerPhone":"","_OrganizerWebsite":"","_VenueAddress":"","_VenueCity":"","_VenueCountry":"","_VenueProvince":"","_VenueState":"","_VenueZip":"","_VenuePhone":"","_VenueURL":"","_VenueStateProvince":"","_VenueLat":"","_VenueLng":"","_VenueShowMap":false,"_VenueShowMapLink":false},"categories":[145,33],"tags":[690,773],"class_list":["post-43574","awf-news","type-awf-news","status-publish","has-post-thumbnail","hentry","category-europe-middle-east","category-news-fr","tag-europe-et-moyen-orient","tag-syrie"],"_links":{"self":[{"href":"https:\/\/awf.world\/fr\/wp-json\/wp\/v2\/awf-news\/43574","targetHints":{"allow":["GET"]}}],"collection":[{"href":"https:\/\/awf.world\/fr\/wp-json\/wp\/v2\/awf-news"}],"about":[{"href":"https:\/\/awf.world\/fr\/wp-json\/wp\/v2\/types\/awf-news"}],"author":[{"embeddable":true,"href":"https:\/\/awf.world\/fr\/wp-json\/wp\/v2\/users\/24"}],"wp:featuredmedia":[{"embeddable":true,"href":"https:\/\/awf.world\/fr\/wp-json\/wp\/v2\/media\/43515"}],"wp:attachment":[{"href":"https:\/\/awf.world\/fr\/wp-json\/wp\/v2\/media?parent=43574"}],"wp:term":[{"taxonomy":"category","embeddable":true,"href":"https:\/\/awf.world\/fr\/wp-json\/wp\/v2\/categories?post=43574"},{"taxonomy":"post_tag","embeddable":true,"href":"https:\/\/awf.world\/fr\/wp-json\/wp\/v2\/tags?post=43574"}],"curies":[{"name":"wp","href":"https:\/\/api.w.org\/{rel}","templated":true}]}}