{"id":43573,"date":"2026-03-07T14:07:53","date_gmt":"2026-03-07T17:07:53","guid":{"rendered":"https:\/\/awf.world\/?post_type=awf-news&#038;p=43573"},"modified":"2026-03-16T17:02:50","modified_gmt":"2026-03-16T20:02:50","slug":"connaissez-celso-nakamae","status":"publish","type":"awf-news","link":"https:\/\/awf.world\/fr\/awf-news\/connaissez-celso-nakamae\/","title":{"rendered":"Connaissez Celso Nakamae, le Nouveau Pr\u00e9sident de l\u2019Alliance du Br\u00e9sil"},"content":{"rendered":"<p style=\"text-align: justify;\"><strong>Le r\u00e9v\u00e9rend Celso Massayuki Nakamae, \u00e9lu pr\u00e9sident de l\u2019\u00c9glise de l\u2019Alliance Chr\u00e9tienne et Missionnaire au Br\u00e9sil, prend la t\u00eate d\u2019une nation aux racines spirituelles profondes, \u00e0 la pr\u00e9sence minist\u00e9rielle historique et \u00e0 l\u2019influence \u00e9vang\u00e9lique croissante.<\/strong><\/p>\n<p>Au c\u0153ur du Br\u00e9sil, un pays fa\u00e7onn\u00e9 par diverses expressions de la foi et une riche histoire spirituelle, un humble pasteur originaire de Mar\u00edlia, une petite ville de l\u2019int\u00e9rieur de l\u2019\u00c9tat de S\u00e3o Paulo, a \u00e9t\u00e9 choisi pour diriger son \u00e9glise nationale \u00e0 un moment charni\u00e8re de son histoire.<\/p>\n<p>Celso Nakamae a grandi en fr\u00e9quentant l\u2019\u00e9glise avec sa famille \u00e0 Mar\u00edlia, o\u00f9 les premi\u00e8res graines de la foi ont \u00e9t\u00e9 sem\u00e9es. \u00c0 l\u2019\u00e2ge de onze ans, apr\u00e8s la mort de son p\u00e8re, il a commenc\u00e9 \u00e0 comprendre la force d\u2019une vie ancr\u00e9e en Christ. \u00ab Ma foi est devenue personnelle \u00e0 l\u2019\u00e2ge de dix-sept ans \u00bb, dit-il, se souvenant du jour o\u00f9 il a choisi de suivre le Christ avec assurance.<\/p>\n<p>Apr\u00e8s avoir termin\u00e9 ses \u00e9tudes, son travail l\u2019a conduit au Japon pendant cinq ans, o\u00f9 il a d\u00e9couvert la famille d\u2019\u00e9glises de l\u2019Alliance Chr\u00e9tienne et Missionnaire (CMA). Cette p\u00e9riode \u00e0 l\u2019\u00e9tranger a contribu\u00e9 \u00e0 fa\u00e7onner son orientation future dans le minist\u00e8re.<\/p>\n<p>\u00c0 son retour au Br\u00e9sil, il s\u2019est inscrit au S\u00e9minaire Th\u00e9ologique de l\u2019Alliance (aujourd\u2019hui S\u00e9minaire Th\u00e9ologique A. W. Tozer) en juin 1997. Apr\u00e8s avoir obtenu son dipl\u00f4me en 2001, il a \u00e9t\u00e9 nomm\u00e9 pasteur d\u2019une \u00e9glise de l\u2019Alliance \u00e0 Bauru, une ville de la r\u00e9gion centre-ouest de l\u2019\u00c9tat de S\u00e3o Paulo, o\u00f9 il sert fid\u00e8lement depuis lors. En 2004, il a \u00e9pous\u00e9 Lilian Yumi Umetsu, et ensemble, ils \u00e9l\u00e8vent deux fils, Daniel et Nathan.<\/p>\n<p>Ses dons pastoraux l\u2019ont conduit \u00e0 occuper des fonctions de direction au niveau du district, et en 2024, il a accept\u00e9 le poste de vice-pr\u00e9sident de l\u2019\u00e9glise nationale. \u00c0 la fin du mandat de l\u2019ancien pr\u00e9sident, Celso a \u00e9t\u00e9 \u00e9lu pour lui succ\u00e9der, son mandat d\u00e9butant en janvier 2026 et se terminant en janvier 2028.<\/p>\n<p>Le Br\u00e9sil est un vaste pays de 213,4 millions d\u2019habitants, connu depuis longtemps pour son profond h\u00e9ritage religieux, o\u00f9 le catholicisme reste important et o\u00f9 la communaut\u00e9 protestante continue de cro\u00eetre. Les chr\u00e9tiens \u00e9vang\u00e9liques repr\u00e9sentent d\u00e9sormais une part importante des croyants dans tout le pays, refl\u00e9tant un paysage spirituel dans lequel l\u2019\u00e9vangile est de plus en plus visible, tant dans les centres urbains que dans les r\u00e9gions recul\u00e9es.<\/p>\n<p><span style=\"text-decoration: underline;\"><a href=\"https:\/\/awf.world\/fr\/country-description\/bresil\/\" target=\"_blank\" rel=\"noopener\">L\u2019Alliance Chr\u00e9tienne et Missionnaire Br\u00e9silienne (ACEMBRAS)<\/a><\/span> a sa propre histoire qui s\u2019\u00e9tend sur plusieurs d\u00e9cennies. Son travail a \u00e9t\u00e9 initi\u00e9 par une missionnaire japonaise qui a fond\u00e9 la premi\u00e8re \u00e9glise de l\u2019Alliance pr\u00e8s de Brasilia, la capitale nouvellement \u00e9tablie du pays \u00e0 l\u2019\u00e9poque. L\u2019arriv\u00e9e et la forte pr\u00e9sence de missionnaires am\u00e9ricains et canadiens ont ouvert la voie \u00e0 la cr\u00e9ation d\u2019autres \u00e9glises et \u00e0 l\u2019organisation officielle de l\u2019\u00e9glise nationale en 1978. Ces derni\u00e8res ann\u00e9es, l\u2019Alliance a continu\u00e9 \u00e0 \u00e9tendre son t\u00e9moignage par l\u2019implantation d\u2019\u00e9glises et un engagement plus profond dans les missions locales et mondiales.<\/p>\n<p>Interrog\u00e9 sur ses priorit\u00e9s en mati\u00e8re de leadership, Celso a r\u00e9pondu sans d\u00e9tour : il souhaite renforcer les congr\u00e9gations locales, encourager les pasteurs et approfondir la communion entre les \u00e9glises. \u00ab Moins d\u2019ind\u00e9pendance et plus de communion \u00bb, a-t-il d\u00e9clar\u00e9. Ces objectifs ne d\u00e9coulent pas d\u2019une volont\u00e9 administrative, mais d\u2019un c\u0153ur pastoral qui souhaite voir l\u2019\u00e9glise prosp\u00e9rer dans les nombreuses r\u00e9gions du Br\u00e9sil.<\/p>\n<p>Son leadership intervient \u00e0 un moment o\u00f9 les croyants de tout le pays r\u00e9fl\u00e9chissent \u00e0 la mani\u00e8re de partager fid\u00e8lement l\u2019\u00e9vangile dans un environnement spirituellement diversifi\u00e9, fa\u00e7onn\u00e9 par des si\u00e8cles de tradition catholique, un t\u00e9moignage \u00e9vang\u00e9lique florissant et une pluralit\u00e9 religieuse croissante.<\/p>\n<p>Le parcours qui a commenc\u00e9 dans une rue tranquille de Mar\u00edlia a maintenant conduit Celso \u00e0 la direction nationale de l\u2019\u00e9glise de l\u2019Alliance. Alors qu\u2019il entame ce nouveau chapitre, il nous demande de prier pour qu\u2019il ait la sagesse, le discernement et la force n\u00e9cessaires pour servir les pasteurs, les \u00e9glises et les communaut\u00e9s \u00e0 travers le Br\u00e9sil.<\/p>\n","protected":false},"author":24,"featured_media":43503,"template":"","meta":{"inline_featured_image":false,"ngg_post_thumbnail":0,"_EventAllDay":false,"_EventTimezone":"","_EventStartDate":"","_EventEndDate":"","_EventStartDateUTC":"","_EventEndDateUTC":"","_EventShowMap":false,"_EventShowMapLink":false,"_EventURL":"","_EventCost":"","_EventCostDescription":"","_EventCurrencySymbol":"","_EventCurrencyCode":"","_EventCurrencyPosition":"","_EventDateTimeSeparator":"","_EventTimeRangeSeparator":"","_EventOrganizerID":[],"_EventVenueID":[],"_OrganizerEmail":"","_OrganizerPhone":"","_OrganizerWebsite":"","_VenueAddress":"","_VenueCity":"","_VenueCountry":"","_VenueProvince":"","_VenueState":"","_VenueZip":"","_VenuePhone":"","_VenueURL":"","_VenueStateProvince":"","_VenueLat":"","_VenueLng":"","_VenueShowMap":false,"_VenueShowMapLink":false},"categories":[152,33],"tags":[208,354],"class_list":["post-43573","awf-news","type-awf-news","status-publish","has-post-thumbnail","hentry","category-latin-america-fr","category-news-fr","tag-amerique-latine","tag-bresil"],"_links":{"self":[{"href":"https:\/\/awf.world\/fr\/wp-json\/wp\/v2\/awf-news\/43573","targetHints":{"allow":["GET"]}}],"collection":[{"href":"https:\/\/awf.world\/fr\/wp-json\/wp\/v2\/awf-news"}],"about":[{"href":"https:\/\/awf.world\/fr\/wp-json\/wp\/v2\/types\/awf-news"}],"author":[{"embeddable":true,"href":"https:\/\/awf.world\/fr\/wp-json\/wp\/v2\/users\/24"}],"wp:featuredmedia":[{"embeddable":true,"href":"https:\/\/awf.world\/fr\/wp-json\/wp\/v2\/media\/43503"}],"wp:attachment":[{"href":"https:\/\/awf.world\/fr\/wp-json\/wp\/v2\/media?parent=43573"}],"wp:term":[{"taxonomy":"category","embeddable":true,"href":"https:\/\/awf.world\/fr\/wp-json\/wp\/v2\/categories?post=43573"},{"taxonomy":"post_tag","embeddable":true,"href":"https:\/\/awf.world\/fr\/wp-json\/wp\/v2\/tags?post=43573"}],"curies":[{"name":"wp","href":"https:\/\/api.w.org\/{rel}","templated":true}]}}