{"id":42808,"date":"2026-01-19T11:46:31","date_gmt":"2026-01-19T14:46:31","guid":{"rendered":"https:\/\/awf.world\/?post_type=awf-news&#038;p=42808"},"modified":"2026-01-19T12:09:48","modified_gmt":"2026-01-19T15:09:48","slug":"leaders-de-la-prochaine-generation","status":"publish","type":"awf-news","link":"https:\/\/awf.world\/fr\/awf-news\/leaders-de-la-prochaine-generation\/","title":{"rendered":"Les Leaders de la Prochaine G\u00e9n\u00e9ration se R\u00e9unissent pour Fa\u00e7onner l\u2019Avenir du Leadership de l\u2019\u00c9glise Mondiale"},"content":{"rendered":"<p style=\"text-align: justify;\"><strong>Des leaders du monde entier se sont r\u00e9unis en octobre 2025 pour explorer le leadership \u00e0 travers les g\u00e9n\u00e9rations et les cultures, en mettant l\u2019accent sur l\u2019\u00e9coute, la collaboration et la pr\u00e9paration de la prochaine g\u00e9n\u00e9ration \u00e0 servir l\u2019\u00e9glise mondiale.<\/strong><\/p>\n<p>Les leaders de l\u2019Alliance se sont r\u00e9unis \u00e0 Yamoussoukro, en C\u00f4te d\u2019Ivoire autour d\u2019une question commune : comment l\u2019\u00e9glise peut-elle pr\u00e9parer fid\u00e8lement la prochaine g\u00e9n\u00e9ration de dirigeants tout en honorant celles qui servent d\u00e9j\u00e0 ? Lors du rassemblement Quadriennal de l\u2019Union Mondiale de l\u2019Alliance (UMA) qui s\u2019est tenu plus t\u00f4t en octobre 2025, une s\u00e9rie d\u2019ateliers a permis d\u2019explorer cette question \u00e0 travers l\u2019\u00e9coute, les \u00c9critures et le partage d\u2019exp\u00e9riences.<\/p>\n<p>Organis\u00e9s du 8 au 12 octobre, les ateliers des Leaders de la Prochaine G\u00e9n\u00e9ration ont r\u00e9uni des dirigeants nationaux, des pasteurs et des voix \u00e9mergentes pour aborder la question du leadership \u00e0 travers les g\u00e9n\u00e9rations et les cultures. Plut\u00f4t que de proposer des formules ou des programmes, les sessions se sont concentr\u00e9es sur les relations, la confiance et l\u2019appel biblique \u00e0 \u00eatre au service les uns des autres au sein de la maison de Dieu.<\/p>\n<p><strong>Cr\u00e9er un Espace pour une Conversation Honn\u00eate<\/strong><\/p>\n<p>Les ateliers ont commenc\u00e9 par nommer des r\u00e9alit\u00e9s qui sont souvent pass\u00e9es sous silence. Les participants ont \u00e9t\u00e9 invit\u00e9s \u00e0 reconna\u00eetre les pr\u00e9jug\u00e9s qui existent entre les g\u00e9n\u00e9rations et \u00e0 r\u00e9fl\u00e9chir \u00e0 la mani\u00e8re dont ces pr\u00e9jug\u00e9s influencent le leadership, la communication et la prise de d\u00e9cision.<\/p>\n<p>Les leaders ont \u00e9t\u00e9 regroup\u00e9s par g\u00e9n\u00e9ration et ont eu le temps de parler ouvertement de leurs craintes, de leurs d\u00e9fis et de leurs points forts. Cette structure a permis \u00e0 chaque groupe d\u2019\u00eatre entendu sans interruption avant que la salle ne se r\u00e9unisse \u00e0 nouveau pour \u00e9couter toutes les g\u00e9n\u00e9rations.<\/p>\n<p>\u00ab L\u2019un des moments forts a \u00e9t\u00e9 de r\u00e9unir les diff\u00e9rentes g\u00e9n\u00e9rations dans la salle et de permettre \u00e0 chacune d\u2019exprimer ses opinions, ses craintes et ses points forts aux autres \u00bb, a d\u00e9clar\u00e9 Kim Chau. \u00ab Cela a r\u00e9v\u00e9l\u00e9 les malentendus et les pr\u00e9jug\u00e9s que chaque groupe avait les uns envers les autres. Nous avons termin\u00e9 en r\u00eavant ensemble \u00e0 l\u2019avenir, montrant que nous avons besoin de chaque g\u00e9n\u00e9ration, de chaque partie du corps du Christ \u00bb.<\/p>\n<p><strong>Diriger \u00e0 Tavers les Cultures et les G\u00e9n\u00e9rations<\/strong><\/p>\n<p>Pour de nombreuses \u00e9glises nationales, le leadership aujourd\u2019hui consiste \u00e0 naviguer dans les diff\u00e9rences g\u00e9n\u00e9rationnelles tout en servant dans des environnements multiculturels. En utilisant le mod\u00e8le de l\u2019Iceberg Culturel, les participants ont examin\u00e9 comment les valeurs sous-jacentes influencent le comportement, les attentes en leadership et les conflits.<\/p>\n<p>\u00c0 travers des \u00e9tudes de cas, notamment l\u2019histoire de l\u2019\u00e9glise de l\u2019Alliance Hmong Living Hope, les dirigeants ont r\u00e9fl\u00e9chi \u00e0 ce qui soutient le minist\u00e8re au fil du temps. La conversation a mis en \u00e9vidence l\u2019importance de cr\u00e9er des espaces intentionnels o\u00f9 les personnes d\u2019\u00e2ges et de cultures diff\u00e9rents ne sont pas simplement incluses, mais honor\u00e9es.<\/p>\n<p>\u00ab J\u2019ai \u00e9t\u00e9 frapp\u00e9e par les conversations profondes et les liens forts qui se sont nou\u00e9s en si peu de temps entre des personnes si diverses \u00bb, a d\u00e9clar\u00e9 Jessie Ritchey.<\/p>\n<p><strong>Perspectives pour l\u2019Ann\u00e9e 2040<\/strong><\/p>\n<p>La derni\u00e8re session a invit\u00e9 les participants \u00e0 r\u00e9fl\u00e9chir \u00e0 ce \u00e0 quoi pourrait ressembler le leadership dans les ann\u00e9es \u00e0 venir. L\u2019attention s\u2019est port\u00e9e sur les leaders qui font naturellement le pont entre les cultures et les g\u00e9n\u00e9rations, souvent fa\u00e7onn\u00e9s par des contextes et des exp\u00e9riences multiples.<\/p>\n<p>Plut\u00f4t que d\u2019envisager un mod\u00e8le unique de leadership, les participants ont r\u00e9fl\u00e9chi \u00e0 l\u2019image d\u2019une \u00e9glise mondiale compos\u00e9e de nombreuses voix travaillant ensemble en harmonie. La sagesse fa\u00e7onn\u00e9e par l\u2019exp\u00e9rience et l\u2019innovation fa\u00e7onn\u00e9e par de nouvelles perspectives n\u2019\u00e9taient pas consid\u00e9r\u00e9es comme des forces concurrentes, mais comme des dons compl\u00e9mentaires.<\/p>\n<p>\u00ab J\u2019ai \u00e9t\u00e9 touch\u00e9 par ce que Dieu fait dans le monde \u00e0 travers l\u2019Alliance \u00bb, a d\u00e9clar\u00e9 Jeff Amstutz, qui a assist\u00e9 \u00e0 son premier rassemblement mondial cette ann\u00e9e. \u00ab J\u2019ai appr\u00e9ci\u00e9 l\u2019atelier des Leaders de la Prochaine G\u00e9n\u00e9ration car il a regroup\u00e9 plusieurs g\u00e9n\u00e9rations et montr\u00e9 le travail intentionnel d\u00e9j\u00e0 en cours pour identifier et d\u00e9velopper les jeunes leaders. Ma pri\u00e8re est que les jeunes leaders trouvent une place au sein de l\u2019Alliance et de l\u2019\u00e9glise locale pour vivre leur appel \u00e0 servir \u00bb.<\/p>\n<p><strong>Courir Ensemble<\/strong><\/p>\n<p>L\u2019initiative des Leaders de la Prochaine G\u00e9n\u00e9ration ne se limite pas \u00e0 un seul \u00e9v\u00e9nement. Cela refl\u00e8te un engagement \u00e0 long terme \u00e0 b\u00e2tir un leadership marqu\u00e9 par l\u2019humilit\u00e9, la confiance et la mission partag\u00e9e. Alors que les participants retournaient dans leurs pays d\u2019origine, l\u2019objectif est rest\u00e9 clair : le leadership n\u2019est pas un t\u00e9moin pass\u00e9 isol\u00e9ment, mais une course courue c\u00f4te \u00e0 c\u00f4te.<\/p>\n<p>L\u2019avenir de l\u2019\u00e9glise mondiale ne sera pas fa\u00e7onn\u00e9 par une seule g\u00e9n\u00e9ration, mais par de nombreuses personnes servant ensemble dans la fid\u00e9lit\u00e9 \u00e0 l\u2019\u00e9vangile.<\/p>\n","protected":false},"author":24,"featured_media":42802,"template":"","meta":{"inline_featured_image":false,"ngg_post_thumbnail":0,"_EventAllDay":false,"_EventTimezone":"","_EventStartDate":"","_EventEndDate":"","_EventStartDateUTC":"","_EventEndDateUTC":"","_EventShowMap":false,"_EventShowMapLink":false,"_EventURL":"","_EventCost":"","_EventCostDescription":"","_EventCurrencySymbol":"","_EventCurrencyCode":"","_EventCurrencyPosition":"","_EventDateTimeSeparator":"","_EventTimeRangeSeparator":"","_EventOrganizerID":[],"_EventVenueID":[],"_OrganizerEmail":"","_OrganizerPhone":"","_OrganizerWebsite":"","_VenueAddress":"","_VenueCity":"","_VenueCountry":"","_VenueProvince":"","_VenueState":"","_VenueZip":"","_VenuePhone":"","_VenueURL":"","_VenueStateProvince":"","_VenueLat":"","_VenueLng":"","_VenueShowMap":false,"_VenueShowMapLink":false},"categories":[33],"tags":[382,988],"class_list":["post-42808","awf-news","type-awf-news","status-publish","has-post-thumbnail","hentry","category-news-fr","tag-convocation-quadriennale","tag-leaders-de-la-prochaine-generation"],"_links":{"self":[{"href":"https:\/\/awf.world\/fr\/wp-json\/wp\/v2\/awf-news\/42808","targetHints":{"allow":["GET"]}}],"collection":[{"href":"https:\/\/awf.world\/fr\/wp-json\/wp\/v2\/awf-news"}],"about":[{"href":"https:\/\/awf.world\/fr\/wp-json\/wp\/v2\/types\/awf-news"}],"author":[{"embeddable":true,"href":"https:\/\/awf.world\/fr\/wp-json\/wp\/v2\/users\/24"}],"wp:featuredmedia":[{"embeddable":true,"href":"https:\/\/awf.world\/fr\/wp-json\/wp\/v2\/media\/42802"}],"wp:attachment":[{"href":"https:\/\/awf.world\/fr\/wp-json\/wp\/v2\/media?parent=42808"}],"wp:term":[{"taxonomy":"category","embeddable":true,"href":"https:\/\/awf.world\/fr\/wp-json\/wp\/v2\/categories?post=42808"},{"taxonomy":"post_tag","embeddable":true,"href":"https:\/\/awf.world\/fr\/wp-json\/wp\/v2\/tags?post=42808"}],"curies":[{"name":"wp","href":"https:\/\/api.w.org\/{rel}","templated":true}]}}