{"id":42754,"date":"2026-01-14T19:45:56","date_gmt":"2026-01-14T22:45:56","guid":{"rendered":"https:\/\/awf.world\/?post_type=awf-news&#038;p=42754"},"modified":"2026-01-19T16:23:52","modified_gmt":"2026-01-19T19:23:52","slug":"celebrer-les-100-ans-de-lalliance-au-perou","status":"publish","type":"awf-news","link":"https:\/\/awf.world\/fr\/awf-news\/celebrer-les-100-ans-de-lalliance-au-perou\/","title":{"rendered":"Un H\u00e9ritage de Foi, de Service et de Mission : C\u00e9l\u00e9brer les 100 Ans de l\u2019Alliance au P\u00e9rou"},"content":{"rendered":"<p style=\"text-align: justify;\"><strong>De trois missionnaires arriv\u00e9s en 1925 \u00e0 420 congr\u00e9gations et 136 000 croyants aujourd\u2019hui, la CMA au P\u00e9rou c\u00e9l\u00e8bre un si\u00e8cle d\u2019\u00e9vang\u00e9lisation et de mission fructueuse. Aujourd\u2019hui, nos fr\u00e8res font des disciples de toutes les nations, envoyant 121 missionnaires, renouvel\u00e9s par l\u2019esp\u00e9rance de l\u2019\u00c9vangile Quadruple.<\/strong><\/p>\n<p>En mai 1925, trois missionnaires arriv\u00e8rent au P\u00e9rou avec un objectif clair. Raymond Clark, Clyde Taylor et Benjamin Barton ont foul\u00e9 le sol p\u00e9ruvien, convaincus que l\u2019\u00e9vangile pouvait s\u2019enraciner dans des endroits o\u00f9 l\u2019\u00e9glise n\u2019\u00e9tait pas encore implant\u00e9e. Leurs premiers efforts se d\u00e9roul\u00e8rent au sein de communaut\u00e9s qui allaient devenir le point de d\u00e9part d\u2019un mouvement perdure aujourd\u2019hui.<\/p>\n<p>Moins d\u2019un an plus tard, le 6 juin 1926, la premi\u00e8re \u00e9glise de <a href=\"https:\/\/awf.world\/fr\/country-description\/perou\/\" target=\"_blank\" rel=\"noopener\">l\u2019Alliance Chr\u00e9tienne et Missionnaire (CMA)<\/a> fut officiellement fond\u00e9e \u00e0 Hu\u00e1nuco. \u00c0 partir de cette congr\u00e9gation, l\u2019Alliance au P\u00e9rou entama une expansion r\u00e9guli\u00e8re, fa\u00e7onn\u00e9e par l\u2019implantation d\u2019\u00e9glises, la formation pastorale et l\u2019engagement missionnaire \u00e0 travers le pays.<\/p>\n<p>Cent ans plus tard, la CMA du P\u00e9rou se r\u00e9unit avec gratitude pour ce qui s\u2019est construit au fil du temps. Le centenaire a \u00e9t\u00e9 c\u00e9l\u00e9br\u00e9 tout au long de l\u2019ann\u00e9e 2025 avec trois c\u00e9l\u00e9brations principales, chacune li\u00e9e \u00e0 un moment d\u00e9terminant de l\u2019histoire de l\u2019\u00e9glise.<\/p>\n<p>La premi\u00e8re c\u00e9l\u00e9bration a eu lieu en mai \u00e0 Cahuapanas, une communaut\u00e9 de l\u2019Amazonie p\u00e9ruvienne o\u00f9 les premiers travaux missionnaires ont commenc\u00e9. Pour de nombreux participants, le retour dans cette r\u00e9gion a \u00e9t\u00e9 l\u2019occasion de se rappeler les sacrifices consentis par ceux qui ont travaill\u00e9 dans des conditions difficiles pour \u00e9tablir l\u2019\u00e9glise.<\/p>\n<p>En juin, des dirigeants et des congr\u00e9gations se sont rassembl\u00e9s \u00e0 Hu\u00e1nuco, la ville o\u00f9 la premi\u00e8re \u00e9glise de l\u2019Alliance a \u00e9t\u00e9 fond\u00e9e. L\u00e0, les pasteurs et les membres se sont souvenus de la fa\u00e7on dont les congr\u00e9gations locales se sont d\u00e9velopp\u00e9es et multipli\u00e9es, devenant des centres de culte, de formation de disciples et de service.<\/p>\n<p>Le centenaire s\u2019est achev\u00e9 le 1er novembre \u00e0 Lima, \u00e0 l\u2019\u00e9glise Pueblo Libre, l\u2019une des congr\u00e9gations de l\u2019Alliance les plus reconnues du pays. Des repr\u00e9sentants de tout le P\u00e9rou se sont joints aux invit\u00e9s internationaux venus d\u2019Am\u00e9rique latine, des \u00c9tats-Unis et du Canada, refl\u00e9tant ainsi la fraternit\u00e9 mondiale qui a accompagn\u00e9 l\u2019\u00e9glise p\u00e9ruvienne tout au long de son histoire.<\/p>\n<p>Aujourd\u2019hui, l\u2019Alliance au P\u00e9rou compte 420 congr\u00e9gations dans tout le pays, avec plus de 136 000 membres, et a envoy\u00e9 121 missionnaires servir au-del\u00e0 de ses fronti\u00e8res. Des initiatives nationales continuent de fa\u00e7onner le t\u00e9moignage de l\u2019\u00e9glise, notamment un programme de formation pastorale de trois ans pour les jeunes leaders, un s\u00e9minaire biblique et th\u00e9ologique national de l\u2019Alliance desservant dix r\u00e9gions, et un programme de don de sang volontaire qui a fourni plus de 14 000 unit\u00e9s de sang depuis 2018, b\u00e9n\u00e9ficiant \u00e0 plus de 42 000 patients.<\/p>\n<p>Au cours des c\u00e9l\u00e9brations, les pasteurs ayant plus de 35 ans de minist\u00e8re ont \u00e9t\u00e9 r\u00e9compens\u00e9s pour leur service. Des messages de dirigeants r\u00e9gionaux et mondiaux ont \u00e9galement \u00e9t\u00e9 partag\u00e9s, notamment des salutations des dirigeants de l\u2019Alliance en Argentine et du r\u00e9v\u00e9rend Donald Scarrow, qui a servi comme missionnaire au P\u00e9rou pendant plus de quatre d\u00e9cennies.<\/p>\n<p>En r\u00e9fl\u00e9chissant au centenaire, le r\u00e9v\u00e9rend \u00c1ngel Barrientos, pr\u00e9sident de l\u2019Alliance du P\u00e9rou, a d\u00e9clar\u00e9 : \u00ab Notre \u00e9glise comm\u00e9more les cent ans de sa fondation au P\u00e9rou, et nous nous mettons au d\u00e9fi de r\u00e9affirmer notre identit\u00e9 au sein de l\u2019Alliance, en nous rappelant que le message de l\u2019\u00c9vangile Quadruple continue d\u2019\u00eatre une source d\u2019espoir et de transformation, v\u00e9cu au quotidien et fa\u00e7onnant la soci\u00e9t\u00e9 \u00bb.<\/p>\n<p>Au cours des c\u00e9l\u00e9brations pr\u00e9c\u00e9dentes, des voix au sein de l\u2019\u00e9glise p\u00e9ruvienne ont rappel\u00e9 le co\u00fbt de cet h\u00e9ritage. Le r\u00e9v\u00e9rend Wilson Ch\u00e1vez a d\u00e9clar\u00e9 : \u00ab Nous sommes ceux qui ont vu la terre \u00eatre pr\u00e9par\u00e9e \u00e0 travers la souffrance. Ici, l\u00e0 o\u00f9 l\u2019Alliance est n\u00e9e, un prix \u00e9lev\u00e9 a \u00e9t\u00e9 pay\u00e9. Nous r\u00e9coltons ce que d\u2019autres ont sem\u00e9 \u00bb.<\/p>\n<p>Alors que l\u2019ann\u00e9e du centenaire touche \u00e0 sa fin, les dirigeants soulignent que le souvenir n\u2019est pas un point final. L\u2019\u00e9glise a d\u00e9fini ses priorit\u00e9s pour les ann\u00e9es \u00e0 venir : l\u2019\u00e9vang\u00e9lisation et la formation de disciples, la formation de nouveaux pasteurs et dirigeants, et le minist\u00e8re aupr\u00e8s des enfants et des familles. Depuis ses d\u00e9buts en 1925 jusqu\u2019\u00e0 sa mission actuelle, la CMA du P\u00e9rou continue de servir avec la m\u00eame conviction qui a fa\u00e7onn\u00e9 ses premiers pas.<\/p>\n","protected":false},"author":24,"featured_media":42751,"template":"","meta":{"inline_featured_image":false,"ngg_post_thumbnail":0,"_EventAllDay":false,"_EventTimezone":"","_EventStartDate":"","_EventEndDate":"","_EventStartDateUTC":"","_EventEndDateUTC":"","_EventShowMap":false,"_EventShowMapLink":false,"_EventURL":"","_EventCost":"","_EventCostDescription":"","_EventCurrencySymbol":"","_EventCurrencyCode":"","_EventCurrencyPosition":"","_EventDateTimeSeparator":"","_EventTimeRangeSeparator":"","_EventOrganizerID":[],"_EventVenueID":[],"_OrganizerEmail":"","_OrganizerPhone":"","_OrganizerWebsite":"","_VenueAddress":"","_VenueCity":"","_VenueCountry":"","_VenueProvince":"","_VenueState":"","_VenueZip":"","_VenuePhone":"","_VenueURL":"","_VenueStateProvince":"","_VenueLat":"","_VenueLng":"","_VenueShowMap":false,"_VenueShowMapLink":false},"categories":[152,33],"tags":[208,361],"class_list":["post-42754","awf-news","type-awf-news","status-publish","has-post-thumbnail","hentry","category-latin-america-fr","category-news-fr","tag-amerique-latine","tag-perou"],"_links":{"self":[{"href":"https:\/\/awf.world\/fr\/wp-json\/wp\/v2\/awf-news\/42754","targetHints":{"allow":["GET"]}}],"collection":[{"href":"https:\/\/awf.world\/fr\/wp-json\/wp\/v2\/awf-news"}],"about":[{"href":"https:\/\/awf.world\/fr\/wp-json\/wp\/v2\/types\/awf-news"}],"author":[{"embeddable":true,"href":"https:\/\/awf.world\/fr\/wp-json\/wp\/v2\/users\/24"}],"wp:featuredmedia":[{"embeddable":true,"href":"https:\/\/awf.world\/fr\/wp-json\/wp\/v2\/media\/42751"}],"wp:attachment":[{"href":"https:\/\/awf.world\/fr\/wp-json\/wp\/v2\/media?parent=42754"}],"wp:term":[{"taxonomy":"category","embeddable":true,"href":"https:\/\/awf.world\/fr\/wp-json\/wp\/v2\/categories?post=42754"},{"taxonomy":"post_tag","embeddable":true,"href":"https:\/\/awf.world\/fr\/wp-json\/wp\/v2\/tags?post=42754"}],"curies":[{"name":"wp","href":"https:\/\/api.w.org\/{rel}","templated":true}]}}