{"id":42747,"date":"2026-01-14T16:54:48","date_gmt":"2026-01-14T19:54:48","guid":{"rendered":"https:\/\/awf.world\/?post_type=awf-news&#038;p=42747"},"modified":"2026-01-14T19:19:15","modified_gmt":"2026-01-14T22:19:15","slug":"seminaires-de-lalliance-en-amerique-latine","status":"publish","type":"awf-news","link":"https:\/\/awf.world\/fr\/awf-news\/seminaires-de-lalliance-en-amerique-latine\/","title":{"rendered":"Les S\u00e9minaires de l\u2019Alliance en Am\u00e9rique latine Font Progresser l\u2019Education Th\u00e9ologique par la Coop\u00e9ration"},"content":{"rendered":"<p style=\"text-align: justify;\"><strong>Les s\u00e9minaires de l\u2019Alliance en Am\u00e9rique latine renforcent l\u2019\u00e9ducation th\u00e9ologique gr\u00e2ce \u00e0 la coop\u00e9ration, \u00e0 la certification partag\u00e9e et \u00e0 un nouveau consortium.<\/strong><\/p>\n<p>Pendant des d\u00e9cennies, l\u2019\u00e9ducation th\u00e9ologique en Am\u00e9rique latine s\u2019est principalement d\u00e9velopp\u00e9 \u00e0 travers des institutions individuelles au service de leurs \u00e9glises locales. Au fil du temps, les changements sociaux, \u00e9ducatifs et eccl\u00e9siaux ont clairement montr\u00e9 que les mod\u00e8les isol\u00e9s ne r\u00e9pondaient plus aux besoins de la formation pastorale ou de la mission. En r\u00e9ponse \u00e0 cela, la coop\u00e9ration est apparue comme une voie commune \u00e0 suivre.<\/p>\n<p>Dans toute l\u2019\u00e9glise mondiale, les s\u00e9minaires passent de structures ind\u00e9pendantes \u00e0 des r\u00e9seaux fond\u00e9s sur des partenariats acad\u00e9miques, des normes communes et des programmes conjoints. Ces mod\u00e8les permettent aux institutions de travailler ensemble sans perdre leur identit\u00e9 confessionnelle. La coop\u00e9ration ne vise pas l\u2019uniformit\u00e9, mais le renforcement mutuel.<\/p>\n<p>Dans le contexte \u00e9vang\u00e9lique, cette coop\u00e9ration a pris une forme concr\u00e8te. Les s\u00e9minaires d\u00e9veloppent d\u00e9sormais des programmes acad\u00e9miques communs, reconnaissent et transf\u00e8rent des cr\u00e9dits, \u00e9changent des enseignants et collaborent dans les processus de certification et d\u2019assurance qualit\u00e9. Ces efforts aident les s\u00e9minaires \u00e0 utiliser leurs ressources judicieusement tout en r\u00e9pondant aux besoins des \u00e9glises et des organisations chr\u00e9tiennes.<\/p>\n<p>Une autre \u00e9volution est le renforcement des liens entre les s\u00e9minaires, les \u00e9glises et les agences missionnaires. Cette relation permet \u00e0 l\u2019\u00e9ducation th\u00e9ologique de rester ancr\u00e9e dans le minist\u00e8re et la mission, garantissant ainsi que les programmes acad\u00e9miques restent en phase avec la pratique pastorale et les r\u00e9alit\u00e9s locales.<\/p>\n<p>Une expression cl\u00e9 de ce mouvement est la coop\u00e9ration entre les institutions du Sud. Les s\u00e9minaires d\u2019Am\u00e9rique latine, d\u2019Afrique et d\u2019Asie travaillent ensemble pour \u00e9laborer des programmes d\u2019\u00e9tudes contextualis\u00e9s, produire des ressources communes et former des enseignants. Cette approche renforce la r\u00e9flexion th\u00e9ologique fa\u00e7onn\u00e9e par les contextes locaux et r\u00e9duit la d\u00e9pendance \u00e0 l\u2019\u00e9gard des mod\u00e8les externes.<\/p>\n<p>La technologie a \u00e9galement ouvert de nouvelles voies de coop\u00e9ration. Les plateformes num\u00e9riques partag\u00e9es, les programmes hybrides et les formations modulaires ont rendu l\u2019\u00e9ducation th\u00e9ologique plus accessible. Les micro-certifications et les certifications conjointes permettent d\u00e9sormais aux \u00e9tudiants de suivre des parcours d\u2019apprentissage flexibles qui sont reconnus par l\u2019ensemble des r\u00e9seaux institutionnels.<\/p>\n<p>Dans ce contexte plus large, les Instituts Th\u00e9ologiques de l\u2019Alliance d\u2019Am\u00e9rique Latine (ITAAL) font progresser une initiative strat\u00e9gique : la cr\u00e9ation d\u2019un Consortium des S\u00e9minaires de l\u2019Alliance. L\u2019objectif est de renforcer la pertinence minist\u00e9rielle, la qualit\u00e9 acad\u00e9mique et la durabilit\u00e9 institutionnelle.<\/p>\n<p>Sept s\u00e9minaires participent actuellement \u00e0 cet effort collaboratif, dont deux institutions ayant plus de 100 ans d\u2019histoire. La participation au consortium n\u00e9cessite une Certification Eccl\u00e9siastique, un processus d\u00e9j\u00e0 en cours.<\/p>\n<p>Un s\u00e9minaire, le S\u00e9minaire Th\u00e9ologique Alliance de Temuco, au Chili, a termin\u00e9 son auto-\u00e9valuation et son entretien institutionnel et a re\u00e7u une \u00e9valuation tr\u00e8s favorable. Il s\u2019agit du premier \u00e9tablissement \u00e0 obtenir la Certification Eccl\u00e9siastique d\u00e9livr\u00e9e par l\u2019Alliance Chr\u00e9tienne et Missionnaire. Les autres s\u00e9minaires poursuivront le processus de certification tout au long de l\u2019ann\u00e9e 2026.<\/p>\n<p>Alors que l\u2019\u00e9ducation th\u00e9ologique en Am\u00e9rique latine est confront\u00e9e \u00e0 des d\u00e9fis permanents, la coop\u00e9ration n\u2019est plus une option. Il s\u2019agit d\u2019un engagement commun \u00e0 servir l\u2019\u00e9glise, \u00e0 soutenir la mission et \u00e0 pr\u00e9parer des leaders pour un minist\u00e8re fid\u00e8le \u00e0 travers les r\u00e9gions et les g\u00e9n\u00e9rations.<\/p>\n<p>D\u2019autres informations sur cette collaboration seront communiqu\u00e9es au fur et \u00e0 mesure que les s\u00e9minaires de l\u2019Alliance continueront \u00e0 travailler ensemble pour renforcer l\u2019\u00e9ducation th\u00e9ologique en Am\u00e9rique latine.<\/p>\n","protected":false},"author":24,"featured_media":42744,"template":"","meta":{"inline_featured_image":false,"ngg_post_thumbnail":0,"_EventAllDay":false,"_EventTimezone":"","_EventStartDate":"","_EventEndDate":"","_EventStartDateUTC":"","_EventEndDateUTC":"","_EventShowMap":false,"_EventShowMapLink":false,"_EventURL":"","_EventCost":"","_EventCostDescription":"","_EventCurrencySymbol":"","_EventCurrencyCode":"","_EventCurrencyPosition":"","_EventDateTimeSeparator":"","_EventTimeRangeSeparator":"","_EventOrganizerID":[],"_EventVenueID":[],"_OrganizerEmail":"","_OrganizerPhone":"","_OrganizerWebsite":"","_VenueAddress":"","_VenueCity":"","_VenueCountry":"","_VenueProvince":"","_VenueState":"","_VenueZip":"","_VenuePhone":"","_VenueURL":"","_VenueStateProvince":"","_VenueLat":"","_VenueLng":"","_VenueShowMap":false,"_VenueShowMapLink":false},"categories":[853,33],"tags":[208,229],"class_list":["post-42747","awf-news","type-awf-news","status-publish","has-post-thumbnail","hentry","category-education-theologique","category-news-fr","tag-amerique-latine","tag-education-theologique"],"_links":{"self":[{"href":"https:\/\/awf.world\/fr\/wp-json\/wp\/v2\/awf-news\/42747","targetHints":{"allow":["GET"]}}],"collection":[{"href":"https:\/\/awf.world\/fr\/wp-json\/wp\/v2\/awf-news"}],"about":[{"href":"https:\/\/awf.world\/fr\/wp-json\/wp\/v2\/types\/awf-news"}],"author":[{"embeddable":true,"href":"https:\/\/awf.world\/fr\/wp-json\/wp\/v2\/users\/24"}],"wp:featuredmedia":[{"embeddable":true,"href":"https:\/\/awf.world\/fr\/wp-json\/wp\/v2\/media\/42744"}],"wp:attachment":[{"href":"https:\/\/awf.world\/fr\/wp-json\/wp\/v2\/media?parent=42747"}],"wp:term":[{"taxonomy":"category","embeddable":true,"href":"https:\/\/awf.world\/fr\/wp-json\/wp\/v2\/categories?post=42747"},{"taxonomy":"post_tag","embeddable":true,"href":"https:\/\/awf.world\/fr\/wp-json\/wp\/v2\/tags?post=42747"}],"curies":[{"name":"wp","href":"https:\/\/api.w.org\/{rel}","templated":true}]}}