{"id":42327,"date":"2025-12-10T20:59:04","date_gmt":"2025-12-10T23:59:04","guid":{"rendered":"https:\/\/awf.world\/?post_type=awf-news&#038;p=42327"},"modified":"2026-01-05T18:00:25","modified_gmt":"2026-01-05T21:00:25","slug":"connaissez-claude-pepin-bouyoba","status":"publish","type":"awf-news","link":"https:\/\/awf.world\/fr\/awf-news\/connaissez-claude-pepin-bouyoba\/","title":{"rendered":"Connaissez Claude P\u00e9pin Bouyoba, le Nouveau Pr\u00e9sident de l\u2019Alliance du Congo-Brazzaville"},"content":{"rendered":"<p style=\"text-align: justify;\"><strong>Le r\u00e9v\u00e9rend Claude P\u00e9pin Bouyoba Loembe a \u00e9t\u00e9 \u00e9lu pr\u00e9sident de la CMA du Congo-Brazzaville. D\u00e9couvrez son histoire, son parcours minist\u00e9riel et sa vision pour l\u2019\u00e9glise nationale au sein de la famille de l\u2019Alliance mondiale.<\/strong><\/p>\n<p>L\u2019Union Mondiale de l\u2019Alliance (UMA) a le plaisir de pr\u00e9senter le r\u00e9v\u00e9rend Claude P\u00e9pin Bouyoba Loembe, nouveau pr\u00e9sident de l\u2019<span style=\"text-decoration: underline;\"><a href=\"https:\/\/awf.world\/fr\/country-description\/congo-brazzaville\/\" target=\"_blank\" rel=\"noopener\">\u00c9glise de l\u2019Alliance Chr\u00e9tienne et Missionnaire du Congo-Brazzaville (EACMC)<\/a><\/span>. \u00c9lu lors de la 10e Assembl\u00e9e G\u00e9n\u00e9rale de la d\u00e9nomination en septembre 2025 et officiellement install\u00e9 le 9 novembre, le R\u00e9v. Bouyoba assume un r\u00f4le de leadership strat\u00e9gique \u00e0 un moment charni\u00e8re de croissance et de progression de la mission pour l\u2019\u00e9glise au Congo-Brazzaville.<\/p>\n<p>En tant que pr\u00e9sident de l\u2019\u00e9glise nationale, le r\u00e9v\u00e9rend Bouyoba vise \u00e0 guider l\u2019\u00e9glise vers une saison de mission renouvel\u00e9e et de vitalit\u00e9 spirituelle. Sa vision comprend :<\/p>\n<ul>\n<li>Conduire les croyants vers une cons\u00e9cration plus profonde et un engagement holistique envers Christ.<\/li>\n<li>Renforcer l\u2019identit\u00e9 missionnaire de l\u2019\u00e9glise nationale.<\/li>\n<li>Encourager la croissance spirituelle et num\u00e9rique.<\/li>\n<li>\u0152uvrer pour une culture de discipulat, de saintet\u00e9 et de service.<\/li>\n<li>\u00c9largir la port\u00e9e de l\u2019\u00e9glise au Congo-Brazzaville et au-del\u00e0.<\/li>\n<\/ul>\n<p>Son leadership vise \u00e0 aligner l\u2019\u00e9glise nationale avec la mission mondiale de l\u2019Union Mondiale de l\u2019Alliance (UMA), encourageant l\u2019unit\u00e9 et l\u2019impact de l\u2019\u00e9vangile \u00e0 travers les r\u00e9gions du pays.<\/p>\n<p>Son leadership est reconnu pour sa pers\u00e9v\u00e9rance, sa foi profonde et son c\u0153ur pour la mission holistique, des qualit\u00e9s qui fa\u00e7onnent d\u00e9sormais ses nouvelles responsabilit\u00e9s en tant que pr\u00e9sident national de l\u2019\u00e9glise.<\/p>\n<p>N\u00e9 le 20 f\u00e9vrier 1968 \u00e0 Pointe-Noire, R\u00e9publique du Congo, Claude P\u00e9pin Bouyoba Loembe a grandi dans une famille chr\u00e9tienne de neuf enfants, le cinqui\u00e8me dans l\u2019ordre de naissance. Il a pass\u00e9 ses premi\u00e8res ann\u00e9es \u00e0 Makabana, une ville mini\u00e8re li\u00e9e \u00e0 l\u2019industrie du mangan\u00e8se COMILOG au Gabon. Son \u00e9ducation a \u00e9t\u00e9 marqu\u00e9e \u00e0 la fois par des difficult\u00e9s et un h\u00e9ritage spirituel \u2014 la perte de sa m\u00e8re en 1989 et de son p\u00e8re en 1990 \u2014 mais aussi par la gr\u00e2ce soutenue de Dieu.<\/p>\n<p>Sa transformation spirituelle est survenue en septembre 1999, lorsqu\u2019il a rencontr\u00e9 Christ dans la ville mini\u00e8re de Mounana au Gabon, apr\u00e8s avoir fui la guerre civile au Congo. Malgr\u00e9 une ann\u00e9e d\u2019\u00e9preuves extr\u00eames, il a fait l\u2019exp\u00e9rience de l\u2019\u0153uvre salvatrice de Dieu et a enti\u00e8rement d\u00e9di\u00e9 sa vie au Seigneur.<\/p>\n<p>\u00c0 son retour au Congo-Brazzaville, le r\u00e9v\u00e9rend Bouyoba a rejoint l\u2019\u00c9glise de l\u2019Alliance Chr\u00e9tienne et Missionnaire (CMA) et a suivi deux ans de formation biblique. Il a \u00e9t\u00e9 consacr\u00e9 pasteur en 2007, marquant ainsi des d\u00e9cennies de minist\u00e8re en tant qu\u2019implanteur d\u2019\u00e9glises, missionnaire et leader de service engag\u00e9 \u00e0 \u00e9tendre l\u2019\u00e9vangile dans son pays.<\/p>\n<p>Le r\u00e9v\u00e9rend Bouyoba est mari\u00e9 \u00e0 Christiane depuis 1998. Ils sont les parents de sept enfants, formant une famille profond\u00e9ment engag\u00e9e dans la foi et le minist\u00e8re.<\/p>\n<p>Il invite la communaut\u00e9 mondiale de l\u2019Alliance \u00e0 prier pour la protection de Dieu sur sa vie, sa famille et son minist\u00e8re ; pour la sagesse de diriger l\u2019\u00e9glise nationale au milieu de nombreux d\u00e9fis ; pour la croissance spirituelle et l\u2019expansion de la mission au sein de l\u2019\u00e9glise ; et pour que Dieu \u00e9largisse l\u2019influence et l\u2019efficacit\u00e9 de l\u2019Alliance.<\/p>\n<div class=\"host-bincmiainjofjnhchmcalkanjebghoen\" style=\"position: relative; z-index: 2147483647;\"><\/div>\n<div class=\"host-bincmiainjofjnhchmcalkanjebghoen\" style=\"position: relative; z-index: 2147483647;\"><\/div>\n<div class=\"host-bincmiainjofjnhchmcalkanjebghoen\" style=\"position: relative; z-index: 2147483647;\"><\/div>\n","protected":false},"author":25,"featured_media":42230,"template":"","meta":{"inline_featured_image":false,"ngg_post_thumbnail":0,"_EventAllDay":false,"_EventTimezone":"","_EventStartDate":"","_EventEndDate":"","_EventStartDateUTC":"","_EventEndDateUTC":"","_EventShowMap":false,"_EventShowMapLink":false,"_EventURL":"","_EventCost":"","_EventCostDescription":"","_EventCurrencySymbol":"","_EventCurrencyCode":"","_EventCurrencyPosition":"","_EventDateTimeSeparator":"","_EventTimeRangeSeparator":"","_EventOrganizerID":[],"_EventVenueID":[],"_OrganizerEmail":"","_OrganizerPhone":"","_OrganizerWebsite":"","_VenueAddress":"","_VenueCity":"","_VenueCountry":"","_VenueProvince":"","_VenueState":"","_VenueZip":"","_VenuePhone":"","_VenueURL":"","_VenueStateProvince":"","_VenueLat":"","_VenueLng":"","_VenueShowMap":false,"_VenueShowMapLink":false},"categories":[284,33],"tags":[277],"class_list":["post-42327","awf-news","type-awf-news","status-publish","has-post-thumbnail","hentry","category-afrique","category-news-fr","tag-afrique"],"_links":{"self":[{"href":"https:\/\/awf.world\/fr\/wp-json\/wp\/v2\/awf-news\/42327","targetHints":{"allow":["GET"]}}],"collection":[{"href":"https:\/\/awf.world\/fr\/wp-json\/wp\/v2\/awf-news"}],"about":[{"href":"https:\/\/awf.world\/fr\/wp-json\/wp\/v2\/types\/awf-news"}],"author":[{"embeddable":true,"href":"https:\/\/awf.world\/fr\/wp-json\/wp\/v2\/users\/25"}],"wp:featuredmedia":[{"embeddable":true,"href":"https:\/\/awf.world\/fr\/wp-json\/wp\/v2\/media\/42230"}],"wp:attachment":[{"href":"https:\/\/awf.world\/fr\/wp-json\/wp\/v2\/media?parent=42327"}],"wp:term":[{"taxonomy":"category","embeddable":true,"href":"https:\/\/awf.world\/fr\/wp-json\/wp\/v2\/categories?post=42327"},{"taxonomy":"post_tag","embeddable":true,"href":"https:\/\/awf.world\/fr\/wp-json\/wp\/v2\/tags?post=42327"}],"curies":[{"name":"wp","href":"https:\/\/api.w.org\/{rel}","templated":true}]}}