{"id":42322,"date":"2025-12-10T19:55:08","date_gmt":"2025-12-10T22:55:08","guid":{"rendered":"https:\/\/awf.world\/?post_type=awf-news&#038;p=42322"},"modified":"2026-01-05T17:52:51","modified_gmt":"2026-01-05T20:52:51","slug":"connaissez-ivan-garcia","status":"publish","type":"awf-news","link":"https:\/\/awf.world\/fr\/awf-news\/connaissez-ivan-garcia\/","title":{"rendered":"Connaissez Iv\u00e1n Garc\u00eda, le Nouveau Pr\u00e9sident de l\u2019Alliance d\u2019Argentine"},"content":{"rendered":"<p style=\"text-align: justify;\"><strong>Avec plus de trois d\u00e9cennies de minist\u00e8re pastoral \u00e0 son actif, un engagement profond envers la formation spirituelle et un c\u0153ur tourn\u00e9 vers l\u2019unit\u00e9, le r\u00e9v\u00e9rend Iv\u00e1n Alfredo Garc\u00eda acc\u00e8de \u00e0 ce poste de direction avec un sens clair de sa vocation et de sa mission.<\/strong><\/p>\n<p>Le r\u00e9v\u00e9rend Iv\u00e1n Garc\u00eda et son \u00e9pouse ont commenc\u00e9 leur minist\u00e8re pastoral il y a 31 ans, lorsqu\u2019ils ont \u00e9t\u00e9 mandat\u00e9s par le pasteur F\u00e9lix Jim\u00e9nez pour servir \u00e0 Catriel, R\u00edo Negro, Argentine. Cinq ans plus tard, ils ont \u00e9t\u00e9 appel\u00e9s \u00e0 \u00eatre pasteurs de la congr\u00e9gation CMA \u00e0 Paso de los Libres, Corrientes, une \u00e9glise fond\u00e9e par le pasteur Carmelo Terranova. Ils servent fid\u00e8lement cette congr\u00e9gation depuis 26 ans, guidant des g\u00e9n\u00e9rations de croyants et renfor\u00e7ant le t\u00e9moignage de l\u2019\u00e9glise dans la r\u00e9gion.<\/p>\n<p>Tout au long de son minist\u00e8re, le r\u00e9v\u00e9rend Garc\u00eda a \u00e9t\u00e9 fa\u00e7onn\u00e9 par des mentors et leaders cl\u00e9s, dont les missionnaires David et Betty Constance ainsi que les pasteurs Eduardo Crema, F\u00e9lix et Graciela Jim\u00e9nez. Leur investissement a contribu\u00e9 \u00e0 consolider sa vocation pastorale et sa vision du leadership.<\/p>\n<p>Il a \u00e9galement si\u00e9g\u00e9 pendant environ 21 ans au Bureau National, une p\u00e9riode qui a approfondi son amour pour les pasteurs et pour l\u2019\u00e9glise \u00e0 travers le pays.<\/p>\n<p>N\u00e9 \u00e0 Neuqu\u00e9n, en Argentine, le r\u00e9v\u00e9rend Garc\u00eda a grandi dans un foyer profond\u00e9ment influenc\u00e9 par la foi de sa m\u00e8re, Santos del Carmen Pereira, dont les pri\u00e8res ont fa\u00e7onn\u00e9 la vie de ses six enfants. Bien qu\u2019il ait pass\u00e9 ses premi\u00e8res ann\u00e9es attach\u00e9 \u00e0 l\u2019\u00e9glise baptiste de Cipolletti, c\u2019est en 1977 qu\u2019il a v\u00e9cu une v\u00e9ritable rencontre personnelle avec Christ, marquant le d\u00e9but de son v\u00e9ritable parcours spirituel.<\/p>\n<p>Le r\u00e9v\u00e9rend Garc\u00eda a rejoint l\u2019Alliance Chr\u00e9tienne et Missionnaire (CMA) en 1982 dans la ville de Cipolletti, \u00e0 R\u00edo Negro. Il a poursuivi une formation th\u00e9ologique via les centres d\u2019extension de l\u2019Institut Biblique Buenos Aires et a continu\u00e9 \u00e0 d\u00e9velopper sa formation pastorale au fil des ann\u00e9es \u00e0 travers des cours et des \u00e9tudes de s\u00e9minaire. Pourtant, il souligne que sa discipline la plus formatrice a \u00e9t\u00e9 la poursuite quotidienne de la pr\u00e9sence de Dieu et l\u2019orientation du Saint-Esprit \u00e0 travers les \u00c9critures.<\/p>\n<p>Il a \u00e9pous\u00e9 Janina Per\u00e1n Young le 19 d\u00e9cembre 1986. Ensemble, ils ont \u00e9lev\u00e9 quatre enfants \u2014 Yenit Aileen (37 ans), Pamela (35 ans), Salom\u00e9 (30 ans) et Iv\u00e1n Emanuel (28 ans) \u2014 qui continuent tous \u00e0 marcher avec Christ. Leur famille s\u2019est \u00e9galement agrandie gr\u00e2ce aux mariages de trois de leurs enfants.<\/p>\n<p>Le r\u00e9v\u00e9rend Garc\u00eda a \u00e9t\u00e9 \u00e9lu pr\u00e9sident de la <span style=\"text-decoration: underline;\"><a href=\"https:\/\/awf.world\/fr\/country-description\/argentine\/\" target=\"_blank\" rel=\"noopener\">CMA d\u2019Argentine<\/a><\/span> lors de l\u2019Assembl\u00e9e Nationale du 1er novembre 2025, o\u00f9 les d\u00e9l\u00e9gu\u00e9s ont reconnu sa maturit\u00e9 spirituelle, son c\u0153ur de pasteur et son service de longue date \u00e0 la d\u00e9nomination. Il exercera un mandat de deux ans, guidant la vision de l\u2019\u00e9glise et renfor\u00e7ant son minist\u00e8re en Argentine.<\/p>\n<p>\u00ab Ma priorit\u00e9 sera de travailler \u00e0 l\u2019unit\u00e9 \u00bb, dit le r\u00e9v\u00e9rend Garc\u00eda, \u00ab en me concentrant intentionnellement sur le corps pastoral \u2014 renforcer les relations, nourrir la maturit\u00e9 spirituelle et cultiver le caract\u00e8re de Christ en chacun de nous \u00bb.<\/p>\n<p>Il consid\u00e8re cette unit\u00e9 comme fondamentale pour accomplir la Grande Commission. \u00ab L\u2019unit\u00e9, \u00bb dit-il, \u00ab est la base pour accomplir l\u2019appel de Matthieu 24 :14 \u00bb.<\/p>\n<p>Le r\u00e9v\u00e9rend Garc\u00eda aspire \u00e9galement \u00e0 voir \u00e9merger une nouvelle g\u00e9n\u00e9ration de pasteurs au sein de l\u2019Alliance \u2014 des leaders fa\u00e7onn\u00e9s par le caract\u00e8re de Christ et passionn\u00e9s de porter l\u2019\u00e9vangile jusqu\u2019aux confins de la terre.<\/p>\n<p>Il demande \u00e0 la famille de l\u2019Alliance mondiale de prier pour la sagesse alors qu\u2019il commence ce nouveau minist\u00e8re, pour les ressources humaines et financi\u00e8res n\u00e9cessaires \u00e0 l\u2019efficacit\u00e9 de l\u2019\u00e9glise nationale, et pour que Dieu \u00e9l\u00e8ve une nouvelle g\u00e9n\u00e9ration de pasteurs engag\u00e9s dans la mission de Christ.<\/p>\n<div class=\"host-bincmiainjofjnhchmcalkanjebghoen\" style=\"position: relative; z-index: 2147483647;\"><\/div>\n<div class=\"host-bincmiainjofjnhchmcalkanjebghoen\" style=\"position: relative; z-index: 2147483647;\"><\/div>\n<div class=\"host-bincmiainjofjnhchmcalkanjebghoen\" style=\"position: relative; z-index: 2147483647;\"><\/div>\n","protected":false},"author":25,"featured_media":42222,"template":"","meta":{"inline_featured_image":false,"ngg_post_thumbnail":0,"_EventAllDay":false,"_EventTimezone":"","_EventStartDate":"","_EventEndDate":"","_EventStartDateUTC":"","_EventEndDateUTC":"","_EventShowMap":false,"_EventShowMapLink":false,"_EventURL":"","_EventCost":"","_EventCostDescription":"","_EventCurrencySymbol":"","_EventCurrencyCode":"","_EventCurrencyPosition":"","_EventDateTimeSeparator":"","_EventTimeRangeSeparator":"","_EventOrganizerID":[],"_EventVenueID":[],"_OrganizerEmail":"","_OrganizerPhone":"","_OrganizerWebsite":"","_VenueAddress":"","_VenueCity":"","_VenueCountry":"","_VenueProvince":"","_VenueState":"","_VenueZip":"","_VenuePhone":"","_VenueURL":"","_VenueStateProvince":"","_VenueLat":"","_VenueLng":"","_VenueShowMap":false,"_VenueShowMapLink":false},"categories":[152,33],"tags":[208,405],"class_list":["post-42322","awf-news","type-awf-news","status-publish","has-post-thumbnail","hentry","category-latin-america-fr","category-news-fr","tag-amerique-latine","tag-argentine"],"_links":{"self":[{"href":"https:\/\/awf.world\/fr\/wp-json\/wp\/v2\/awf-news\/42322","targetHints":{"allow":["GET"]}}],"collection":[{"href":"https:\/\/awf.world\/fr\/wp-json\/wp\/v2\/awf-news"}],"about":[{"href":"https:\/\/awf.world\/fr\/wp-json\/wp\/v2\/types\/awf-news"}],"author":[{"embeddable":true,"href":"https:\/\/awf.world\/fr\/wp-json\/wp\/v2\/users\/25"}],"wp:featuredmedia":[{"embeddable":true,"href":"https:\/\/awf.world\/fr\/wp-json\/wp\/v2\/media\/42222"}],"wp:attachment":[{"href":"https:\/\/awf.world\/fr\/wp-json\/wp\/v2\/media?parent=42322"}],"wp:term":[{"taxonomy":"category","embeddable":true,"href":"https:\/\/awf.world\/fr\/wp-json\/wp\/v2\/categories?post=42322"},{"taxonomy":"post_tag","embeddable":true,"href":"https:\/\/awf.world\/fr\/wp-json\/wp\/v2\/tags?post=42322"}],"curies":[{"name":"wp","href":"https:\/\/api.w.org\/{rel}","templated":true}]}}