{"id":42125,"date":"2025-12-02T15:06:51","date_gmt":"2025-12-02T18:06:51","guid":{"rendered":"https:\/\/awf.world\/?post_type=awf-news&#038;p=42125"},"modified":"2025-12-02T15:44:42","modified_gmt":"2025-12-02T18:44:42","slug":"la-declaration-de-yamoussoukro","status":"publish","type":"awf-news","link":"https:\/\/awf.world\/fr\/awf-news\/la-declaration-de-yamoussoukro\/","title":{"rendered":"La D\u00e9claration de Yamoussoukro"},"content":{"rendered":"<p>Alors que nous nous r\u00e9unissons pour c\u00e9l\u00e9brer le 50e anniversaire de l\u2019Union Mondiale de l\u2019Alliance, nous rendons gr\u00e2ce \u00e0 juste titre pour le travail remarquable que Dieu a accompli \u00e0 travers la famille mondiale de l\u2019Alliance. Apr\u00e8s des d\u00e9buts modestes et humbles, et en s\u2019appuyant fid\u00e8lement sur l\u2019Esprit de Dieu (Zacharie 4 :6), l\u2019Alliance s\u2019est d\u00e9velopp\u00e9e pour compter aujourd\u2019hui plus de 6,7 millions de membres \u00e0 travers le monde. Aujourd\u2019hui, l\u2019Alliance est pr\u00e9sente dans 88 pays et compte plus de 24 000 \u00e9glises locales qui envoient plus de 1 700 ouvriers internationaux. \u00c0 tous \u00e9gards, la grande famille mondiale de l\u2019Alliance est rest\u00e9e fid\u00e8le \u00e0 la mission \u00e0 laquelle elle a \u00e9t\u00e9 appel\u00e9e.<\/p>\n<p>Pourtant, la t\u00e2che qui consiste \u00e0 apporter l\u2019\u00e9vangile au monde entier reste inachev\u00e9e. La Grande Commission, \u00e0 laquelle nous avons consacr\u00e9 toute notre \u00e9nergie, continue de nous exiger une ob\u00e9issance radicale et fid\u00e8le. Nous devons continuer \u00e0 ob\u00e9ir car selon les estimations :<a href=\"#_ftn1\" name=\"_ftnref1\">[1]<\/a><\/p>\n<ul>\n<li>3,6 milliards de personnes (soit 44 % de la population mondiale) sont adeptes de l\u2019islam, de l\u2019hindouisme et du bouddhisme seuls.<\/li>\n<li>2,25 milliards de personnes n\u2019ont pas acc\u00e8s \u00e0 l\u2019\u00e9vangile.<\/li>\n<li>81,5\u00a0% de tous les non-chr\u00e9tiens ne connaissent pas personnellement un chr\u00e9tien.<\/li>\n<li>Il reste 7 295 groupes de personnes non atteintes identifi\u00e9s.<a href=\"#_ftn2\" name=\"_ftnref2\">[2]<\/a><\/li>\n<\/ul>\n<p>Ces statistiques alarmantes signifient que nous devons continuer \u00e0 donner tout ce que nous avons pour apporter l\u2019\u00e9vangile dans les endroits sombres et difficiles d\u2019acc\u00e8s, et pour faire de toutes les nations des disciples qui s\u2019engagent \u00e0 faire eux-m\u00eames des disciples en ob\u00e9issant \u00e0 tout ce que Christ a command\u00e9. Cependant, nous continuons \u00e0 noter les d\u00e9fis et les opportunit\u00e9s suivants li\u00e9s \u00e0 ce mandat :<\/p>\n<ol>\n<li><strong>Conflits et crises humanitaires<\/strong> : une grande partie des personnes non atteintes se trouve dans des zones de conflit, o\u00f9 des groupes entiers de personnes sont d\u00e9plac\u00e9s et souffrent de traumatismes physiques et \u00e9motionnels. La mission dans ces endroits est difficile et exige de l\u2019\u00e9glise qu\u2019elle en \u00e9value le co\u00fbt en termes de ressources financi\u00e8res et humaines. La mission doit \u00e9galement \u00eatre consid\u00e9r\u00e9e comme une t\u00e2che visant \u00e0 \u00e9tablir la pr\u00e9sence de Christ en paroles et en actes dans de tels contextes.<\/li>\n<li><strong>Diaspora mondiale<\/strong> : on estime \u00e0 281 millions le nombre de personnes d\u00e9plac\u00e9es de leurs pays d\u2019origine pour des raisons \u00e9conomiques, de conflit ou familiales.<a href=\"#_ftn3\" name=\"_ftnref3\">[3]<\/a> Plusieurs personnes non atteintes ont quitt\u00e9 leurs pays d\u2019origine et se trouvent d\u00e9sormais \u00e0 port\u00e9e de main de l\u2019\u00e9glise chr\u00e9tienne. 146 millions d\u2019entre elles se trouvent rien qu\u2019en Europe ou en Am\u00e9rique du Nord. Nous devons \u00eatre attentifs aux opportunit\u00e9s que la migration mondiale offre pour la mission.<\/li>\n<li><strong>Oppression spirituelle<\/strong> : L\u2019\u0153uvre des puissances, des autorit\u00e9s et des dominations continue de s\u2019opposer \u00e0 tout ce que Dieu veut accomplir dans ce monde. La mission doit s\u2019opposer \u00e0 ces puissances au nom de J\u00e9sus-Christ et gr\u00e2ce \u00e0 la puissance surnaturelle du Saint-Esprit.<\/li>\n<li><strong>Pers\u00e9cution et extr\u00e9misme religieux<\/strong> : Un chr\u00e9tien sur sept dans le monde est pers\u00e9cut\u00e9 en raison de sa foi<a href=\"#_ftn4\" name=\"_ftnref4\">[4]<\/a>. On estime que 910 000 chr\u00e9tiens seront martyris\u00e9s au cours de cette d\u00e9cennie.<a href=\"#_ftn5\" name=\"_ftnref5\">[5]<\/a> Nous devons \u00eatre pr\u00eats \u00e0 calculer le co\u00fbt de la proclamation de l\u2019\u00e9vangile, m\u00eame si nous recherchons la protection et la s\u00e9curit\u00e9 du Seigneur dans cette t\u00e2che.<\/li>\n<li><strong>D\u00e9fis de la mission de l\u2019Alliance :<\/strong><\/li>\n<\/ol>\n<p style=\"padding-left: 40px;\"><strong>a. Vision :<\/strong> Il est urgent que la famille mondiale de l\u2019Alliance se r\u00e9approprie le souci de Dieu pour les perdus et l\u2019appel fondamental de l\u2019Alliance \u00e0 apporter l\u2019\u00e9vangile entier au monde entier. Les exigences pastorales, les d\u00e9fis locaux et les opportunit\u00e9s locales ne doivent pas nous d\u00e9tourner de la t\u00e2che mondiale \u00e0 laquelle nous sommes collectivement appel\u00e9s.<\/p>\n<p style=\"padding-left: 40px;\"><strong>b. Formation :<\/strong> Le d\u00e9clin continu et g\u00e9n\u00e9ral du christianisme occidental a entra\u00een\u00e9 la disparition d\u2019institutions historiques de formation missionnaire. Avec pr\u00e8s de 90 % de l\u2019Alliance d\u00e9sormais pr\u00e9sente dans le monde majoritaire, des efforts doivent \u00eatre faits pour d\u00e9velopper des strat\u00e9gies innovantes de recrutement et de formation dans ces r\u00e9gions pour les futurs missionnaires.<\/p>\n<p style=\"padding-left: 40px;\"><strong>c. R\u00e9tention : <\/strong>Les missions de la famille mondiale de l\u2019Alliance sont entrav\u00e9es par les d\u00e9fis li\u00e9s \u00e0 la r\u00e9duction des effectifs des missionnaires. Il est urgent de mettre en \u0153uvre des strat\u00e9gies pour soutenir efficacement notre personnel missionnaire dans ses diff\u00e9rentes vocations afin de lui permettre d\u2019exercer pleinement ses fonctions.<\/p>\n<p><strong>En r\u00e9ponse, nous remarquons que la famille mondiale de l\u2019Alliance n\u2019a pas la capacit\u00e9 d\u2019accomplir la Grande Commission par elle-m\u00eame, si ce n\u2019est en s\u2019appuyant pleinement et enti\u00e8rement sur la puissance de l\u2019\u00e9vangile manifest\u00e9e par l\u2019Esprit de Christ qui habite en nous. C\u2019est pourquoi, dans la soumission \u00e0 l\u2019Esprit, nous nous engageons \u00e0 :<\/strong><\/p>\n<ol>\n<li><strong>Proclamer la v\u00e9rit\u00e9 de l\u2019\u00c9vangile :<\/strong> nous concentrer sur le partage du message de l\u2019amour et du salut de Christ au sein d\u2019un monde pluraliste. L\u2019unicit\u00e9 de Christ et l\u2019esp\u00e9rance de l\u2019\u00e9vangile ne peuvent \u00eatre rel\u00e9gu\u00e9es \u00e0 la marge, mais doivent \u00eatre au premier plan de toute pr\u00e9dication du royaume<\/li>\n<li><strong>D\u00e9montrer la puissance du royaume :<\/strong> l\u2019\u00e9vangile doit \u00eatre d\u00e9montr\u00e9 en paroles et en actes par la manifestation de la puissance de l\u2019Esprit. Une \u0153uvre missionnaire efficace a toujours trouv\u00e9 son lieu d\u2019action dans l\u2019\u0153uvre vivifiante de l\u2019Esprit, et nous devons suivre la direction du Saint-Esprit pour accomplir la Grande Commission.<\/li>\n<li><strong>Grandir dans une vie de disciple plus profonde :<\/strong> Diriger et engager de mani\u00e8re proactive les autres \u00e0 d\u00e9velopper une vie plus profonde par la formation spirituelle vers la conformit\u00e9 \u00e0 Christ.<\/li>\n<li><strong>S\u2019engager \u00e0 la fois en paroles et en actes : <\/strong>Faire un effort concert\u00e9 pour attirer le monde avec la pr\u00e9sence de J\u00e9sus \u00e0 la fois en paroles et en actes.<\/li>\n<li><strong>Travailler en partenariat avec les \u00e9glises locales et mondiales :<\/strong> Collaborer avec les \u00e9glises nationales et locales dans l\u2019ensemble de l\u2019Union Mondiale de l\u2019Alliance et au-del\u00e0 pour am\u00e9liorer l\u2019efficacit\u00e9 de la mission.<\/li>\n<li><strong>Former et \u00e9quiper les leaders pour le minist\u00e8re local et mondial :<\/strong> Fournir une formation th\u00e9ologique continue et une formation en leadership afin d\u2019\u00e9quiper les pasteurs, les missionnaires et les dirigeants pour un minist\u00e8re fructueux dans les contextes o\u00f9 ils sont appel\u00e9s.<\/li>\n<li><strong>S\u2019engager dans les endroits difficiles :<\/strong> La CMA est n\u00e9e pour apporter l\u2019\u00e9vangile l\u00e0 o\u00f9 il n\u2019avait pas encore \u00e9t\u00e9 pr\u00each\u00e9. Cet appel r\u00e9sonne encore aujourd\u2019hui. Nous devons \u00eatre pr\u00eats \u00e0 aller dans les endroits difficiles et co\u00fbteux.<\/li>\n<\/ol>\n<p>Pour voir un v\u00e9ritable \u00e9lan vers l\u2019avant dans la r\u00e9solution de ces d\u00e9fis et dans l\u2019adoption du mandat ci-dessus, l\u2019Alliance Chr\u00e9tienne et Missionnaire, en tant que communaut\u00e9 mondiale, devrait se concentrer sur les actions suivantes comme objectif imm\u00e9diat :<\/p>\n<ol>\n<li><strong>Consolider l\u2019identit\u00e9 de l\u2019Alliance :<\/strong> Faire tout son possible pour renforcer la nature distinctive du mouvement de l\u2019Alliance en mettant l\u2019accent \u00e0 la fois sur la vie plus profonde et sur la mission mondiale.<\/li>\n<li><strong>Renforcer les partenariats mondiaux :<\/strong> Renforcer la collaboration entre les \u00e9glises nationales de l\u2019Alliance afin de mettre en commun leurs ressources et leur expertise pour un plus grand impact.<\/li>\n<li><strong>Renforcer la pr\u00e9sence de l\u2019\u00c9vangile : <\/strong>\u00c9tendre la pr\u00e9sence visible de J\u00e9sus par la proclamation et l\u2019action tangible, en r\u00e9pondant aux besoins des perdus avec amour et avec la puissance du royaume.<\/li>\n<li><strong>\u00c9quiper et envoyer des ouvriers :<\/strong> Investir dans l\u2019\u00e9ducation et la formation des pasteurs et des missionnaires locaux afin de s\u2019assurer qu\u2019ils sont bien \u00e9quip\u00e9s pour servir leurs communaut\u00e9s.<\/li>\n<\/ol>\n<p>Gr\u00e2ce \u00e0 ces actions, l\u2019Alliance Chr\u00e9tienne et Missionnaire peut continuer \u00e0 remplir sa vocation qui consiste \u00e0 aller dans le monde entier et \u00e0 pr\u00eacher l\u2019\u00e9vangile, apportant l\u2019espoir et la gu\u00e9rison de Christ dans tous les coins du monde.<\/p>\n<p><a href=\"#_ftnref1\" name=\"_ftn1\">[1]<\/a> Statistiques de Todd M. Johnson et Gina A. Zurlo, \u00e9ds. <em>Base de donn\u00e9es chr\u00e9tienne mondiale<\/em> (Leiden\/Boston : Brill, janvier 2024). www.worldchristiandatabase.org<\/p>\n<p><a href=\"#_ftnref2\" name=\"_ftn2\">[2]<\/a> Projet Joshua. Correct comme 29 juillet 2025. Le <em>Joshua Project<\/em> et le mouvement de Lausanne d\u00e9finissent un groupe de personnes non atteintes comme \u00ab ceux qui n&rsquo;ont pas d&rsquo;\u00e9glise indig\u00e8ne capable d&rsquo;\u00e9vang\u00e9liser leur propre peuple \u00bb. <em>\u00c9tat de la Grande Commission<\/em>. Rapport pr\u00e9par\u00e9 pour le Congr\u00e8s mondial de Lausanne, S\u00e9oul-Incheon 2024. [<em>\u00c9tat du mandat missionnaire <\/em>; see https:\/\/lausanne.org\/fr\/report]\n<p><a href=\"#_ftnref3\" name=\"_ftn3\">[3]<\/a> OIM ONU Migrations, Rapport \u00c9tat de la migration dans le monde : worldmigrationreort.iom.int\/msite\/wmr-2024-interactive\/ [https:\/\/worldmigrationreport.iom.int\/fr]\n<p><a href=\"#_ftnref4\" name=\"_ftn4\">[4]<\/a> Opendoors.org\/en-US\/persecution\/countries\/<\/p>\n<p><a href=\"#_ftnref5\" name=\"_ftn5\">[5]<\/a> Todd M. Johnson et Gina A. Zurlo, \u00e9ds. <em>Base de donn\u00e9es chr\u00e9tienne mondiale<\/em> (Leiden\/Boston : Brill, janvier 2024). www.worldchristiandatabase.org<\/p>\n","protected":false},"author":24,"featured_media":42126,"template":"","meta":{"inline_featured_image":false,"ngg_post_thumbnail":0,"_EventAllDay":false,"_EventTimezone":"","_EventStartDate":"","_EventEndDate":"","_EventStartDateUTC":"","_EventEndDateUTC":"","_EventShowMap":false,"_EventShowMapLink":false,"_EventURL":"","_EventCost":"","_EventCostDescription":"","_EventCurrencySymbol":"","_EventCurrencyCode":"","_EventCurrencyPosition":"","_EventDateTimeSeparator":"","_EventTimeRangeSeparator":"","_EventOrganizerID":[],"_EventVenueID":[],"_OrganizerEmail":"","_OrganizerPhone":"","_OrganizerWebsite":"","_VenueAddress":"","_VenueCity":"","_VenueCountry":"","_VenueProvince":"","_VenueState":"","_VenueZip":"","_VenuePhone":"","_VenueURL":"","_VenueStateProvince":"","_VenueLat":"","_VenueLng":"","_VenueShowMap":false,"_VenueShowMapLink":false},"categories":[636,33],"tags":[345,382],"class_list":["post-42125","awf-news","type-awf-news","status-publish","has-post-thumbnail","hentry","category-fixed-content-fr","category-news-fr","tag-commission-internationale-pour-leducation-theologique","tag-convocation-quadriennale"],"_links":{"self":[{"href":"https:\/\/awf.world\/fr\/wp-json\/wp\/v2\/awf-news\/42125","targetHints":{"allow":["GET"]}}],"collection":[{"href":"https:\/\/awf.world\/fr\/wp-json\/wp\/v2\/awf-news"}],"about":[{"href":"https:\/\/awf.world\/fr\/wp-json\/wp\/v2\/types\/awf-news"}],"author":[{"embeddable":true,"href":"https:\/\/awf.world\/fr\/wp-json\/wp\/v2\/users\/24"}],"wp:featuredmedia":[{"embeddable":true,"href":"https:\/\/awf.world\/fr\/wp-json\/wp\/v2\/media\/42126"}],"wp:attachment":[{"href":"https:\/\/awf.world\/fr\/wp-json\/wp\/v2\/media?parent=42125"}],"wp:term":[{"taxonomy":"category","embeddable":true,"href":"https:\/\/awf.world\/fr\/wp-json\/wp\/v2\/categories?post=42125"},{"taxonomy":"post_tag","embeddable":true,"href":"https:\/\/awf.world\/fr\/wp-json\/wp\/v2\/tags?post=42125"}],"curies":[{"name":"wp","href":"https:\/\/api.w.org\/{rel}","templated":true}]}}