{"id":42109,"date":"2025-11-26T19:59:30","date_gmt":"2025-11-26T22:59:30","guid":{"rendered":"https:\/\/awf.world\/?post_type=awf-news&#038;p=42109"},"modified":"2026-01-05T17:32:41","modified_gmt":"2026-01-05T20:32:41","slug":"convocation-quadriennale-2025","status":"publish","type":"awf-news","link":"https:\/\/awf.world\/fr\/awf-news\/convocation-quadriennale-2025\/","title":{"rendered":"Aller Ensemble en tant que Famille : l\u2019UMA C\u00e9l\u00e8bre l\u2019Unit\u00e9 Mondiale et Sa Mission lors de la Convocation Quadriennale 2025"},"content":{"rendered":"<p style=\"text-align: justify;\"><strong>Un rassemblement historique en C\u00f4te d\u2019Ivoire a marqu\u00e9 les 50 ans de l\u2019Union Mondiale de l\u2019Alliance et un appel commun \u00e0 la mission. Une semaine de messages puissants, de louanges mondiales et d\u2019ateliers cl\u00e9s a renouvel\u00e9 l\u2019unit\u00e9, le partenariat et la mission. La famille de l\u2019Alliance est repartie renforc\u00e9e et d\u00e9termin\u00e9e \u00e0 avancer, ensemble, vers les cinquante prochaines ann\u00e9es.<\/strong><\/p>\n<p>Lors de l\u2019un des rassemblements les plus importants de son histoire, l\u2019Union Mondiale de l\u2019Alliance (UMA) a r\u00e9uni plus de 400 repr\u00e9sentants de plus de cinquante nations pour la 13e Convocation Quadriennale, du 8 au 12 octobre 2025, \u00e0 Yamoussoukro, en C\u00f4te d\u2019Ivoire. Cette Convocation a marqu\u00e9 le <span style=\"text-decoration: underline;\"><a href=\"https:\/\/www.youtube.com\/live\/diSG955f4v0?si=DJnzlHrvxsWhLh2o\" target=\"_blank\" rel=\"noopener\">50e anniversaire de l\u2019UMA<\/a><\/span>, une \u00e9tape importante qui a non seulement rendu hommage \u00e0 cinq d\u00e9cennies de la fid\u00e9lit\u00e9 de Dieu, mais a aussi appel\u00e9 la famille de l\u2019Alliance mondiale \u00e0 embrasser le c\u0153ur du th\u00e8me de cette ann\u00e9e, \u00ab Aller Ensemble \u00bb.<\/p>\n<p>Dans la continuit\u00e9 du parcours de la Quadriennale pr\u00e9c\u00e9dente, intitul\u00e9e \u2013 Aller Plus Loin et Aller Au-del\u00e0 \u2013 cette ann\u00e9e a marqu\u00e9 le d\u00e9but d\u2019un nouveau chapitre pour le mouvement Alliance, ax\u00e9 sur l\u2019unit\u00e9, l\u2019interd\u00e9pendance et l\u2019identit\u00e9 familiale dans les missions mondiales.<\/p>\n<p><strong>Une Convocation Ax\u00e9e sur le Fait d\u2019Aller Ensemble En Tant Que Famille<\/strong><\/p>\n<p>Plus qu\u2019un th\u00e8me, \u00ab Aller Ensemble \u00bb est devenu une r\u00e9alit\u00e9 vivante tout au long de la semaine. La louange a r\u00e9sonn\u00e9 en anglais, en fran\u00e7ais, en espagnol et dans d\u2019autres langues du c\u0153ur ; des t\u00e9moignages ont \u00e9t\u00e9 partag\u00e9s entre les cultures et les g\u00e9n\u00e9rations ; et les dirigeants de tous les continents ont affirm\u00e9 ce qui unit la famille mondiale de l\u2019Alliance : une identit\u00e9 commune en Christ et une mission commune pour atteindre le monde.<\/p>\n<p>Les d\u00e9l\u00e9gu\u00e9s ont d\u00e9crit la Convocation comme \u00ab une r\u00e9union familiale spirituelle \u00bb, marqu\u00e9e par la joie, la pri\u00e8re, la r\u00e9conciliation et un engagement renouvel\u00e9 \u00e0 marcher ensemble. En c\u00e9l\u00e9brant les 50 ans de la cr\u00e9ation de l\u2019UMA, les participants ont reconnu que l\u2019unit\u00e9 n\u2019est pas simplement une valeur organisationnelle, mais une n\u00e9cessit\u00e9 missionnaire.<\/p>\n<p>Le pr\u00e9sident de l\u2019UMA, le r\u00e9v\u00e9rend Dr Jura Yanagihara, a ouvert la Convocation par un appel convaincant \u00e0 red\u00e9couvrir le partenariat au c\u0153ur de la mission de Dieu : <a href=\"https:\/\/www.youtube.com\/live\/SS8C36Bs2p4?si=mST1dJOlwdEbTl3J\" target=\"_blank\" rel=\"noopener\"><em><u>Ensemble comme un Seul : Le Pouvoir du Partenariat dans la Mission<\/u><\/em><\/a>. Il nous a rappel\u00e9 que l\u2019unit\u00e9 n\u2019est pas facultative mais essentielle pour accomplir la Grande Commission, donnant le ton de l\u2019humilit\u00e9, de la gratitude et d\u2019une attente audacieuse pour les jours \u00e0 venir.<\/p>\n<p>Tout au long des sessions, la famille Alliance a \u00e9t\u00e9 invit\u00e9e \u00e0 porter un regard neuf sur la mission :<\/p>\n<ul>\n<li><span style=\"text-decoration: underline;\"><a href=\"https:\/\/www.youtube.com\/live\/mqdcwtmIWx8?si=OEndTmfzih0V5Aqf\" target=\"_blank\" rel=\"noopener\"><strong>Session 2<\/strong><\/a><\/span><strong> \u2013 Les Missions dans un Monde en Pleine Mutation (R\u00e9v. Jan Wolsheimer)<\/strong> : Dans un monde marqu\u00e9 par des changements de pouvoir, d\u2019incertitude \u00e9conomique et de tensions culturelles, nous avons \u00e9t\u00e9 appel\u00e9s \u00e0 r\u00e9agir non pas par la peur, mais par le discernement, la collaboration et la sagesse partag\u00e9e.<\/li>\n<li><a href=\"https:\/\/www.youtube.com\/live\/Q76jidq-x-A?si=5ZdSeettm4m1U5G7\" target=\"_blank\" rel=\"noopener\"><strong><span style=\"text-decoration: underline;\">Session<\/span><\/strong><span style=\"text-decoration: underline;\"><strong> 3<\/strong><\/span><\/a><strong> \u2013 Aller Ensemble pour Susciter la Nouvelle G\u00e9n\u00e9ration (R\u00e9v. Serge-Armand Yao)<\/strong> : Un appel passionn\u00e9 \u00e0 encadrer, \u00e9quiper et accompagner les leaders \u00e9mergents dans l\u2019humilit\u00e9 et un v\u00e9ritable partenariat interg\u00e9n\u00e9rationnel.<\/li>\n<li><a href=\"https:\/\/www.youtube.com\/live\/qdC98ofZzbg?si=8ZSt66BEj0QsnXcb\" target=\"_blank\" rel=\"noopener\"><strong><span style=\"text-decoration: underline;\">Session 4<\/span><\/strong><\/a><strong> \u2013 Les Affaires comme Mission (BAM) &#8211; Une Vision du Royaume pour Demain (R\u00e9v. Bao Her)<\/strong> : Une vision du Royaume pour l\u2019urbanisation mondiale, montrant comment les affaires peuvent ouvrir des portes pour le discipulat, la compassion et l\u2019implantation d\u2019\u00e9glises, et appelant l\u2019Alliance \u00e0 utiliser ceux qui ont des dons autant dans les affaires que dans le minist\u00e8re.<\/li>\n<li><span style=\"text-decoration: underline;\"><a href=\"https:\/\/www.youtube.com\/live\/MY2QQDK0E54?si=4tzDjjzRpL5IVGij\" target=\"_blank\" rel=\"noopener\"><strong>Session 5<\/strong><\/a><\/span><strong> \u2013 Empilement des Pierres (R\u00e9v. Jeremy Cook)<\/strong> : Un appel \u00e0 laisser un h\u00e9ritage de fid\u00e9lit\u00e9 en investissant intentionnellement dans la prochaine g\u00e9n\u00e9ration par l\u2019invitation, le sacrifice et la multiplication.<\/li>\n<li><span style=\"text-decoration: underline;\"><a href=\"https:\/\/www.youtube.com\/live\/P1Y1pVJi8wU?si=is_bIinGNa7ZyAFB\" target=\"_blank\" rel=\"noopener\"><strong>Session 6<\/strong><\/a><\/span><strong> \u2013 Le Seigneur Mon Pasteur : Aller Ensemble dans Sa Mission (R\u00e9v. Dr Daniel Ronda)<\/strong> : D\u2019apr\u00e8s le Psaume 23, un d\u00e9fi \u00e0 rejeter l\u2019individualisme et \u00e0 embrasser l\u2019unit\u00e9, la responsabilit\u00e9 et la collaboration interculturelle dans la mission de Dieu.<\/li>\n<li><a href=\"https:\/\/www.youtube.com\/live\/yRTRaEnvh90?si=8AoNveOGZew3QhKt\" target=\"_blank\" rel=\"noopener\"><strong><span style=\"text-decoration: underline;\">Session 7<\/span><\/strong><\/a><strong> \u2013 Exigences Divines : Se Rassembler, Se Transformer, R\u00e9pandre l\u2019\u00c9vangile (R\u00e9v. Dr Walter P\u00e9rez)<\/strong> : Un appel final \u00e0 une ob\u00e9issance renouvel\u00e9e et unie, insistant sur le fait que la mission de Dieu exige une transformation \u2014 personnelle et communautaire \u2014 alors que nous allons ensemble comme un seul corps.<\/li>\n<\/ul>\n<p>Au cours d\u2019une s\u00e9rie d\u2019ateliers dynamiques, les d\u00e9l\u00e9gu\u00e9s ont \u00e9t\u00e9 invit\u00e9s \u00e0 aller plus profond\u00e9ment au c\u0153ur de la vie et de la mission de l\u2019Alliance :<\/p>\n<ul>\n<li>Red\u00e9couvrir notre ADN commun en Christ en tant que Sauveur, Sanctificateur, Gu\u00e9risseur et Roi qui Revient.<\/li>\n<li>Faire face aux d\u00e9fis du leadership de la prochaine g\u00e9n\u00e9ration et de la mission multiculturelle comme une course de relais qui honore \u00e0 la fois les a\u00een\u00e9s et les leaders \u00e9mergents.<\/li>\n<li>Red\u00e9finir la g\u00e9n\u00e9rosit\u00e9 comme un chemin de discipulat joyeux qui alimente la mission locale et mondiale.<\/li>\n<li>Renforcer la prise en charge holistique pour les ouvriers interculturels par la responsabilit\u00e9 partag\u00e9e entre les \u00e9glises d\u2019envoi et d\u2019accueil.<\/li>\n<li>S\u2019engageant dans la pr\u00e9servation de la cr\u00e9ation et la restauration des communaut\u00e9s comme expressions fondamentales de la mission de Dieu, l\u2019atelier Secours et D\u00e9veloppement a int\u00e9gr\u00e9 les fondements bibliques aux principes pratiques de d\u00e9veloppement pour les r\u00e9gions disposant de peu ou pas d\u2019infrastructures existantes.<\/li>\n<li>C\u00e9l\u00e9brer le leadership strat\u00e9gique et inspir\u00e9 par l\u2019Esprit chez les femmes de toute la famille Alliance alors que nous dirigeons et servons ensemble dans la mission mondiale de Dieu.<\/li>\n<\/ul>\n<p><strong>Unis dans la Souffrance et la Mission : Accueillir la Lumi\u00e8re de l\u2019\u00c9vangile de l\u2019Ukraine dans la Famille de l\u2019UMA<\/strong><\/p>\n<p>L\u2019UMA a officiellement accueilli <span style=\"text-decoration: underline;\"><a href=\"https:\/\/awf.world\/fr\/awf-news\/lumiere-de-levangile-en-ukraine-rejoint-luma\/\" target=\"_blank\" rel=\"noopener\">l\u2019Association Lumi\u00e8re de l\u2019\u00c9vangile d\u2019Ukraine<\/a><\/span> (CMA d\u2019Ukraine) en tant que nouveau membre lors de la Quadriennale 2025 en C\u00f4te d\u2019Ivoire, un moment fort d\u2019unit\u00e9 mondiale au milieu des d\u00e9fis persistants auxquels l\u2019Ukraine est confront\u00e9e.<\/p>\n<p>Au cours d\u2019une des sessions, le r\u00e9v\u00e9rend Sergiy Guts, pr\u00e9sident de la CMA d\u2019Ukraine, a partag\u00e9 un clip vid\u00e9o inspirant, intitul\u00e9 <em>\u00ab L\u2019\u00c9vangile dans le Feu : Le Minist\u00e8re de l\u2019\u00c9glise sous la Pression et la Douleur<\/em> \u00bb, ainsi qu\u2019un t\u00e9moignage puissant sur l\u2019\u00e9glise qui partage l\u2019\u00e9vangile et sert avec compassion la communaut\u00e9 en p\u00e9riode de guerre, de perte et de souffrance : un rappel que la famille mondiale de l\u2019Alliance se soutient mutuellement dans les moments les plus difficiles.<\/p>\n<p>Cette adh\u00e9sion t\u00e9moigne non seulement de la reconnaissance de la maturit\u00e9 et de la fid\u00e9lit\u00e9 de l\u2019Alliance ukrainienne, mais ouvre \u00e9galement de nouveaux horizons pour la coop\u00e9ration, la mission et le soutien mutuel entre les nations.<\/p>\n<p><strong>Un Livre qui C\u00e9l\u00e8bre 50 ans de Foi, de Mission et d\u2019Impact Mondial<\/strong><\/p>\n<p>L\u2019un des moments forts de la Convocation a \u00e9t\u00e9 le lancement du Livre Comm\u00e9moratif du 50e Anniversaire de l\u2019UMA, \u00e9crit par David P. Jones, Peter Laughlin et Jura Yanagihara. Ce livre retrace le parcours de la famille de l\u2019Alliance, depuis ses d\u00e9buts jusqu\u2019\u00e0 son impact mondial actuel, c\u00e9l\u00e9brant l\u2019h\u00e9ritage d\u2019A. B. Simpson et l\u2019expansion de l\u2019\u00c9vangile Quadruple \u00e0 travers les nations. Il sera disponible dans les bureaux r\u00e9gionaux et les librairies nationales de l\u2019Alliance. Les participants et les lecteurs du monde entier sont encourag\u00e9s \u00e0 contacter leurs repr\u00e9sentants r\u00e9gionaux de l\u2019UMA pour en acheter un exemplaire et se joindre \u00e0 la c\u00e9l\u00e9bration de cette \u00e9tape importante dans l\u2019histoire de l\u2019Alliance.<\/p>\n<p><strong>Aller de l\u2019Avant Ensemble<\/strong><\/p>\n<p>La Convocation s\u2019est achev\u00e9e sur un sentiment renouvel\u00e9 d\u2019appartenance \u00e0 une famille, appelant le mouvement mondial de l\u2019Alliance \u00e0 poursuivre ensemble ses cinquante prochaines ann\u00e9es, transform\u00e9 et en mission. La Convocation Quadriennale 2025 de l\u2019UMA \u00e9tait plus qu\u2019une conf\u00e9rence, c\u2019\u00e9tait une c\u00e9l\u00e9bration de la famille, de l\u2019identit\u00e9 et de la mission. Alors que l\u2019Alliance entame son prochain chapitre, l\u2019appel r\u00e9sonne plus clairement que jamais : Aller Plus Loin en Christ. Aller Au-del\u00e0 dans la Mission. Aller Ensemble en tant que Famille de Dieu.<\/p>\n","protected":false},"author":24,"featured_media":42097,"template":"","meta":{"inline_featured_image":false,"ngg_post_thumbnail":0,"_EventAllDay":false,"_EventTimezone":"","_EventStartDate":"","_EventEndDate":"","_EventStartDateUTC":"","_EventEndDateUTC":"","_EventShowMap":false,"_EventShowMapLink":false,"_EventURL":"","_EventCost":"","_EventCostDescription":"","_EventCurrencySymbol":"","_EventCurrencyCode":"","_EventCurrencyPosition":"","_EventDateTimeSeparator":"","_EventTimeRangeSeparator":"","_EventOrganizerID":[],"_EventVenueID":[],"_OrganizerEmail":"","_OrganizerPhone":"","_OrganizerWebsite":"","_VenueAddress":"","_VenueCity":"","_VenueCountry":"","_VenueProvince":"","_VenueState":"","_VenueZip":"","_VenuePhone":"","_VenueURL":"","_VenueStateProvince":"","_VenueLat":"","_VenueLng":"","_VenueShowMap":false,"_VenueShowMapLink":false},"categories":[33],"tags":[277,382],"class_list":["post-42109","awf-news","type-awf-news","status-publish","has-post-thumbnail","hentry","category-news-fr","tag-afrique","tag-convocation-quadriennale"],"_links":{"self":[{"href":"https:\/\/awf.world\/fr\/wp-json\/wp\/v2\/awf-news\/42109","targetHints":{"allow":["GET"]}}],"collection":[{"href":"https:\/\/awf.world\/fr\/wp-json\/wp\/v2\/awf-news"}],"about":[{"href":"https:\/\/awf.world\/fr\/wp-json\/wp\/v2\/types\/awf-news"}],"author":[{"embeddable":true,"href":"https:\/\/awf.world\/fr\/wp-json\/wp\/v2\/users\/24"}],"wp:featuredmedia":[{"embeddable":true,"href":"https:\/\/awf.world\/fr\/wp-json\/wp\/v2\/media\/42097"}],"wp:attachment":[{"href":"https:\/\/awf.world\/fr\/wp-json\/wp\/v2\/media?parent=42109"}],"wp:term":[{"taxonomy":"category","embeddable":true,"href":"https:\/\/awf.world\/fr\/wp-json\/wp\/v2\/categories?post=42109"},{"taxonomy":"post_tag","embeddable":true,"href":"https:\/\/awf.world\/fr\/wp-json\/wp\/v2\/tags?post=42109"}],"curies":[{"name":"wp","href":"https:\/\/api.w.org\/{rel}","templated":true}]}}