{"id":41006,"date":"2025-08-29T13:20:13","date_gmt":"2025-08-29T16:20:13","guid":{"rendered":"https:\/\/awf.world\/?post_type=awf-news&#038;p=41006"},"modified":"2025-09-02T10:35:18","modified_gmt":"2025-09-02T13:35:18","slug":"2e-symposium-theologique-de-lalliance","status":"publish","type":"awf-news","link":"https:\/\/awf.world\/fr\/awf-news\/2e-symposium-theologique-de-lalliance\/","title":{"rendered":"Symposium Th\u00e9ologique de l\u2019Alliance sur Vie Profonde et Perspectives de la Mission"},"content":{"rendered":"<p style=\"text-align: justify;\"><strong>2e Symposium Th\u00e9ologique de l\u2019Alliance sur\u00a0\u00ab Vie Profonde et Perspectives de la Mission \u00bb,\u00a04-5 mai 2026, Izmir, T\u00fcrkiye<\/strong><\/p>\n<p>La <a href=\"https:\/\/awf.world\/fr\/education-theologique\/\" target=\"_blank\" rel=\"noopener\">Commission Internationale de l\u2019\u00c9ducation Th\u00e9ologique de l\u2019UMA<\/a> organisera un symposium th\u00e9ologique pour la communaut\u00e9 mondiale de l\u2019Alliance. Les universitaires, pasteurs, dirigeants et autres personnes souhaitant contribuer au travail de l\u2019Alliance sont invit\u00e9s \u00e0 proposer un article pour le symposium avant le 30 novembre 2025. L\u2019acceptation des articles sera communiqu\u00e9e au fur et \u00e0 mesure de la r\u00e9ception des propositions. Les pr\u00e9sentations dureront 20 minutes, suivies de 5 \u00e0 10 minutes suppl\u00e9mentaires pour les questions et les \u00e9changes. Il est pr\u00e9vu qu\u2019une s\u00e9lection d\u2019articles issus de la conf\u00e9rence soit ensuite publi\u00e9e dans un ouvrage collectif.<\/p>\n<p><strong>L\u2019appel \u00e0 articles est d\u00e9sormais ouvert pour tous ceux qui souhaitent aborder d\u2019une mani\u00e8re ou d\u2019une autre le th\u00e8me <em>Vie Profonde et Perspectives de la Mission<\/em>. Les articles traitant de divers aspects de ces th\u00e8mes sont les bienvenus.<\/strong><\/p>\n<p>Veuillez noter que la pr\u00e9f\u00e9rence sera donn\u00e9e aux intervenants qui peuvent assister au symposium en personne. Certaines pr\u00e9sentations en ligne pourraient \u00eatre disponibles.<\/p>\n<p><strong>Directives pour les Propositions de Communications<\/strong><\/p>\n<p>Le titre de la pr\u00e9sentation propos\u00e9e, avec un r\u00e9sum\u00e9 de 250 \u00e0 300 mots, doit \u00eatre envoy\u00e9 au pr\u00e9sident de l\u2019ICTE, le professeur agr\u00e9g\u00e9 Peter Laughlin (<a href=\"mailto:icte@awf.world\">icte@awf.world<\/a>) avant <strong>le 30 novembre 2025<\/strong>. Les soumissions doivent \u00eatre accompagn\u00e9es des coordonn\u00e9es suivantes : nom, titre, fonction, num\u00e9ro de t\u00e9l\u00e9phone et adresse e-mail.<\/p>\n<p>Bien \u00e0 vous,<\/p>\n<p>R\u00e9v\u00e9rend Dr Peter Laughlin<br \/>\nPr\u00e9sident, Commission Internationale de l\u2019Education Th\u00e9ologique<br \/>\nUnion Mondiale de l\u2019Alliance<\/p>\n","protected":false},"author":25,"featured_media":40998,"template":"","meta":{"inline_featured_image":false,"ngg_post_thumbnail":0,"_EventAllDay":false,"_EventTimezone":"","_EventStartDate":"","_EventEndDate":"","_EventStartDateUTC":"","_EventEndDateUTC":"","_EventShowMap":false,"_EventShowMapLink":false,"_EventURL":"","_EventCost":"","_EventCostDescription":"","_EventCurrencySymbol":"","_EventCurrencyCode":"","_EventCurrencyPosition":"","_EventDateTimeSeparator":"","_EventTimeRangeSeparator":"","_EventOrganizerID":[],"_EventVenueID":[],"_OrganizerEmail":"","_OrganizerPhone":"","_OrganizerWebsite":"","_VenueAddress":"","_VenueCity":"","_VenueCountry":"","_VenueProvince":"","_VenueState":"","_VenueZip":"","_VenuePhone":"","_VenueURL":"","_VenueStateProvince":"","_VenueLat":"","_VenueLng":"","_VenueShowMap":false,"_VenueShowMapLink":false},"categories":[853,636,33],"tags":[345,229,344],"class_list":["post-41006","awf-news","type-awf-news","status-publish","has-post-thumbnail","hentry","category-education-theologique","category-fixed-content-fr","category-news-fr","tag-commission-internationale-pour-leducation-theologique","tag-education-theologique","tag-icte-fr"],"_links":{"self":[{"href":"https:\/\/awf.world\/fr\/wp-json\/wp\/v2\/awf-news\/41006","targetHints":{"allow":["GET"]}}],"collection":[{"href":"https:\/\/awf.world\/fr\/wp-json\/wp\/v2\/awf-news"}],"about":[{"href":"https:\/\/awf.world\/fr\/wp-json\/wp\/v2\/types\/awf-news"}],"author":[{"embeddable":true,"href":"https:\/\/awf.world\/fr\/wp-json\/wp\/v2\/users\/25"}],"wp:featuredmedia":[{"embeddable":true,"href":"https:\/\/awf.world\/fr\/wp-json\/wp\/v2\/media\/40998"}],"wp:attachment":[{"href":"https:\/\/awf.world\/fr\/wp-json\/wp\/v2\/media?parent=41006"}],"wp:term":[{"taxonomy":"category","embeddable":true,"href":"https:\/\/awf.world\/fr\/wp-json\/wp\/v2\/categories?post=41006"},{"taxonomy":"post_tag","embeddable":true,"href":"https:\/\/awf.world\/fr\/wp-json\/wp\/v2\/tags?post=41006"}],"curies":[{"name":"wp","href":"https:\/\/api.w.org\/{rel}","templated":true}]}}