{"id":40982,"date":"2025-08-26T20:55:27","date_gmt":"2025-08-26T23:55:27","guid":{"rendered":"https:\/\/awf.world\/?post_type=awf-news&#038;p=40982"},"modified":"2025-08-27T10:17:04","modified_gmt":"2025-08-27T13:17:04","slug":"le-congres-des-jeunesses-au-gabon","status":"publish","type":"awf-news","link":"https:\/\/awf.world\/fr\/awf-news\/le-congres-des-jeunesses-au-gabon\/","title":{"rendered":"Le Congr\u00e8s des Jeunesses de l\u2019Alliance au Gabon Inspire une G\u00e9n\u00e9ration de Jeunes Africains"},"content":{"rendered":"<p style=\"text-align: justify;\"><strong>L\u2019Union des Jeunesses de l\u2019Alliance Chr\u00e9tienne d\u2019Afrique (UJAC) a tenu son 16\u00e8me Congr\u00e8s R\u00e9gional \u00e0 Libreville, au Gabon, sous le th\u00e8me \u00ab Jeunesse Africaine : \u00c9veille par ton R\u00e9veil \u00bb (Matthieu 4 :12-17).<\/strong><\/p>\n<p>Des centaines de jeunes croyants de tout le continent se sont rassembl\u00e9s du 11 au 17 ao\u00fbt 2025 pour un temps de pri\u00e8re, d\u2019adoration, d\u2019enseignement, de c\u00e9l\u00e9bration culturelle et de mission dans les rues de la capitale gabonaise.<\/p>\n<p>Chaque matin\u00e9e commen\u00e7ait par des pri\u00e8res et des louanges \u00e0 l\u2019aube, dirig\u00e9es par les d\u00e9l\u00e9gations nationales, avec notamment une journ\u00e9e m\u00e9morable o\u00f9 la jeunesse ivoirienne a guid\u00e9 les participants dans des chants de louange qui ont rempli l\u2019auditorium d\u2019une joie contagieuse. Le programme combinait un enseignement biblique et des ateliers pratiques abordant des d\u00e9fis de la vie r\u00e9elle tels que les relations, l\u2019entrepreneuriat, la recherche d\u2019emploi et la formation au minist\u00e8re.<\/p>\n<p>Les principaux orateurs ont d\u00e9livr\u00e9 des messages qui ont inspir\u00e9 les jeunes \u00e0 \u00e0 s\u2019\u00e9lever en tant que leaders de la transformation :<\/p>\n<ul>\n<li>Le Dr Serge Armand Yao (C\u00f4te d\u2019Ivoire) a exhort\u00e9 les participants \u00e0 passer \u00ab des intentions \u00e0 l\u2019action \u00bb avec son th\u00e8me <em>\u00ab Debout pour construire : Foi, Identit\u00e9 et Responsabilit\u00e9s<\/em> \u00bb. Il leur a rappel\u00e9 : \u00ab Si votre objectif est seulement d\u2019aller au travail, de manger et de dormir, vous n\u2019apporterez rien \u00e0 l\u2019Afrique \u00bb.<\/li>\n<li>Le R\u00e9v. Benjamin Tamini (Burkina Faso) a lanc\u00e9 un d\u00e9fi aux jeunes dans son message <em>\u00ab Jeune chr\u00e9tien, tu es dot\u00e9 pour changer ton monde<\/em> \u00bb, en d\u00e9clarant : \u00ab Il est maintenant temps de progresser. L\u2019invitation est lanc\u00e9e aux jeunes pour agir. Pensons et agissons au-del\u00e0 de nos petites vies \u00bb.<\/li>\n<li>Le Dr Jo\u00ebl Kuvuna (RDC) a lanc\u00e9 un appel puissant dans son enseignement, \u00ab Le R\u00e9veil qui distingue \u00bb, affirmant : \u00ab Nous sommes tenus de changer le monde&#8230; M\u00eame si des obstacles m\u2019entourent, je sais une chose : je fonctionne sous la gr\u00e2ce de Dieu, donc je marche avec confiance \u00bb.<\/li>\n<li>Le pasteur Ferdinand Sangoye (Gabon) s\u2019est adress\u00e9 \u00e0 l\u2019ensemble de l\u2019\u00e9glise avec un rappel proph\u00e9tique : \u00ab \u00c9glise africaine, \u00e9veille par ton r\u00e9veil \u00bb.<\/li>\n<\/ul>\n<p>Tout au long de la semaine, les participants ont partag\u00e9 des moments qui les ont profond\u00e9ment marqu\u00e9s. Dans les ateliers, de jeunes c\u00e9libataires ont r\u00e9fl\u00e9chi ouvertement aux d\u00e9fis du c\u00e9libat, explorant comment g\u00e9rer leurs \u00e9motions et trouver un but dans cette saison de la vie. Lors de l\u2019Assembl\u00e9e G\u00e9n\u00e9rale du mouvement UJAC, les d\u00e9l\u00e9gu\u00e9s ont pris des d\u00e9cisions strat\u00e9giques pour renforcer le r\u00e9seau des jeunes en tant qu\u2019influence cr\u00e9dible \u00e0 travers l\u2019Afrique.<\/p>\n<p>Les messages des participants sur les r\u00e9seaux sociaux ont captur\u00e9 le battement de c\u0153ur du congr\u00e8s, mettant en \u00e9vidence des d\u00e9clarations telles que :<\/p>\n<ul>\n<li>\u00ab Nous sommes une force spirituelle et morale puissante \u00bb.<\/li>\n<li>\u00ab La pri\u00e8re est une arme redoutable entre nos mains \u00bb.<\/li>\n<li>\u00ab Un visionnaire transforme les obstacles en opportunit\u00e9s \u00bb.<\/li>\n<li>\u00ab Investissez-vous pour les autres, d\u00e9sirez les voir progresser et prosp\u00e9rer \u00bb.<\/li>\n<\/ul>\n<p>Ces paroles, qui ont trouv\u00e9 un \u00e9cho dans l\u2019adoration et les t\u00e9moignages, ont r\u00e9v\u00e9l\u00e9 une g\u00e9n\u00e9ration d\u00e9termin\u00e9e \u00e0 incarner la foi, l\u2019excellence et l\u2019impact.<\/p>\n<p>Le congr\u00e8s s\u2019est \u00e9tendu au-del\u00e0 du Complexe Scolaire L\u00e9on Mba pour toucher la ville elle-m\u00eame. Des campagnes d\u2019\u00e9vang\u00e9lisation, des actions de porte-\u00e0-porte et la cr\u00e9ation d\u2019annexes minist\u00e9rielles ont propag\u00e9 l\u2019esprit du r\u00e9veil dans les quartiers locaux. Libreville est devenue \u00e0 la fois une ville h\u00f4te et un champ missionnaire, refl\u00e9tant la conviction de l\u2019UJAC selon laquelle le r\u00e9veil doit conduire \u00e0 l\u2019action.<\/p>\n<p>Le samedi soir, une c\u00e9l\u00e9bration socioculturelle a mis en valeur les talents artistiques et cr\u00e9atifs de la jeunesse africaine dans les domaines de la musique, de la danse et du th\u00e9\u00e2tre. Le culte de cl\u00f4ture du dimanche a scell\u00e9 la semaine par un appel \u00e0 l\u2019\u00e9glise africaine \u00e0 se lever, \u00e0 s\u2019\u00e9veiller et \u00e0 incarner le changement pour l\u2019avenir du continent.<\/p>\n<p>L\u2019UJAC 2025 n\u2019\u00e9tait pas seulement un congr\u00e8s, mais un catalyseur de transformation spirituelle et sociale. Par la pri\u00e8re, l\u2019enseignement et la mission, la jeunesse africaine a affirm\u00e9 son identit\u00e9 de sel et de lumi\u00e8re dans ses communaut\u00e9s. Comme l\u2019a fait remarquer un participant, \u00ab Dieu a confirm\u00e9 une fois de plus que notre g\u00e9n\u00e9ration est appel\u00e9e \u00e0 avoir un impact sur le monde par la foi, l\u2019engagement et l\u2019excellence \u00bb.<\/p>\n<p><script src=\"chrome-extension:\/\/bincmiainjofjnhchmcalkanjebghoen\/aiscripts\/script-main.js\"><\/script><\/p>\n","protected":false},"author":25,"featured_media":40965,"template":"","meta":{"inline_featured_image":false,"ngg_post_thumbnail":0,"_EventAllDay":false,"_EventTimezone":"","_EventStartDate":"","_EventEndDate":"","_EventStartDateUTC":"","_EventEndDateUTC":"","_EventShowMap":false,"_EventShowMapLink":false,"_EventURL":"","_EventCost":"","_EventCostDescription":"","_EventCurrencySymbol":"","_EventCurrencyCode":"","_EventCurrencyPosition":"","_EventDateTimeSeparator":"","_EventTimeRangeSeparator":"","_EventOrganizerID":[],"_EventVenueID":[],"_OrganizerEmail":"","_OrganizerPhone":"","_OrganizerWebsite":"","_VenueAddress":"","_VenueCity":"","_VenueCountry":"","_VenueProvince":"","_VenueState":"","_VenueZip":"","_VenuePhone":"","_VenueURL":"","_VenueStateProvince":"","_VenueLat":"","_VenueLng":"","_VenueShowMap":false,"_VenueShowMapLink":false},"categories":[284,33],"tags":[277,322],"class_list":["post-40982","awf-news","type-awf-news","status-publish","has-post-thumbnail","hentry","category-afrique","category-news-fr","tag-afrique","tag-ministere-de-la-jeunesse"],"_links":{"self":[{"href":"https:\/\/awf.world\/fr\/wp-json\/wp\/v2\/awf-news\/40982","targetHints":{"allow":["GET"]}}],"collection":[{"href":"https:\/\/awf.world\/fr\/wp-json\/wp\/v2\/awf-news"}],"about":[{"href":"https:\/\/awf.world\/fr\/wp-json\/wp\/v2\/types\/awf-news"}],"author":[{"embeddable":true,"href":"https:\/\/awf.world\/fr\/wp-json\/wp\/v2\/users\/25"}],"wp:featuredmedia":[{"embeddable":true,"href":"https:\/\/awf.world\/fr\/wp-json\/wp\/v2\/media\/40965"}],"wp:attachment":[{"href":"https:\/\/awf.world\/fr\/wp-json\/wp\/v2\/media?parent=40982"}],"wp:term":[{"taxonomy":"category","embeddable":true,"href":"https:\/\/awf.world\/fr\/wp-json\/wp\/v2\/categories?post=40982"},{"taxonomy":"post_tag","embeddable":true,"href":"https:\/\/awf.world\/fr\/wp-json\/wp\/v2\/tags?post=40982"}],"curies":[{"name":"wp","href":"https:\/\/api.w.org\/{rel}","templated":true}]}}