{"id":39503,"date":"2025-06-20T17:46:28","date_gmt":"2025-06-20T20:46:28","guid":{"rendered":"https:\/\/awf.world\/?post_type=awf-news&#038;p=39503"},"modified":"2025-06-30T18:15:31","modified_gmt":"2025-06-30T21:15:31","slug":"seminaire-de-formation-de-lalliance-en-france","status":"publish","type":"awf-news","link":"https:\/\/awf.world\/fr\/awf-news\/seminaire-de-formation-de-lalliance-en-france\/","title":{"rendered":"Les Dirigeants de l\u2019Alliance R\u00e9fl\u00e9chissent \u00e0 leur ADN Spirituel lors d\u2019un S\u00e9minaire de Formation en France"},"content":{"rendered":"<p style=\"text-align: justify;\"><strong>Dans le cadre d\u2019une \u00e9tape importante vers la promotion de l\u2019unit\u00e9 et d\u2019une compr\u00e9hension th\u00e9ologique plus profonde entre les \u00c9glises de l\u2019Alliance en France, plus de 30 dirigeants de tout le pays et de l\u2019Espagne voisine se sont r\u00e9unis \u00e0 Toulouse pour assister \u00e0 un s\u00e9minaire de formation sur l\u2019ADN de l\u2019Alliance.<\/strong><\/p>\n<p>Contrairement aux nombreuses r\u00e9gions de l\u2019Alliance dans le monde, la France ne dispose pas d\u2019un \u00e9tablissement de formation th\u00e9ologique d\u00e9di\u00e9 \u00e0 ses pasteurs et dirigeants. Beaucoup de ceux qui servent dans le minist\u00e8re viennent de divers horizons th\u00e9ologiques. Ce s\u00e9minaire de formation, organis\u00e9 en partenariat avec l\u2019Union Mondiale de l\u2019Alliance (UMA), sa <a href=\"https:\/\/awf.world\/fr\/education-theologique\/\" target=\"_blank\" rel=\"noopener\">Commission Internationale de l\u2019Education Th\u00e9ologique (ICTE)<\/a> et la AECM France, visait \u00e0 renforcer la compr\u00e9hension des participants sur l\u2019identit\u00e9 et la th\u00e9ologie de l\u2019Alliance.<\/p>\n<p>Une \u00e9quipe de b\u00e9n\u00e9voles enthousiastes a fait en sorte que les participants se sentent chez eux, facilitant un environnement d\u2019apprentissage accueillant et dynamique. La gratitude a \u00e9t\u00e9 exprim\u00e9e \u00e0 l\u2019UMA pour son soutien intentionnel au contexte fran\u00e7ais et \u00e0 l\u2019\u00c9glise Internationale de Toulouse pour avoir gracieusement accueilli l\u2019\u00e9v\u00e9nement.<\/p>\n<p>Au c\u0153ur du s\u00e9minaire se trouvait une red\u00e9couverte de l\u2019h\u00e9ritage spirituel du fondateur de l\u2019Alliance, Albert Benjamin Simpson. Le s\u00e9minaire a r\u00e9uni deux conf\u00e9renciers principaux : le Dr Peter Laughlin, pr\u00e9sident de l\u2019ICTE de l\u2019UMA d\u2019Australie, et le Dr Walter Perez, membre du conseil d\u2019administration de l\u2019ICTE et de la Facult\u00e9 de Th\u00e9ologie Latino-am\u00e9ricaine (FATELA), d\u2019Argentine. Tous deux ont apport\u00e9 de la profondeur et de la passion \u00e0 leurs pr\u00e9sentations, suscitant de riches conversations autour de tables partag\u00e9es.<\/p>\n<p>Le Dr Laughlin a soulign\u00e9 quatre moments cl\u00e9s de la vie d\u2019A. B. Simpson : sa conversion personnelle, sa qu\u00eate de sanctification, sa vision missionnaire et son exp\u00e9rience personnelle de la gu\u00e9rison divine. Ces \u00e9l\u00e9ments restent aujourd\u2019hui au c\u0153ur de l\u2019identit\u00e9 de l\u2019Alliance.<\/p>\n<p>Le s\u00e9minaire a \u00e9galement mis l\u2019accent sur trois piliers de la th\u00e9ologie de l\u2019Alliance qui sont souvent sous-estim\u00e9s dans la vie de l\u2019\u00e9glise contemporaine :<\/p>\n<ul>\n<li><strong>Une Vie Profonde en Christ <\/strong>: un appel \u00e0 la sanctification continue et \u00e0 la profondeur spirituelle.<\/li>\n<li><strong>Christ Notre Gu\u00e9risseur <\/strong>: Confiance dans la puissance de J\u00e9sus pour restaurer tous les domaines de la vie.<\/li>\n<li><strong>Christ Notre Roi \u00e0 Venir <\/strong>: Un engagement \u00e0 proclamer l\u2019amour de Christ jusqu\u2019\u00e0 son retour.<\/li>\n<\/ul>\n<p>Il ne s\u2019agit pas simplement de d\u00e9clarations doctrinales, a-t-on rappel\u00e9 aux participants, mais d\u2019un mode de vie. L\u2019UMA invite les croyants \u00e0 un voyage vivant, guid\u00e9 par l\u2019Esprit, qui d\u00e9fie le confort et oblige \u00e0 la mission.<\/p>\n<p>\u00ab J\u2019ai longtemps cru que l\u2019Alliance Chr\u00e9tienne et Missionnaire primitive \u00e9tait le produit d\u2019un moment historique unique et du caract\u00e8re remarquable d\u2019A. B. Simpson \u00bb, a d\u00e9clar\u00e9 le Dr P\u00e9rez. \u00ab Il s\u2019est fait le champion d\u2019une vision in\u00e9branlable qui a fa\u00e7onn\u00e9 sa vie, son minist\u00e8re et l\u2019avenir du mouvement : le monde \u00e9tait le d\u00e9fi, et il fallait l\u2019atteindre en pr\u00e9vision du retour du Seigneur. \u00bb<\/p>\n<p>Avec une spiritualit\u00e9 centr\u00e9e sur Christ et des enseignements r\u00e9volutionnaires sur le Saint-Esprit qui produit \u00e0 la fois la saintet\u00e9 et le service, Simpson a jet\u00e9 les bases de ce qui est devenu un mouvement missionnaire mondial. Des \u00e9glises ont \u00e9t\u00e9 implant\u00e9es, des s\u00e9minaires ont \u00e9t\u00e9 fond\u00e9s et des g\u00e9n\u00e9rations de pasteurs et de missionnaires se sont \u00e9lev\u00e9es dans les pays l\u2019un apr\u00e8s l\u2019autre.<\/p>\n<p>\u00ab Pour moi \u00bb, a d\u00e9clar\u00e9 le R\u00e9v. Olivier LO, pr\u00e9sident de la AECM France, \u00ab l\u2019Alliance est un mouvement \u00e9vang\u00e9lique missionnaire centr\u00e9 sur J\u00e9sus-Christ. Il nous invite \u00e0 vivre authentiquement son salut et \u00e0 faire l\u2019exp\u00e9rience d\u2019une profonde transformation. Plus qu\u2019une d\u00e9nomination ou un message, c\u2019est un art de vivre engag\u00e9. L\u2019Alliance, centr\u00e9e sur J\u00e9sus, s\u2019engage pour le monde. Mais par-dessus tout, ce qui d\u00e9finissait Simpson, c\u2019\u00e9tait sa passion pour le Seigneur, une passion qui a enflamm\u00e9 sa vie. Sans ce d\u00e9sir ardent d\u2019expansion de l\u2019\u00e9vangile, la mission ne peut perdurer \u00bb.<\/p>\n<p>Plus qu\u2019une remise \u00e0 niveau th\u00e9ologique, le s\u00e9minaire a servi d\u2019appel communautaire \u00e0 l\u2019action : vivre l\u2019identit\u00e9 de l\u2019Alliance en tant que famille en mission, unie dans le Christ et propuls\u00e9e par un d\u00e9sir commun d\u2019apporter son esp\u00e9rance au monde.<\/p>\n<p>Comme l\u2019a r\u00e9sum\u00e9 l\u2019un des participants : \u00ab L\u2019ADN de l\u2019Alliance n\u2019est pas seulement ce que nous croyons, c\u2019est ce que nous sommes, ensemble, en Christ \u00bb.<\/p>\n","protected":false},"author":24,"featured_media":38557,"template":"","meta":{"inline_featured_image":false,"ngg_post_thumbnail":0,"_EventAllDay":false,"_EventTimezone":"","_EventStartDate":"","_EventEndDate":"","_EventStartDateUTC":"","_EventEndDateUTC":"","_EventShowMap":false,"_EventShowMapLink":false,"_EventURL":"","_EventCost":"","_EventCostDescription":"","_EventCurrencySymbol":"","_EventCurrencyCode":"","_EventCurrencyPosition":"","_EventDateTimeSeparator":"","_EventTimeRangeSeparator":"","_EventOrganizerID":[],"_EventVenueID":[],"_OrganizerEmail":"","_OrganizerPhone":"","_OrganizerWebsite":"","_VenueAddress":"","_VenueCity":"","_VenueCountry":"","_VenueProvince":"","_VenueState":"","_VenueZip":"","_VenuePhone":"","_VenueURL":"","_VenueStateProvince":"","_VenueLat":"","_VenueLng":"","_VenueShowMap":false,"_VenueShowMapLink":false},"categories":[853,145,33],"tags":[345],"class_list":["post-39503","awf-news","type-awf-news","status-publish","has-post-thumbnail","hentry","category-education-theologique","category-europe-middle-east","category-news-fr","tag-commission-internationale-pour-leducation-theologique"],"_links":{"self":[{"href":"https:\/\/awf.world\/fr\/wp-json\/wp\/v2\/awf-news\/39503","targetHints":{"allow":["GET"]}}],"collection":[{"href":"https:\/\/awf.world\/fr\/wp-json\/wp\/v2\/awf-news"}],"about":[{"href":"https:\/\/awf.world\/fr\/wp-json\/wp\/v2\/types\/awf-news"}],"author":[{"embeddable":true,"href":"https:\/\/awf.world\/fr\/wp-json\/wp\/v2\/users\/24"}],"wp:featuredmedia":[{"embeddable":true,"href":"https:\/\/awf.world\/fr\/wp-json\/wp\/v2\/media\/38557"}],"wp:attachment":[{"href":"https:\/\/awf.world\/fr\/wp-json\/wp\/v2\/media?parent=39503"}],"wp:term":[{"taxonomy":"category","embeddable":true,"href":"https:\/\/awf.world\/fr\/wp-json\/wp\/v2\/categories?post=39503"},{"taxonomy":"post_tag","embeddable":true,"href":"https:\/\/awf.world\/fr\/wp-json\/wp\/v2\/tags?post=39503"}],"curies":[{"name":"wp","href":"https:\/\/api.w.org\/{rel}","templated":true}]}}