{"id":38546,"date":"2025-06-24T20:49:02","date_gmt":"2025-06-24T23:49:02","guid":{"rendered":"https:\/\/awf.world\/?post_type=awf-news&#038;p=38546"},"modified":"2025-06-24T20:59:03","modified_gmt":"2025-06-24T23:59:03","slug":"en-memoire-du-dr-benjamin-pada-de-jesus","status":"publish","type":"awf-news","link":"https:\/\/awf.world\/fr\/awf-news\/en-memoire-du-dr-benjamin-pada-de-jesus\/","title":{"rendered":"En M\u00e9moire du Dr. Benjamin Pada De Jesus, un Mod\u00e8le de Leadership Chr\u00e9tien au Service des Autres"},"content":{"rendered":"<p style=\"text-align: justify;\"><strong>Le Dr Benjamin \u00ab Ben \u00bb Pada de Jesus \u00e9tait un leader visionnaire, un pasteur, un \u00e9ducateur et un serviteur mondial de l\u2019Alliance Chr\u00e9tienne et Missionnaire.<\/strong><\/p>\n<p>Le Dr Benjamin \u00ab Ben \u00bb Pada de Jesus, le plus ancien pr\u00e9sident de <a href=\"https:\/\/awf.world\/fr\/country-description\/philippines\/\" target=\"_blank\" rel=\"noopener\">l\u2019Alliance Chr\u00e9tienne et Missionnaire des Philippines (CAMACOP)<\/a>, a v\u00e9cu une vie marqu\u00e9e par une foi in\u00e9branlable, l\u2019excellence acad\u00e9mique et un leadership centr\u00e9 sur Christ. Il \u00e9tait un parangon de leadership serviteur qui a influenc\u00e9 des g\u00e9n\u00e9rations \u00e0 travers les Philippines et le monde entier.<\/p>\n<p>L\u2019un de ses plus \u00e9minents dirigeants, le Dr Ben est entr\u00e9 dans la pr\u00e9sence du Seigneur le 28 mai 2025, \u00e0 l\u2019\u00e2ge de 91 ans. Pr\u00e9dicateur, \u00e9ducateur, \u00e9crivain et dirigeant visionnaire de talent, il a laiss\u00e9 en h\u00e9ritage des d\u00e9cennies de minist\u00e8re fid\u00e8le et fructueux. La famille de l\u2019Alliance Chr\u00e9tienne et Missionnaire (CMA) pleure sa disparition.<\/p>\n<p>Bien qu\u2019il ait d\u2019abord r\u00eav\u00e9 d\u2019une carri\u00e8re militaire et juridique, l\u2019appel de Dieu sur sa vie s\u2019est av\u00e9r\u00e9 in\u00e9luctable. Apr\u00e8s des ann\u00e9es de r\u00e9sistance, Ben s\u2019est rendu \u00e0 la volont\u00e9 du Seigneur au cours d\u2019une nuit de pri\u00e8re silencieuse \u00e0 Manille. \u00c0 partir de ce moment-l\u00e0, la trajectoire de sa vie a \u00e9t\u00e9 fix\u00e9e : servir le Seigneur de tout son c\u0153ur.<\/p>\n<p>Il a commenc\u00e9 sa formation th\u00e9ologique \u00e0 l\u2019Institut biblique Ebenezer en 1955, dont il est sorti dipl\u00f4m\u00e9 en 1960. Ses premi\u00e8res missions pastorales l\u2019ont men\u00e9 des humbles communaut\u00e9s du sud de Cotabato aux villes anim\u00e9es de Davao et de Quezon City. \u00c0 chaque \u00e9tape, son c\u0153ur de berger, sa rigueur intellectuelle et son engagement in\u00e9branlable envers Christ sont devenus \u00e9vidents.<\/p>\n<p>Parmi les nombreux r\u00f4les qu\u2019il a jou\u00e9s en tant que dirigeant, Ben a occup\u00e9 les fonctions suivantes :<\/p>\n<ul>\n<li>Directeur du Rallye national de la jeunesse (1961-1967), \u00e0 l\u2019origine de ce qui allait devenir l\u2019Alliance de la jeunesse des Philippines.<\/li>\n<li>Surintendant de district de Mindanao Est (1966-1967) et de Luzon-Palawan (1972).<\/li>\n<li>Pr\u00e9sident de la CAMACOP (1978-1989), le plus long mandat de l\u2019histoire de la d\u00e9nomination.<\/li>\n<li>Pr\u00e9sident (1987-1991) et Directeur Ex\u00e9cutif (1992-2000) de l\u2019Union Mondiale de l\u2019Alliance (UMA), qui renforce les liens mondiaux entre les \u00e9glises de l\u2019Alliance.<\/li>\n<li>Pr\u00e9sident de l\u2019Ebenezer Bible College and Seminary (1999-2005).<\/li>\n<\/ul>\n<p>Apprenant toute sa vie, Ben a obtenu des dipl\u00f4mes de l\u2019Universit\u00e9 Far Eastern (1972), du Wheaton College (Summa Cum Laude, 1973) et du Southwestern Baptist Theological Seminary (Doctorat, 1978). Il \u00e9tait autant un homme de lettres qu\u2019un homme de pri\u00e8re. Ses contributions \u00e9crites &#8211; livres, colonnes de magazines et r\u00e9flexions th\u00e9ologiques &#8211; continuent \u00e0 fa\u00e7onner la pens\u00e9e chr\u00e9tienne et la formation des dirigeants au sein des \u00c9glises de l\u2019Alliance Chr\u00e9tienne et Missionnaires des Philippines (CAMACOP) et au-del\u00e0.<\/p>\n<p>L\u2019influence de Ben s\u2019est \u00e9galement fait sentir dans sa famille. Il \u00e9tait mari\u00e9 \u00e0 Leoncia Maligro, qui a \u00e9t\u00e9 pr\u00e9sidente de la Confraternit\u00e9 Nationale Missionnaire F\u00e9minine de Pri\u00e8re (1982-1992). Ensemble, ils ont \u00e9lev\u00e9 quatre enfants &#8211; Anne, Benji Jr, Charles John et Dan Marshall &#8211; qui perp\u00e9tuent l\u2019h\u00e9ritage de service de leurs parents.<\/p>\n<p>N\u00e9 le 18 avril 1934 \u00e0 Zamboanga City, Ben est le deuxi\u00e8me fils du r\u00e9v\u00e9rend Florentino de Jesus Sr, deuxi\u00e8me pr\u00e9sident de la CAMACOP, et de Mme Maria Pada. Ses premi\u00e8res ann\u00e9es ont \u00e9t\u00e9 marqu\u00e9es par de profondes influences spirituelles. \u00c0 l\u2019\u00e2ge de six ans, lors d\u2019une soir\u00e9e orageuse dans le village flottant de Siasi, \u00e0 Sulu, le jeune Ben, effray\u00e9, s\u2019est accroch\u00e9 \u00e0 sa m\u00e8re et a fait une pri\u00e8re enfantine mais qui a chang\u00e9 sa vie : \u00ab Cher J\u00e9sus, viens dans mon c\u0153ur \u00bb. Ce moment marque le d\u00e9but d\u2019un voyage caract\u00e9ris\u00e9 par un abandon total et une d\u00e9votion \u00e0 Christ tout au long de la vie.<\/p>\n<p>\u00c0 chaque \u00e9tape de son minist\u00e8re, que ce soit derri\u00e8re une chaire, dans une salle d\u2019universit\u00e9, sur le terrain de la mission ou \u00e0 la t\u00eate d\u2019un leadership mondial, Ben a fait preuve d\u2019humilit\u00e9, de sagesse et de profondeur spirituelle. Sa r\u00e9flexion, souvent r\u00e9p\u00e9t\u00e9e, refl\u00e8te le c\u0153ur qui sous-tend son impact durable : \u00ab Je suis ce que je suis, premi\u00e8rement, gr\u00e2ce \u00e0 la gr\u00e2ce de Dieu ; deuxi\u00e8mement, gr\u00e2ce aux pr\u00e9occupations de mes parents ; troisi\u00e8mement, gr\u00e2ce aux amis chr\u00e9tiens et aux missionnaires qui se sont donn\u00e9s \u00e0 nous dans le cadre d\u2019un service sacrificiel \u00bb.<\/p>\n<p>Sa disparition n\u2019est pas seulement un moment de tristesse, c\u2019est la c\u00e9l\u00e9bration d\u2019une vie bien v\u00e9cue pour la gloire de Dieu. Nous nous faisons l\u2019\u00e9cho des paroles de l\u2019\u00c9criture sur sa vie : \u00ab C\u2019est bien, bon et fid\u00e8le serviteur \u00bb (Matthieu 25 :23).<\/p>\n<p>Puisse sa m\u00e9moire inspirer les g\u00e9n\u00e9rations futures de leaders serviteurs.<\/p>\n","protected":false},"author":24,"featured_media":38544,"template":"","meta":{"inline_featured_image":false,"ngg_post_thumbnail":0,"_EventAllDay":false,"_EventTimezone":"","_EventStartDate":"","_EventEndDate":"","_EventStartDateUTC":"","_EventEndDateUTC":"","_EventShowMap":false,"_EventShowMapLink":false,"_EventURL":"","_EventCost":"","_EventCostDescription":"","_EventCurrencySymbol":"","_EventCurrencyCode":"","_EventCurrencyPosition":"","_EventDateTimeSeparator":"","_EventTimeRangeSeparator":"","_EventOrganizerID":[],"_EventVenueID":[],"_OrganizerEmail":"","_OrganizerPhone":"","_OrganizerWebsite":"","_VenueAddress":"","_VenueCity":"","_VenueCountry":"","_VenueProvince":"","_VenueState":"","_VenueZip":"","_VenuePhone":"","_VenueURL":"","_VenueStateProvince":"","_VenueLat":"","_VenueLng":"","_VenueShowMap":false,"_VenueShowMapLink":false},"categories":[150,33],"tags":[196,652,269],"class_list":["post-38546","awf-news","type-awf-news","status-publish","has-post-thumbnail","hentry","category-asia-pacific","category-news-fr","tag-apac-fr","tag-asie-pacifique","tag-philippines-fr"],"_links":{"self":[{"href":"https:\/\/awf.world\/fr\/wp-json\/wp\/v2\/awf-news\/38546","targetHints":{"allow":["GET"]}}],"collection":[{"href":"https:\/\/awf.world\/fr\/wp-json\/wp\/v2\/awf-news"}],"about":[{"href":"https:\/\/awf.world\/fr\/wp-json\/wp\/v2\/types\/awf-news"}],"author":[{"embeddable":true,"href":"https:\/\/awf.world\/fr\/wp-json\/wp\/v2\/users\/24"}],"wp:featuredmedia":[{"embeddable":true,"href":"https:\/\/awf.world\/fr\/wp-json\/wp\/v2\/media\/38544"}],"wp:attachment":[{"href":"https:\/\/awf.world\/fr\/wp-json\/wp\/v2\/media?parent=38546"}],"wp:term":[{"taxonomy":"category","embeddable":true,"href":"https:\/\/awf.world\/fr\/wp-json\/wp\/v2\/categories?post=38546"},{"taxonomy":"post_tag","embeddable":true,"href":"https:\/\/awf.world\/fr\/wp-json\/wp\/v2\/tags?post=38546"}],"curies":[{"name":"wp","href":"https:\/\/api.w.org\/{rel}","templated":true}]}}