{"id":38255,"date":"2025-05-16T15:38:26","date_gmt":"2025-05-16T18:38:26","guid":{"rendered":"https:\/\/awf.world\/?post_type=awf-news&#038;p=38255"},"modified":"2025-05-19T15:13:04","modified_gmt":"2025-05-19T18:13:04","slug":"nouvelle-publication-theologique","status":"publish","type":"awf-news","link":"https:\/\/awf.world\/fr\/awf-news\/nouvelle-publication-theologique\/","title":{"rendered":"Une Nouvelle Publication Th\u00e9ologique Met en Lumi\u00e8re les Perspectives Mondiales de l\u2019Alliance Chr\u00e9tienne et Missionnaire"},"content":{"rendered":"<p style=\"text-align: justify;\"><strong>Une importante publication vient d\u2019\u00eatre lanc\u00e9e par l\u2019Union Mondiale de l\u2019Alliance (UMA) ; cette publication rassemble les principales id\u00e9es et conversations du Symposium Th\u00e9ologique de l\u2019Alliance 2023 qui s\u2019est tenu \u00e0 Toulouse, en France. D\u00e9sormais disponible en format imprim\u00e9 et en e-book chez votre d\u00e9taillant Amazon local, ce volume rassemble 14 articles scientifiques qui apportent une r\u00e9flexion \u00e0 l\u2019histoire, \u00e0 la th\u00e9ologie et \u00e0 la mission de l\u2019Alliance Chr\u00e9tienne et Missionnaire (CMA).<\/strong><\/p>\n<p>Les 26 et 27 juin 2023, plus de 50 participants du monde entier se sont r\u00e9unis dans la belle ville de Toulouse pour un temps de dialogue th\u00e9ologique riche et de connexion mondiale. Organis\u00e9 par la <a href=\"https:\/\/awf.world\/fr\/education-theologique\/\" target=\"_blank\" rel=\"noopener\">Commission Internationale d\u2019\u00c9ducation Th\u00e9ologique (ICTE) de l\u2019UMA<\/a>, le symposium a pr\u00e9sent\u00e9 25 communications faites par des chercheurs des cinq continents en espagnol, en fran\u00e7ais et en anglais. Reconnaissant l\u2019importance de ces conversations, l\u2019ICTE a compil\u00e9 14 de ces contributions dans ce volume qui vient de para\u00eetre. Divis\u00e9 en trois sections,<em> Histoire<\/em>, <em>Th\u00e9ologie<\/em> et <em>Mission,<\/em> le livre invite un public plus large \u00e0 participer aux conversations essentielles qui fa\u00e7onnent l\u2019identit\u00e9 et la mission de la famille mondiale de l\u2019Alliance. Les lecteurs rencontreront des sujets tels que les particularit\u00e9s de l\u2019Alliance, les d\u00e9veloppements historiques de la mission, l\u2019eccl\u00e9siologie mondiale et les strat\u00e9gies missionnaires efficaces, tous pr\u00e9sent\u00e9s par des sp\u00e9cialistes issus de l\u2019ensemble du mouvement.<\/p>\n<p>Il est important de noter que l\u2019ICTE a choisi de pr\u00e9server l\u2019int\u00e9grit\u00e9 linguistique du symposium en publiant chaque communication dans la langue dans laquelle elle a \u00e9t\u00e9 pr\u00e9sent\u00e9e. Les lecteurs sont encourag\u00e9s \u00e0 utiliser des outils de traduction au besoin et \u00e0 communiquer directement avec les auteurs pour obtenir un engagement plus approfondi.<\/p>\n<p>\u00ab Cette publication est plus qu\u2019un recueil d\u2019articles \u00bb, d\u00e9clare le pasteur Peter Laughlin, pr\u00e9sident de l\u2019ICTE et r\u00e9dacteur en chef du volume. \u00ab C\u2019est une invitation \u00e0 approfondir notre compr\u00e9hension commune de qui nous sommes en tant que famille mondiale et de la mani\u00e8re dont nous pouvons rester unis dans nos objectifs malgr\u00e9 notre riche diversit\u00e9. Dans un monde de plus en plus complexe, ce type de r\u00e9flexion th\u00e9ologique est essentiel \u00bb.<\/p>\n<p>L\u2019Alliance \u00e9tant aujourd\u2019hui pr\u00e9sente dans plus de 80 pays et impliquant un large \u00e9ventail de cultures et de langues, le besoin d\u2019une identit\u00e9 claire et d\u2019une coh\u00e9sion th\u00e9ologique n\u2019a jamais \u00e9t\u00e9 aussi grand. L\u2019ICTE et l\u2019UMA esp\u00e8rent que ce volume servira de catalyseur pour un dialogue continu et constructif au sein du mouvement mondial.<\/p>\n<p>Que vous soyez pasteur, universitaire, missionnaire ou simplement int\u00e9ress\u00e9 par la vie de l\u2019\u00e9glise mondiale, cette publication offre une fen\u00eatre fascinante sur le travail et la pens\u00e9e en cours de l\u2019Alliance Chr\u00e9tienne et Missionnaire.<\/p>\n<p>Obtenez votre exemplaire d\u00e8s aujourd\u2019hui en version imprim\u00e9e ou en e-book sur Amazon et rejoignez la conversation qui fa\u00e7onne l\u2019avenir de la CMA.<\/p>\n","protected":false},"author":24,"featured_media":38218,"template":"","meta":{"inline_featured_image":false,"ngg_post_thumbnail":0,"_EventAllDay":false,"_EventTimezone":"","_EventStartDate":"","_EventEndDate":"","_EventStartDateUTC":"","_EventEndDateUTC":"","_EventShowMap":false,"_EventShowMapLink":false,"_EventURL":"","_EventCost":"","_EventCostDescription":"","_EventCurrencySymbol":"","_EventCurrencyCode":"","_EventCurrencyPosition":"","_EventDateTimeSeparator":"","_EventTimeRangeSeparator":"","_EventOrganizerID":[],"_EventVenueID":[],"_OrganizerEmail":"","_OrganizerPhone":"","_OrganizerWebsite":"","_VenueAddress":"","_VenueCity":"","_VenueCountry":"","_VenueProvince":"","_VenueState":"","_VenueZip":"","_VenuePhone":"","_VenueURL":"","_VenueStateProvince":"","_VenueLat":"","_VenueLng":"","_VenueShowMap":false,"_VenueShowMapLink":false},"categories":[853,33],"tags":[345,344],"class_list":["post-38255","awf-news","type-awf-news","status-publish","has-post-thumbnail","hentry","category-education-theologique","category-news-fr","tag-commission-internationale-pour-leducation-theologique","tag-icte-fr"],"_links":{"self":[{"href":"https:\/\/awf.world\/fr\/wp-json\/wp\/v2\/awf-news\/38255","targetHints":{"allow":["GET"]}}],"collection":[{"href":"https:\/\/awf.world\/fr\/wp-json\/wp\/v2\/awf-news"}],"about":[{"href":"https:\/\/awf.world\/fr\/wp-json\/wp\/v2\/types\/awf-news"}],"author":[{"embeddable":true,"href":"https:\/\/awf.world\/fr\/wp-json\/wp\/v2\/users\/24"}],"wp:featuredmedia":[{"embeddable":true,"href":"https:\/\/awf.world\/fr\/wp-json\/wp\/v2\/media\/38218"}],"wp:attachment":[{"href":"https:\/\/awf.world\/fr\/wp-json\/wp\/v2\/media?parent=38255"}],"wp:term":[{"taxonomy":"category","embeddable":true,"href":"https:\/\/awf.world\/fr\/wp-json\/wp\/v2\/categories?post=38255"},{"taxonomy":"post_tag","embeddable":true,"href":"https:\/\/awf.world\/fr\/wp-json\/wp\/v2\/tags?post=38255"}],"curies":[{"name":"wp","href":"https:\/\/api.w.org\/{rel}","templated":true}]}}