{"id":37760,"date":"2025-04-23T21:01:34","date_gmt":"2025-04-24T00:01:34","guid":{"rendered":"https:\/\/awf.world\/?post_type=awf-news&#038;p=37760"},"modified":"2025-04-25T14:17:02","modified_gmt":"2025-04-25T17:17:02","slug":"quadriennale-2025-de-luma-a-yamoussoukro","status":"publish","type":"awf-news","link":"https:\/\/awf.world\/fr\/awf-news\/quadriennale-2025-de-luma-a-yamoussoukro\/","title":{"rendered":"Nouveau Lieu, M\u00eame Objectif Passionn\u00e9 : La Quadriennale 2025 de l\u2019UMA \u00e0 Yamoussoukro"},"content":{"rendered":"<p>Bien-aim\u00e9e Famille de l\u2019Alliance,<\/p>\n<p>Le c\u0153ur rempli de gratitude et d\u2019esp\u00e9rance, nous vous saluons au nom de notre Seigneur J\u00e9sus-Christ. La r\u00e9action de notre famille mondiale de l\u2019Alliance concernant la prochaine Quadriennale 2025 nous a profond\u00e9ment \u00e9mus et encourag\u00e9s. Vos pri\u00e8res, votre enthousiasme et votre engagement \u00e0 cheminer ensemble t\u00e9moignent de mani\u00e8re \u00e9clatante de la force et de l\u2019unit\u00e9 de notre famille de l\u2019Alliance.<\/p>\n<p>Aujourd\u2019hui, nous partageons avec vous une importante mise \u00e0 jour, \u00e9labor\u00e9e avec un discernement fond\u00e9 sur la pri\u00e8re et un profond sens des responsabilit\u00e9s. Apr\u00e8s une \u00e9valuation minutieuse des facteurs externes &#8211; en particulier, le contexte national actuel avec les probl\u00e8mes de s\u00e9curit\u00e9 en R\u00e9publique D\u00e9mocratique du Congo &#8211; le Comit\u00e9 Ex\u00e9cutif de l\u2019UMA a d\u00e9cid\u00e9 de d\u00e9localiser la Quadriennale 2025. Elle se tiendra d\u00e9sormais \u00e0 Yamoussoukro, en C\u00f4te d\u2019Ivoire, aux dates initiales du 8 au 12 octobre.<\/p>\n<p>\u00c0 nos chers fr\u00e8res et s\u0153urs de la R\u00e9publique D\u00e9mocratique du Congo, nous exprimons notre sinc\u00e8re reconnaissance et notre plus profond respect. Votre engagement extraordinaire, votre pr\u00e9paration inlassable et votre d\u00e9vouement au service des autres ont \u00e9t\u00e9 une source d\u2019inspiration. Cette d\u00e9cision r\u00e9pond uniquement \u00e0 des conditions ind\u00e9pendantes de votre volont\u00e9. Nous nous tenons unis dans la solidarit\u00e9 et la pri\u00e8re, confiants que Dieu continuera \u00e0 faire de grandes choses par l\u2019interm\u00e9diaire de son \u00c9glise au Congo.<\/p>\n<p>Alors que nous tournons notre regard vers Yamoussoukro, notre enthousiasme grandit face \u00e0 l\u2019opportunit\u00e9 unique de nous rassembler une fois de plus sur le continent africain. L\u2019Afrique occupe une place pr\u00e9cieuse et fondamentale dans l\u2019histoire de notre mouvement. Lorsque notre fondateur, A. B. Simpson, a envoy\u00e9 pour la premi\u00e8re fois des missionnaires \u00e0 l\u2019\u00e9tranger, l\u2019Afrique a \u00e9t\u00e9 leur premi\u00e8re destination. Depuis ces humbles d\u00e9buts, une famille puissante et dynamique de l\u2019Alliance africaine s\u2019est \u00e9panouie, illustrant la foi, la pers\u00e9v\u00e9rance et la passion pour l\u2019\u00e9vangile.<\/p>\n<p>Bien que notre lieu de rencontre ait chang\u00e9, notre mission principale demeure immuable : progresser plus profond\u00e9ment dans le Christ, aller plus loin dans la mission et le faire ensemble en tant que famille mondiale unie. La Quadriennale 2025 \u00e0 Yamoussoukro promet d\u2019\u00eatre une c\u00e9l\u00e9bration historique, mettant en lumi\u00e8re les \u0153uvres magnifiques de Dieu en Afrique et \u00e0 travers l\u2019Afrique, r\u00e9affirmant notre engagement \u00e0 l\u2019unit\u00e9, au renouveau et \u00e0 une vision partag\u00e9e de l\u2019avenir.<\/p>\n<p><strong>\u00ab Rendez ma joie parfaite, ayant un m\u00eame sentiment, un m\u00eame amour, une m\u00eame \u00e2me, une m\u00eame pens\u00e9e \u00bb (Philippiens 2 : 2 &#8211; LSG).<\/strong><\/p>\n<p>Accueillons cette puissante exhortation de l\u2019ap\u00f4tre Paul alors que nous nous pr\u00e9parons pour notre rassemblement. Avoir la m\u00eame pens\u00e9e et les m\u00eames sentiments renforce notre t\u00e9moignage, accroit notre impact et glorifie Christ dans tout ce que nous faisons. \u00c0 l\u2019approche de la Quadriennale 2025, prions pour que nos c\u0153urs et nos esprits s\u2019alignent profond\u00e9ment sur les desseins de Christ. Puisse notre unit\u00e9 inspirer l\u2019audace, encourager une communion plus profonde et nous pousser \u00e0 porter l\u2019\u00e9vangile plus loin ensemble. Notre vision commune &#8211; enracin\u00e9e dans l\u2019amour et centr\u00e9e sur la mission &#8211; n\u2019est pas seulement notre force mais c\u2019est aussi notre joie, refl\u00e9tant le c\u0153ur m\u00eame de Dieu \u00e0 un monde qui nous observe.<\/p>\n<p>Nous vous remercions pour votre soutien ind\u00e9fectible et pour vos pri\u00e8res. Nous anticipons avec joie ce rassemblement transformateur et attendons avec impatience de nous retrouver en Afrique.<\/p>\n<p>Dans l\u2019esp\u00e9rance et la joie de Christ,<\/p>\n<p>Jura Yanagihara<\/p>\n<p>Le Comit\u00e9 Ex\u00e9cutif de l\u2019UMA<\/p>\n","protected":false},"author":24,"featured_media":37761,"template":"","meta":{"inline_featured_image":false,"ngg_post_thumbnail":0,"_EventAllDay":false,"_EventTimezone":"","_EventStartDate":"","_EventEndDate":"","_EventStartDateUTC":"","_EventEndDateUTC":"","_EventShowMap":false,"_EventShowMapLink":false,"_EventURL":"","_EventCost":"","_EventCostDescription":"","_EventCurrencySymbol":"","_EventCurrencyCode":"","_EventCurrencyPosition":"","_EventDateTimeSeparator":"","_EventTimeRangeSeparator":"","_EventOrganizerID":[],"_EventVenueID":[],"_OrganizerEmail":"","_OrganizerPhone":"","_OrganizerWebsite":"","_VenueAddress":"","_VenueCity":"","_VenueCountry":"","_VenueProvince":"","_VenueState":"","_VenueZip":"","_VenuePhone":"","_VenueURL":"","_VenueStateProvince":"","_VenueLat":"","_VenueLng":"","_VenueShowMap":false,"_VenueShowMapLink":false},"categories":[284,33],"tags":[382],"class_list":["post-37760","awf-news","type-awf-news","status-publish","has-post-thumbnail","hentry","category-afrique","category-news-fr","tag-convocation-quadriennale"],"_links":{"self":[{"href":"https:\/\/awf.world\/fr\/wp-json\/wp\/v2\/awf-news\/37760","targetHints":{"allow":["GET"]}}],"collection":[{"href":"https:\/\/awf.world\/fr\/wp-json\/wp\/v2\/awf-news"}],"about":[{"href":"https:\/\/awf.world\/fr\/wp-json\/wp\/v2\/types\/awf-news"}],"author":[{"embeddable":true,"href":"https:\/\/awf.world\/fr\/wp-json\/wp\/v2\/users\/24"}],"wp:featuredmedia":[{"embeddable":true,"href":"https:\/\/awf.world\/fr\/wp-json\/wp\/v2\/media\/37761"}],"wp:attachment":[{"href":"https:\/\/awf.world\/fr\/wp-json\/wp\/v2\/media?parent=37760"}],"wp:term":[{"taxonomy":"category","embeddable":true,"href":"https:\/\/awf.world\/fr\/wp-json\/wp\/v2\/categories?post=37760"},{"taxonomy":"post_tag","embeddable":true,"href":"https:\/\/awf.world\/fr\/wp-json\/wp\/v2\/tags?post=37760"}],"curies":[{"name":"wp","href":"https:\/\/api.w.org\/{rel}","templated":true}]}}