{"id":37230,"date":"2025-02-25T16:21:12","date_gmt":"2025-02-25T19:21:12","guid":{"rendered":"https:\/\/awf.world\/?post_type=awf-news&#038;p=37230"},"modified":"2025-03-21T09:07:27","modified_gmt":"2025-03-21T12:07:27","slug":"conference-missionnaire-de-luma-afrique","status":"publish","type":"awf-news","link":"https:\/\/awf.world\/fr\/awf-news\/conference-missionnaire-de-luma-afrique\/","title":{"rendered":"La Conf\u00e9rence Missionnaire de l\u2019UMA Afrique R\u00e9unit des Leaders au Togo pour des Missions Mondiales"},"content":{"rendered":"<p style=\"text-align: justify;\"><strong>Les \u00e9glises de l\u2019Alliance en Afrique fournissent des efforts missionnaires en cr\u00e9ant des d\u00e9partements missionnaires, des centres de formation et des programmes de sensibilisation. L\u2019accent qu\u2019ils mettent sur les langues locales et l\u2019int\u00e9gration culturelle renforce l\u2019impact de l\u2019\u00e9vangile. La Conf\u00e9rence Missionnaire de l\u2019UMA Afrique qui s\u2019est tenue au Togo a renforc\u00e9 leur engagement, soulignant la n\u00e9cessit\u00e9 d\u2019une collaboration et d\u2019un soutien pour d\u00e9velopper ces initiatives.<\/strong><\/p>\n<p>Le rassemblement a r\u00e9uni des responsables de mission, des repr\u00e9sentants r\u00e9gionaux et des partenaires cl\u00e9s pour renforcer les efforts de minist\u00e8re interculturel sur le continent africain.<\/p>\n<p>L\u2019\u00c9cole Sup\u00e9rieure Baptiste de Th\u00e9ologie d\u2019Afrique de l\u2019Ouest (ESBTAO) de Lom\u00e9, au Togo, est devenue un centre de vision et de collaboration missionnaires en accueillant la Conf\u00e9rence Missionnaire de l\u2019Union Mondiale de l\u2019Alliance (UMA) du 21 au 24 janvier 2025. Organis\u00e9e par C\u00e9lestin Koffi, coordinateur r\u00e9gional de l\u2019UMA pour l\u2019Afrique, et Denis Kombetassie, responsable des missions r\u00e9gionales de l\u2019UMA pour l\u2019Afrique, la conf\u00e9rence a fourni une plate-forme aux dirigeants pour \u00e9laborer des strat\u00e9gies et renforcer leur engagement \u00e0 r\u00e9pandre l\u2019\u00e9vangile.<\/p>\n<p>Avec le th\u00e8me \u00ab Renforcer les partenariats multiculturels pour un impact sur le Royaume \u00bb, la conf\u00e9rence a soulign\u00e9 la n\u00e9cessit\u00e9 de l\u2019unit\u00e9 et d\u2019une collaboration efficace dans le travail missionnaire. Les participants ont pris une part active \u00e0 des dialogues strat\u00e9giques, \u00e0 des ateliers et \u00e0 des pr\u00e9sentations visant \u00e0 favoriser un engagement plus profond dans le domaine de la mission.<\/p>\n<p><strong>Un D\u00e9veloppement Croissant d\u2019\u00c9glises de l\u2019Alliance en Afrique<\/strong><\/p>\n<p>L\u2019expansion des \u00e9glises africaines de l\u2019Alliance a consid\u00e9rablement fait progresser l\u2019\u0153uvre missionnaire \u00e0 travers le continent. Au cours des derni\u00e8res d\u00e9cennies, les \u00e9glises dirig\u00e9es par des Africains se sont davantage appropri\u00e9es le travail missionnaire, r\u00e9duisant ainsi la d\u00e9pendance \u00e0 l\u2019\u00e9gard des missionnaires \u00e9trangers. Ils ont cr\u00e9\u00e9 des d\u00e9partements missionnaires engag\u00e9s, form\u00e9 des missionnaires locaux et d\u00e9ploy\u00e9 des \u00e9vang\u00e9listes dans les communaut\u00e9s non atteintes \u00e0 l\u2019int\u00e9rieur de leurs fronti\u00e8res nationales, \u00e0 travers l\u2019Afrique et m\u00eame au-del\u00e0.<\/p>\n<p>L\u2019un des aspects cl\u00e9s de ce mouvement est la contextualisation de l\u2019\u00e9vangile, o\u00f9 les missionnaires africains int\u00e8grent les langues locales, les expressions culturelles et les valeurs traditionnelles dans leur travail de sensibilisation. Cette approche s\u2019est av\u00e9r\u00e9e efficace pour favoriser le consentement de la communaut\u00e9 et pour assurer la p\u00e9rennit\u00e9 des projets de mission. Les \u00e9glises de l\u2019Alliance en Afrique sont aujourd\u2019hui des missions pionni\u00e8res dans des villages recul\u00e9s, des centres urbains et m\u00eame dans la diaspora mondiale, atteignant les migrants africains en Europe, dans les Am\u00e9riques et au Moyen-Orient.<\/p>\n<p><strong>Faits Marquants de la Conf\u00e9rence Missionnaire de l\u2019UMA Afrique<\/strong><\/p>\n<p>La conf\u00e9rence a accueilli des d\u00e9l\u00e9gu\u00e9s venant de 10 pays : la C\u00f4te d\u2019Ivoire, la R\u00e9publique d\u00e9mocratique du Congo, le Togo, le Gabon, le Mali, le Burkina Faso, le S\u00e9n\u00e9gal, le B\u00e9nin, la Guin\u00e9e Conakry et le Niger. Plus de 30 personnes y ont assist\u00e9, dont les principaux intervenants, Jim, chef d\u2019\u00e9quipe d\u2019acc\u00e8s aux missions de l\u2019Alliance et d\u00e9veloppeur pour l\u2019Afrique de l\u2019Ouest, et Eoghan Cosgrave, mobilisateur des missions pour la r\u00e9gion EMERALD (Europe et Moyen-Orient) de l\u2019UMA. Leurs points de vue sur la coop\u00e9ration multiculturelle et l\u2019entraide ont apport\u00e9 des pr\u00e9cieuses perspectives aux dialogues.<\/p>\n<p>Le rassemblement a \u00e9galement vu la participation de divers mouvements de l\u2019Alliance tels que la r\u00e9gion Afrique de l\u2019UMA, l\u2019Union de la Jeunesse de l\u2019Alliance Chr\u00e9tienne d\u2019Afrique (UJAC), l\u2019Union Protestante des Femmes de l\u2019Alliance Chr\u00e9tienne d\u2019Afrique (UPFAC) et l\u2019Union Protestante des Hommes de l\u2019Eglise de l\u2019Alliance Chr\u00e9tienne d\u2019Afrique (UPHEAC), chacun fournissant l\u2019actualit\u00e9 de ses activit\u00e9s et ses projets missionnaires. L\u2019UJAC a notamment annonc\u00e9 la tenue de son prochain congr\u00e8s \u00e0 Libreville, au Gabon, en ao\u00fbt 2025, et l\u2019UPFAC a exhort\u00e9 davantage de femmes leaders \u00e0 prendre part \u00e0 son prochain congr\u00e8s au Mali.<\/p>\n<p><strong>Renforcer les Initiatives Missionnaires Autochtones<\/strong><\/p>\n<p>L\u2019un des points forts de la conf\u00e9rence a \u00e9t\u00e9 une discussion sur le renforcement des efforts missionnaires autochtones. De nombreuses \u00e9glises africaines ont commenc\u00e9 \u00e0 lancer leurs propres instituts missionnaires et centres de formation th\u00e9ologique pour \u00e9quiper les \u00e9vang\u00e9listes locaux. En r\u00e9ponse \u00e0 ce besoin croissant, la conf\u00e9rence a vu la cr\u00e9ation d\u2019un Institut des Missions de l\u2019Alliance au B\u00e9nin. Une commission de pilotage dirig\u00e9e par le pasteur Jean Blaise Makaya, Directeur National d\u2019Evang\u00e9lisation et Missions de l\u2019\u00c9glise de l\u2019Alliance du Gabon, a \u00e9t\u00e9 form\u00e9e pour superviser les d\u00e9veloppements du projet au cours des six prochains mois. Des \u00e9tapes ont \u00e9t\u00e9 d\u00e9finies, notamment l\u2019\u00e9tablissement de partenariats, la r\u00e9duction des co\u00fbts de formation et le lancement de modules initiaux dans les zones o\u00f9 la demande d\u2019\u00e9tudiants est la plus \u00e9lev\u00e9e.<\/p>\n<p>Des rapports sur les champs missionnaires au Mali et au Niger ont r\u00e9v\u00e9l\u00e9 les d\u00e9fis \u00e0 relever pour faire avancer l\u2019\u00e9vang\u00e9lisation. En cons\u00e9quence, il a \u00e9t\u00e9 d\u00e9cid\u00e9 que le Directeur de la Mission au Burkina Faso, le Pasteur Th\u00e9ophile Par\u00e9, assurera une meilleure coordination dans ces champs. Dans le m\u00eame temps, les progr\u00e8s r\u00e9alis\u00e9s au S\u00e9n\u00e9gal et en Mauritanie ont indiqu\u00e9 que les premiers travaux pr\u00e9paratoires sont achev\u00e9s, la mise en \u0153uvre compl\u00e8te \u00e9tant pr\u00e9vue pour 2026.<\/p>\n<p><strong>D\u00e9fis et Opportunit\u00e9s<\/strong><\/p>\n<p>Malgr\u00e9 des progr\u00e8s significatifs, les missionnaires africains sont confront\u00e9s \u00e0 des d\u00e9fis uniques, notamment des contraintes financi\u00e8res, une s\u00e9curit\u00e9 menac\u00e9e et des r\u00e9sistances culturelles dans certaines r\u00e9gions. La conf\u00e9rence s\u2019est pench\u00e9e sur ces d\u00e9fis, exhortant les \u00e9glises \u00e0 am\u00e9liorer la viabilit\u00e9 financi\u00e8re. Les d\u00e9l\u00e9gu\u00e9s ont \u00e9t\u00e9 encourag\u00e9s \u00e0 veiller \u00e0 ce que les contributions soient vers\u00e9es en temps opportun pour soutenir les efforts missionnaires, car seuls le Gabon, la C\u00f4te d\u2019Ivoire et le Burkina Faso \u00e9taient \u00e0 jour dans leurs engagements financiers.<\/p>\n<p>Cependant, les opportunit\u00e9s sont immenses. La r\u00e9silience des missionnaires de l\u2019Alliance en Africaine, leur profonde connaissance des coutumes locales et leur capacit\u00e9 \u00e0 op\u00e9rer dans des contextes o\u00f9 les missionnaires \u00e9trangers pourraient avoir des difficult\u00e9s, les placent dans une position unique pour une \u00e9vang\u00e9lisation efficace. De nombreux d\u00e9partements missionnaires de l\u2019Alliance en Africaine forment maintenant des partenariats avec des \u00e9glises d\u2019Asie et d\u2019Am\u00e9rique latine, cr\u00e9ant ainsi une nouvelle vague de collaboration missionnaire Sud-Sud.<\/p>\n<p><strong>Regard Vers l\u2019Avenir<\/strong><\/p>\n<p>\u00c0 la fin de la conf\u00e9rence, un esprit renouvel\u00e9 d\u2019unit\u00e9 et de d\u00e9termination a rempli l\u2019atmosph\u00e8re. Les dirigeants sont repartis avec un objectif clair : renforcer les partenariats, \u00e9quiper les leaders \u00e9mergents et \u00e9tendre la port\u00e9e de l\u2019\u00e9vangile en Afrique de l\u2019Ouest et au-del\u00e0. Avec les congr\u00e8s \u00e0 venir, les initiatives de formation et le d\u00e9veloppement des champs missionnaire \u00e0 l\u2019horizon, la Conf\u00e9rence Missionnaire Africaine de l\u2019UMA au Togo a servi de catalyseur essentiel pour faire avancer la Grande Commission \u00e0 travers la r\u00e9gion.<\/p>\n<p>L\u2019essor des mouvements missionnaires autochtones en Afrique marque une nouvelle \u00e8re dans le christianisme universel. Gr\u00e2ce \u00e0 une collaboration continue, \u00e0 la mobilisation des ressources et \u00e0 la planification strat\u00e9gique, les \u00e9glises africaines sont pr\u00eates \u00e0 jouer un r\u00f4le de premier plan dans les missions mondiales, accomplissant ainsi leur mandat divin d\u2019apporter l\u2019\u00e9vangile jusqu\u2019aux extr\u00e9mit\u00e9s de la terre.<\/p>\n<p>Pour soutenir ces efforts missionnaires transformateurs, nous invitons les individus, les \u00e9glises et les organisations \u00e0 y contribuer financi\u00e8rement et dans la pri\u00e8re. Vos dons aideront \u00e0 former des missionnaires, \u00e0 \u00e9tablir des centres missionnaires et \u00e0 \u00e9tendre la port\u00e9e de l\u2019\u00e9vangile aux communaut\u00e9s non atteintes.<\/p>\n","protected":false},"author":24,"featured_media":37171,"template":"","meta":{"inline_featured_image":false,"ngg_post_thumbnail":0,"_EventAllDay":false,"_EventTimezone":"","_EventStartDate":"","_EventEndDate":"","_EventStartDateUTC":"","_EventEndDateUTC":"","_EventShowMap":false,"_EventShowMapLink":false,"_EventURL":"","_EventCost":"","_EventCostDescription":"","_EventCurrencySymbol":"","_EventCurrencyCode":"","_EventCurrencyPosition":"","_EventDateTimeSeparator":"","_EventTimeRangeSeparator":"","_EventOrganizerID":[],"_EventVenueID":[],"_OrganizerEmail":"","_OrganizerPhone":"","_OrganizerWebsite":"","_VenueAddress":"","_VenueCity":"","_VenueCountry":"","_VenueProvince":"","_VenueState":"","_VenueZip":"","_VenuePhone":"","_VenueURL":"","_VenueStateProvince":"","_VenueLat":"","_VenueLng":"","_VenueShowMap":false,"_VenueShowMapLink":false},"categories":[284,33],"tags":[277,206],"class_list":["post-37230","awf-news","type-awf-news","status-publish","has-post-thumbnail","hentry","category-afrique","category-news-fr","tag-afrique","tag-missions-fr"],"_links":{"self":[{"href":"https:\/\/awf.world\/fr\/wp-json\/wp\/v2\/awf-news\/37230","targetHints":{"allow":["GET"]}}],"collection":[{"href":"https:\/\/awf.world\/fr\/wp-json\/wp\/v2\/awf-news"}],"about":[{"href":"https:\/\/awf.world\/fr\/wp-json\/wp\/v2\/types\/awf-news"}],"author":[{"embeddable":true,"href":"https:\/\/awf.world\/fr\/wp-json\/wp\/v2\/users\/24"}],"wp:featuredmedia":[{"embeddable":true,"href":"https:\/\/awf.world\/fr\/wp-json\/wp\/v2\/media\/37171"}],"wp:attachment":[{"href":"https:\/\/awf.world\/fr\/wp-json\/wp\/v2\/media?parent=37230"}],"wp:term":[{"taxonomy":"category","embeddable":true,"href":"https:\/\/awf.world\/fr\/wp-json\/wp\/v2\/categories?post=37230"},{"taxonomy":"post_tag","embeddable":true,"href":"https:\/\/awf.world\/fr\/wp-json\/wp\/v2\/tags?post=37230"}],"curies":[{"name":"wp","href":"https:\/\/api.w.org\/{rel}","templated":true}]}}