{"id":36116,"date":"2024-11-23T14:07:35","date_gmt":"2024-11-23T17:07:35","guid":{"rendered":"https:\/\/awf.world\/?post_type=awf-news&#038;p=36116"},"modified":"2024-12-19T10:22:11","modified_gmt":"2024-12-19T13:22:11","slug":"conference-regionale-apac-2024","status":"publish","type":"awf-news","link":"https:\/\/awf.world\/fr\/awf-news\/conference-regionale-apac-2024\/","title":{"rendered":"\u00ab Que Ton R\u00e8gne Vienne \u00bb \u2013 L\u2019Alliance R\u00e9gionale APAC se R\u00e9unit au Vietnam pour Capaciter la Nouvelle G\u00e9n\u00e9ration"},"content":{"rendered":"<p style=\"text-align: justify;\"><strong>La Conf\u00e9rence R\u00e9gionale APAC a mis ensemble plus de 150 d\u00e9l\u00e9gu\u00e9s de par la r\u00e9gion de l\u2019Asie-Pacifique, ensemble avec 200 s\u00e9minaristes locaux, pour quatre jours d\u2019inspiration, de collaboration, et d\u2019adoration sous le th\u00e8me \u00ab Que Ton R\u00e8gne Vienne \u00bb (Matthieu 6 : 9-13).<\/strong><\/p>\n<p>La conf\u00e9rence, re\u00e7ue par le Comit\u00e9 R\u00e9gional et le Coordinateur R\u00e9gional de l\u2019Union Mondiale de l\u2019Alliance (UMA), voulait d\u00e9fier les normes existantes, capaciter les plus jeunes leaders, et approfondir l\u2019engagement de la r\u00e9gion pour l\u2019accomplissement de la Grande Commission.<\/p>\n<p>Les repr\u00e9sentants de 12 pays y compris l\u2019Australie, l\u2019Indon\u00e9sie, les Philippines, le Cambodge, et la Cor\u00e9e du Sud, se sont rencontr\u00e9s dans la ville de \u00a0Ho Chi Minh, Vietnam du 28 au 31 octobre 2024 pour cet important \u00e9v\u00e9nement. Bien que la Nouvelle Z\u00e9lande et le Vietnam du Nord fussent incapables de participer, la conf\u00e9rence a mis l\u2019accent sur l\u2019unit\u00e9 spirituelle et culturelle diverse de la r\u00e9gion de l\u2019APAC. Des orateurs notables y inclus le R\u00e9v. Ken Graham (Coordinateur R\u00e9gional de l\u2019UMA APAC), le R\u00e9v. Dr. David Chotka (Minist\u00e8res d\u2019Equipement Spirituel, Canada), et le Pasteur Steve Chong (Minist\u00e8re du Riz).<\/p>\n<p>\u00ab Voir la taille et la port\u00e9e de l\u2019APAC et la famille de l\u2019UMA a \u00e9t\u00e9 inspirante \u00bb, a dit un missionnaire actif, refl\u00e9tant le sentiment de nombreux nouveaux participants.<\/p>\n<p>La conf\u00e9rence a offert un m\u00e9lange d\u2019enseignement, dialogue, et adoration. Les temps forts ont compris :<\/p>\n<ul>\n<li>Atteindre nos communaut\u00e9s avec notre t\u00e9moignage personnel (Ken Graham).<\/li>\n<li>Le Notre P\u00e8re et l\u2019\u00e9coute de la voix du Seigneur (David Chotka).<\/li>\n<li>Engager des g\u00e9n\u00e9rations plus jeunes dans le minist\u00e8re et le leadership (Steve Chong).<\/li>\n<\/ul>\n<ul>\n<li>Pr\u00e9sentations sur les accords du partenariat et la bonne gouvernance pour les \u00e9glises nationales de l\u2019APAC.<\/li>\n<\/ul>\n<p>Steve Chong a captur\u00e9 l\u2019urgence du leadership g\u00e9n\u00e9rationnel en disant, \u00ab Si vous ne savez pas comment utiliser un iPhone, iPad, ou des apps, vous \u00eates si d\u00e9connect\u00e9s de prochaines g\u00e9n\u00e9rations que vous ne pouvez pas les voir ou les entendre \u00bb.<\/p>\n<p>La conf\u00e9rence a conclu avec un appel \u00e0 l\u2019action : Impliquer et capaciter des leaders plus jeunes dans les \u00e9quipes de leadership des \u00e9glises nationales pour assurer un avenir fructueux et stable. \u00ab Nous ne pouvons pas attendre \u00e0 c\u00e9der aux leaders de prochaines g\u00e9n\u00e9rations \u00bb, a dit le R\u00e9v. Ken Graham. \u00ab Nous avons besoin de les qualifier et les impliquer maintenant \u00bb.<\/p>\n<p>Un autre point critique \u00e9tait de cultiver des partenariats parmi les \u00e9glises nationales de l\u2019APAC, avec des ressources sur des accords du partenariat introduits \u00e0 aider la collaboration.<\/p>\n<p>Le si\u00e8ge dans la ville de Ho Chi Minh a fourni une opportunit\u00e9 unique pour l\u2019\u00e9glise locale de se connecter avec\u00a0 la plus large\u00a0 famille de l\u2019APAC. L\u2019adoration a pr\u00e9sent\u00e9 un m\u00e9lange de styles, incluant les performances des s\u00e9minaristes du coll\u00e8ge vietnamien et l\u2019\u00e9quipe d\u2019adoration de l\u2019APAC.<\/p>\n<p>La r\u00e9gion de l\u2019APAC va continuer son Momentum avec un \u00e9v\u00e9nement en ligne devant la c\u00e9l\u00e9bration du 50\u00e8me anniversaire de l\u2019UMA en octobre 2025, pour encourager les leaders \u00e0 prioriser le minist\u00e8re et sauvegarder le jalon pour la rencontre en Afrique en octobre 2025.<\/p>\n<p>Comme les participants retournaient chez eux, ils ont apport\u00e9 un sens renouvel\u00e9 du but. \u00ab Nous voulons vivre et marcher dans la pr\u00e9sence de J\u00e9sus chaque jour \u00bb, a r\u00e9fl\u00e9chi le R\u00e9v. David Chotka, faisant \u00e9cho au c\u0153ur de la conf\u00e9rence.<\/p>\n<p>Avec un mandat clair de d\u00e9fier les normes, embrasser la redevabilit\u00e9, et capaciter la g\u00e9n\u00e9ration prochaine, l\u2019Alliance R\u00e9gionale de l\u2019APAC se tient pr\u00eate pour sa mission future d\u2019apporter le Royaume de Dieu \u00e0 chaque coin de la r\u00e9gion.<\/p>\n","protected":false},"author":24,"featured_media":36109,"template":"","meta":{"inline_featured_image":false,"ngg_post_thumbnail":0,"_EventAllDay":false,"_EventTimezone":"","_EventStartDate":"","_EventEndDate":"","_EventStartDateUTC":"","_EventEndDateUTC":"","_EventShowMap":false,"_EventShowMapLink":false,"_EventURL":"","_EventCost":"","_EventCostDescription":"","_EventCurrencySymbol":"","_EventCurrencyCode":"","_EventCurrencyPosition":"","_EventDateTimeSeparator":"","_EventTimeRangeSeparator":"","_EventOrganizerID":[],"_EventVenueID":[],"_OrganizerEmail":"","_OrganizerPhone":"","_OrganizerWebsite":"","_VenueAddress":"","_VenueCity":"","_VenueCountry":"","_VenueProvince":"","_VenueState":"","_VenueZip":"","_VenuePhone":"","_VenueURL":"","_VenueStateProvince":"","_VenueLat":"","_VenueLng":"","_VenueShowMap":false,"_VenueShowMapLink":false},"categories":[150,33],"tags":[196,652],"class_list":["post-36116","awf-news","type-awf-news","status-publish","has-post-thumbnail","hentry","category-asia-pacific","category-news-fr","tag-apac-fr","tag-asie-pacifique"],"_links":{"self":[{"href":"https:\/\/awf.world\/fr\/wp-json\/wp\/v2\/awf-news\/36116","targetHints":{"allow":["GET"]}}],"collection":[{"href":"https:\/\/awf.world\/fr\/wp-json\/wp\/v2\/awf-news"}],"about":[{"href":"https:\/\/awf.world\/fr\/wp-json\/wp\/v2\/types\/awf-news"}],"author":[{"embeddable":true,"href":"https:\/\/awf.world\/fr\/wp-json\/wp\/v2\/users\/24"}],"wp:featuredmedia":[{"embeddable":true,"href":"https:\/\/awf.world\/fr\/wp-json\/wp\/v2\/media\/36109"}],"wp:attachment":[{"href":"https:\/\/awf.world\/fr\/wp-json\/wp\/v2\/media?parent=36116"}],"wp:term":[{"taxonomy":"category","embeddable":true,"href":"https:\/\/awf.world\/fr\/wp-json\/wp\/v2\/categories?post=36116"},{"taxonomy":"post_tag","embeddable":true,"href":"https:\/\/awf.world\/fr\/wp-json\/wp\/v2\/tags?post=36116"}],"curies":[{"name":"wp","href":"https:\/\/api.w.org\/{rel}","templated":true}]}}