{"id":36027,"date":"2024-11-27T11:52:39","date_gmt":"2024-11-27T14:52:39","guid":{"rendered":"https:\/\/awf.world\/?post_type=awf-news&#038;p=36027"},"modified":"2024-12-04T11:16:15","modified_gmt":"2024-12-04T14:16:15","slug":"in-memoriam-felix-jimenez","status":"publish","type":"awf-news","link":"https:\/\/awf.world\/fr\/awf-news\/in-memoriam-felix-jimenez\/","title":{"rendered":"In Memoriam : F\u00e9lix Jim\u00e9nez, Un Visionnaire et Leader Compatissant de Foi"},"content":{"rendered":"<p style=\"text-align: justify;\"><strong>F\u00e9lix Horacio Jim\u00e9nez, un leader valable dans l\u2019Alliance Chr\u00e9tienne et Missionnaire (CMA) de l\u2019Argentine, laissa un profond h\u00e9ritage de leadership, de service, et de compassion.<\/strong><\/p>\n<p>Le R\u00e9v. F\u00e9lix Jim\u00e9nez a servi comme pr\u00e9sident de la <a href=\"https:\/\/awf.world\/fr\/country-description\/argentine\/\" target=\"_blank\" rel=\"noopener\">CMA de l\u2019Argentine<\/a> pour deux mandats (2009-2017), durant lesquels il a voyag\u00e9 extensivement pour encourager les pasteurs \u00e0 travers le pays et soutenir les \u00e9glises dans leur croissance. Son leadership \u00e9tait essentiel en \u00e9tablissant le Minist\u00e8re National des Hommes, cultivant l\u2019unit\u00e9 parmi les congr\u00e9gations, et promouvant l\u2019\u00e9vang\u00e9lisation aux groupes vuln\u00e9rables.<\/p>\n<p>Sous le leadership de Jim\u00e9nez, les connexions internationales \u00e9taient renforc\u00e9es en participant aux rencontres r\u00e9gionales annuelles de l\u2019UMA CLA (Am\u00e9rique Latine) et \u00e0 la conf\u00e9rence de l\u2019Union Mondiale de l\u2019Alliance (UMA) \u00e0 Bangkok, en Tha\u00eflande en 2016. Ceci a inclus des visites aux missionnaires en Europe. Il a aussi pr\u00e9sent\u00e9 \u00ab Joni et Amis \u00bb, un minist\u00e8re pour des gens vivant avec handicap, \u00e0 l\u2019Argentine. Jim\u00e9nez a jou\u00e9 un r\u00f4le cl\u00e9 en cr\u00e9ant le S\u00e9minaire Biblique de la Patagonie, o\u00f9 il a servi comme administrateur, formant des futurs leaders.<\/p>\n<p>A Cipolletti, Rio Negro, Jim\u00e9nez a dirig\u00e9 une \u00e9glise locale de l\u2019Alliance pendant 23 ans. Il a aussi pr\u00e9sid\u00e9 les districts de Rio Negro et Neuqu\u00e9n de la CMA et a dirig\u00e9 le Conseil Pastoral de Cipolletti. Son influence s\u2019est \u00e9tendue au-del\u00e0 des murs de l\u2019\u00e9glise dans la communaut\u00e9. Durant la crise \u00e9conomique en Argentine de 2001, il a dirig\u00e9 des initiatives pour aider les d\u00e9favoris\u00e9s, ouvrant une cuisine communautaire et des foires de v\u00eatements. Il a aussi soutenu le minist\u00e8re REMAR, une ONG chr\u00e9tienne d\u2019aide humanitaire qui travaille \u00e0 la gu\u00e9rison des d\u00e9pendances, avec des femmes en situations vuln\u00e9rables, avec des cuisines de soupe, etc. Il a aussi introduit le programme OSTE (Op\u00e9ration Socio Th\u00e9rapeutique dans les D\u00e9pendances), \u00e9quipant des leaders des \u00e9glises pour assister des individus et des familles affect\u00e9s par les d\u00e9pendances.<\/p>\n<p>Une des r\u00e9alisations plus durables du Pasteur Jim\u00e9nez fut l\u2019\u00e9tablissement d\u2019un camp et centre de retraite \u00e0 Fernandez Oro \u00e0 Rio Negro. Malgr\u00e9 des d\u00e9fis tr\u00e8s importants, Jim\u00e9nez a transform\u00e9 une propri\u00e9t\u00e9 modeste \u00e0 un complexe prosp\u00e8re avec des installations pour 300 personnes. Cet espace est devenu une pierre angulaire pour des retraites des \u00e9glises, camps des jeunes, et des \u00e9v\u00e9nements communautaires, sans compter les b\u00e9n\u00e9dictions des personnes \u00e0 travers la r\u00e9gion.<\/p>\n<p>Les habilet\u00e9s administratives de Jim\u00e9nez et son leadership visionnaires \u00e9taient aussi \u00e9vidents dans son travail avec \u00ab Uni\u00f3n B\u00edblica \u00bb (Union des \u00c9critures). Il a organis\u00e9 des camps, retraites, et librairies chr\u00e9tiennes, rencontrer ses buts ambitieux d\u2019ouvrir 10 librairies en 10 ans. Sa passion pour \u00e9quiper les autres pour servir Dieu a marqu\u00e9 chaque aspect de son minist\u00e8re.<\/p>\n<p>Le R\u00e9v. Jim\u00e9nez \u00e9tait n\u00e9 le 7 d\u00e9cembre 1955, \u00e0 Darregueira, Buenos Aires. Elev\u00e9 par sa m\u00e8re d\u00e9vou\u00e9e, Flavia, il a grandi en fr\u00e9quentant une petite \u00e9glise de la CMA qui manquait souvent de leadership pastoral. Sa foi s\u2019est approfondie par les interactions avec des \u00e9tudiants de l\u2019Institut Biblique Buenos Aires (IBBA), qui a fait un travail pastoral dans sa ville natale. Inspir\u00e9 par un \u00e9tudiant, Osvaldo Vena, Jim\u00e9nez a poursuivi des \u00e9tudes th\u00e9ologiques \u00e0 l\u2019IBBA avec un but clair : devenir un pasteur.<\/p>\n<p>Pendant qu\u2019il \u00e9tudiait, Jim\u00e9nez a d\u00e9montr\u00e9 ses dons pastoraux par son minist\u00e8re pratique. Il a servi pour une ann\u00e9e \u00e0 La Coronilla, Uruguay, se concentrant sur les enfants, les adolescents, et les jeunes adultes. Retournant \u00e0 Buenos Aires, il a travaill\u00e9 \u00e0 c\u00f4t\u00e9 du Pasteur Arnoldo Canclini \u00e0 l\u2019\u00e9glise de la CMA \u00e0 Boedo, en visitant les membres de l\u2019\u00e9glise pendant qu\u2019il terminait ses \u00e9tudes.<\/p>\n<p>Apr\u00e8s ses \u00e9tudes, Jim\u00e9nez s\u2019est mari\u00e9 \u00e0 Graciela Martinez, qui a partag\u00e9 son appel pastoral. Ensemble, ils ont servi \u00e0 Villa Urquiza et apr\u00e8s ils ont cofond\u00e9 l\u2019\u00e9glise de la CMA \u00e0 Saavedra, inspir\u00e9s par LED &#8211; Lima \u00e0 une Rencontre \u00e0 Dieu. Sa vision l\u2019a \u00e9ventuellement conduit \u00e0 Cipolletti, o\u00f9 il a pass\u00e9 plus deux d\u00e9cades pour un minist\u00e8re pastoral \u00e0 la communaut\u00e9 et suscitant de nouveaux leaders de l\u2019\u00e9glise.<\/p>\n<p>Jim\u00e9nez \u00e9tait un homme de profonde compassion, humilit\u00e9, et hospitalit\u00e9. Il avait un don naturel de se connecter avec des personnes et de r\u00e9soudre des conflits avec gr\u00e2ce. Son \u00e9pouse, Graciela, le rappelle comme un partenaire aimant et de soutien \u00e0 travers leurs 45 ans de mariage. Ensemble, ils ont \u00e9lev\u00e9 deux enfants : Diego, un premier pasteur \u00e0 Mendoza, et Natalia, qui g\u00e8re la \u00ab La Vi\u00f1a \u00bb (La Vigne) un complexe de retraite. Jim\u00e9nez \u00e9tait un p\u00e8re et grand-p\u00e8re d\u00e9vou\u00e9, ch\u00e9rissant son temps avec ses cinq petits-enfants.<\/p>\n<p>En 2014, Jim\u00e9nez a surv\u00e9cu d\u2019un cancer de rein, qui lui a permis dix ans plus d\u2019un fructueux minist\u00e8re. Malgr\u00e9 des d\u00e9fis de sant\u00e9 et des exp\u00e9riences proches de la mort, il est rest\u00e9 ferme dans son engagement de servir Dieu et les autres.<\/p>\n<p>Jim\u00e9nez est d\u00e9c\u00e9d\u00e9 le 7 novembre 2024, \u00e0 68 ans, apr\u00e8s des complications d\u2019un cancer des cordes vocales. Sa vie fut un exemple d\u2019un c\u0153ur pour le minist\u00e8re, une vision pour la croissance, et une foi non vacillante qui continue d\u2019inspirer ceux qu\u2019il a dirig\u00e9 et servi. Son influence continue par les \u00e9glises, minist\u00e8res, et leaders qu\u2019il a aid\u00e9 \u00e0 former.<\/p>\n","protected":false},"author":24,"featured_media":35987,"template":"","meta":{"inline_featured_image":false,"ngg_post_thumbnail":0,"_EventAllDay":false,"_EventTimezone":"","_EventStartDate":"","_EventEndDate":"","_EventStartDateUTC":"","_EventEndDateUTC":"","_EventShowMap":false,"_EventShowMapLink":false,"_EventURL":"","_EventCost":"","_EventCostDescription":"","_EventCurrencySymbol":"","_EventCurrencyCode":"","_EventCurrencyPosition":"","_EventDateTimeSeparator":"","_EventTimeRangeSeparator":"","_EventOrganizerID":[],"_EventVenueID":[],"_OrganizerEmail":"","_OrganizerPhone":"","_OrganizerWebsite":"","_VenueAddress":"","_VenueCity":"","_VenueCountry":"","_VenueProvince":"","_VenueState":"","_VenueZip":"","_VenuePhone":"","_VenueURL":"","_VenueStateProvince":"","_VenueLat":"","_VenueLng":"","_VenueShowMap":false,"_VenueShowMapLink":false},"categories":[152,33],"tags":[405],"class_list":["post-36027","awf-news","type-awf-news","status-publish","has-post-thumbnail","hentry","category-latin-america-fr","category-news-fr","tag-argentine"],"_links":{"self":[{"href":"https:\/\/awf.world\/fr\/wp-json\/wp\/v2\/awf-news\/36027","targetHints":{"allow":["GET"]}}],"collection":[{"href":"https:\/\/awf.world\/fr\/wp-json\/wp\/v2\/awf-news"}],"about":[{"href":"https:\/\/awf.world\/fr\/wp-json\/wp\/v2\/types\/awf-news"}],"author":[{"embeddable":true,"href":"https:\/\/awf.world\/fr\/wp-json\/wp\/v2\/users\/24"}],"wp:featuredmedia":[{"embeddable":true,"href":"https:\/\/awf.world\/fr\/wp-json\/wp\/v2\/media\/35987"}],"wp:attachment":[{"href":"https:\/\/awf.world\/fr\/wp-json\/wp\/v2\/media?parent=36027"}],"wp:term":[{"taxonomy":"category","embeddable":true,"href":"https:\/\/awf.world\/fr\/wp-json\/wp\/v2\/categories?post=36027"},{"taxonomy":"post_tag","embeddable":true,"href":"https:\/\/awf.world\/fr\/wp-json\/wp\/v2\/tags?post=36027"}],"curies":[{"name":"wp","href":"https:\/\/api.w.org\/{rel}","templated":true}]}}