{"id":36006,"date":"2024-11-15T20:36:28","date_gmt":"2024-11-15T23:36:28","guid":{"rendered":"https:\/\/awf.world\/?post_type=awf-news&#038;p=36006"},"modified":"2024-11-29T14:50:20","modified_gmt":"2024-11-29T17:50:20","slug":"conference-regionale-damerique-latine-2024","status":"publish","type":"awf-news","link":"https:\/\/awf.world\/fr\/awf-news\/conference-regionale-damerique-latine-2024\/","title":{"rendered":"L\u2019Alliance Latino-Am\u00e9ricaine se Rassemble \u00e0 Mexique pour Concr\u00e9tiser l\u2019Appel Comme \u00ab T\u00e9moins de Christ Partout \u00bb"},"content":{"rendered":"<p style=\"text-align: justify;\"><strong>En septembre 2024, la ville de Guadalajara, Mexique, est devenue le si\u00e8ge pour un rassemblement de la R\u00e9gion Latino-Am\u00e9ricaine (CLA) de l\u2019UMA pour 130 d\u00e9l\u00e9gu\u00e9s et leaders.<\/strong><\/p>\n<p>Les repr\u00e9sentants de dix pays Latino-Am\u00e9ricains se sont rencontr\u00e9s \u00e0 Guadalajara, Mexico, du 23 au 25 septembre 2024 pour la Conf\u00e9rence R\u00e9gionale Latino-Am\u00e9ricaine (CLA). Il y avait partage des pri\u00e8res, des enseignements transformateurs, et une unit\u00e9 qui a transcend\u00e9 les fronti\u00e8res.<\/p>\n<p>La premi\u00e8re soir\u00e9e s\u2019est d\u00e9roul\u00e9e avec un riche m\u00e9lange de culture et adoration Mexicaines, commen\u00e7ant avec un diner inaugural et des performances traditionnelles mariachi avec un joyeux ton. Le Pasteur Alex Fajardo, un membre du conseil CLA, a re\u00e7u chaleureusement les participants, pendant que le pr\u00e9sident du CLA, le pasteur David Muthre et le pr\u00e9sident de l\u2019UMA, le pasteur Jura Yanagihara ont offert des mots d\u2019ouverture d\u2019encouragement. Leurs messages \u00e9taient centr\u00e9s sur le th\u00e8me directeur, \u00ab T\u00e9moins de Christ Partout \u00bb, fixant un ton de r\u00e9v\u00e9rence et un but qui devraient conduire chaque session.<\/p>\n<p>Les sessions pl\u00e9ni\u00e8res ont illumin\u00e9 les principes des t\u00e9moins dirig\u00e9s par l\u2019Esprit, tir\u00e9s du livre des Actes. Le Pasteur Walter P\u00e9rez, un membre du conseil de la Facult\u00e9 de Th\u00e9ologie Latino-am\u00e9ricaine (FATELA), a parl\u00e9 du \u00ab T\u00e9moignage Brave et Int\u00e9gral \u00bb, d\u00e9fiant les participants \u00e0 vivre et servir courageusement. Le Pasteur Miguel \u00c1ngel Palomino, le directeur de la FATELA, a partag\u00e9 sur \u00ab Mani\u00e8res Diff\u00e9rentes pour compl\u00e9ter le But comme des T\u00e9moins \u00bb, mettant l\u2019accent sur la cr\u00e9ativit\u00e9 et la r\u00e9silience dans le minist\u00e8re, pendant que le Pasteur David Muthre a dirig\u00e9 une session intitul\u00e9e \u00ab La Vision d\u2019un Homme Pieux \u00bb, qui a inspir\u00e9 des moments de pri\u00e8res en petits groupes qui ont approfondi le sens de la mission partag\u00e9e.<\/p>\n<p>\u00ab C\u2019\u00e9tait important pour moi de rencontrer la famille de l\u2019Alliance Mexicaine et Latino-Am\u00e9ricaine \u00bb, a dit le Pasteur Tranquilino Candia, le pr\u00e9sident de la CMA du Paraguay.<\/p>\n<p>La Conf\u00e9rence R\u00e9gionale CLA s\u2019est focalis\u00e9e sur le progress du minist\u00e8re dans la r\u00e9gion l\u2019apr\u00e8s-midi du mardi, comme leaders ils ont partag\u00e9 les mises \u00e0 jour sur les missions, l\u2019\u00e9ducation, et l\u2019\u00e9vang\u00e9lisation communautaire. Chaque rapport a d\u00e9peint une image vivide du travail de Dieu \u00e0 travers l\u2019Am\u00e9rique latine. Les Institutions Th\u00e9ologiques de l\u2019Alliance de l\u2019Am\u00e9rique Latine (ITAAL) \u00e9taient mises en valeur par les repr\u00e9sentants de l\u2019ITAAL le Pasteur Juan Forttini et la S\u0153ur Hilda Gonzalez, qui ont d\u00e9crit leurs efforts transfrontaliers pour \u00e9quiper les pasteurs et les leaders la\u00efcs. La S\u0153ur Isabel Freire de Muthre, la coordinatrice du Minist\u00e8re des Femmes CLA \u00ab Amada \u00bb, a partag\u00e9 des histoires sur les initiatives du minist\u00e8re des femmes, en repr\u00e9sentant l\u2019esprit de sororit\u00e9 que d\u00e9finit \u00ab Amada \u00bb. Ces moments ont influenc\u00e9 les participants, r\u00e9affirmant l\u2019impact transformateur de chaque minist\u00e8re.<\/p>\n<p>Le Pasteur Daniel Fanderwud, le pr\u00e9sident de la CMA de l\u2019Argentine, a pr\u00e9sent\u00e9 une vid\u00e9o racontant l\u2019histoire de la CMA de Mexique, apportant un sens de nostalgie et de c\u00e9l\u00e9bration. Avec l\u2019\u00e9quipe d\u2019adoration conduisant les participants dans les chants, la salle \u00e9tait remplie de la puissance d\u2019adoration collective, une exp\u00e9rience unificatrice qui a transcend\u00e9 la langue et la nationalit\u00e9. Le Pasteur Fajardo a alors explor\u00e9 le th\u00e8me \u00ab Communiquer l\u2019\u00c9vangile dans un Monde S\u00e9culier \u00bb, incitant les participants d\u2019approcher le minist\u00e8re avec pertinence et authenticit\u00e9 aujourd\u2019hui.<\/p>\n<p>Le dernier jour a commenc\u00e9 avec une adoration qui r\u00e9sonn\u00e9 dans la salle de conf\u00e9rence, comme le Pasteur Angel Barrientos, le pr\u00e9sident de la CMA du P\u00e9rou, a ouvert avec le message \u00ab Le Leadership pastoral communique dans diff\u00e9rentes facettes \u00bb. Plus tard, le Pasteur Ivan Flores, le pr\u00e9sident de la CMA du Chili, a r\u00e9fl\u00e9chi sur \u00ab L\u2019Engagement \u00e0 la V\u00e9rit\u00e9, la Justice, et Proclamant \u00e0 Toute la Cr\u00e9ation \u00bb, encourageant les leaders \u00e0 rester fermes dans leur vocation. Le message de cl\u00f4ture du Pasteur Merari Rodriguez, le pr\u00e9sident de la CMA du Guatemala, \u00ab B\u00e9n\u00e9diction Apr\u00e8s le Naufrage \u00bb, a rappel\u00e9 \u00e0 chacun que, m\u00eame dans l\u2019adversit\u00e9, la gr\u00e2ce de Dieu dure, apportant espoir et renouvellement.<\/p>\n<p>Au-del\u00e0 des sessions et pr\u00e9sentations, il y avait des \u00e9changes personnels, des repas partag\u00e9s, et des pri\u00e8res sinc\u00e8res qui ont marqu\u00e9 cette rencontre. Les participants se sont r\u00e9jouis des styles de Mexique, incluant les plats traditionnels servis durant les repas en commun qui ont cr\u00e9\u00e9 des opportunit\u00e9s pour la communion. En ces moments, les liens d\u2019amiti\u00e9 et d\u2019unit\u00e9 devinrent plus forts, soulignant l\u2019engagement des leaders de CLA de travailler ensemble comme une famille.<\/p>\n<p>Comme l\u2019\u00e9v\u00e9nement finissait, les participants ont exprim\u00e9 leur gratitude \u00e0 Dieu, au leadership du CLA, et aux uns aux autres. La rencontre \u00e0 Guadalajara n\u2019\u00e9tait pas juste un \u00e9v\u00e9nement &#8211; c\u2019\u00e9tait une profonde exp\u00e9rience qui a rafraichi et renouvel\u00e9 l\u2019engagement de chaque personne d\u2019\u00eatre \u00ab T\u00e9moins de Christ Partout \u00bb.<\/p>\n<p>\u00ab Pour nous, c\u2019\u00e9tait une grande opportunit\u00e9 d\u2019\u00eatre ensemble avec notre famille de l\u2019Alliance, se faire des amis avec de nouvelles gens et savoir ce que Dieu est en train de faire dans d\u2019autres \u00e9glises nationales \u00bb, a ajout\u00e9 le Pasteur Jos\u00e9 Luis et Maribel Jaldin, pr\u00e9sident de la CMA de Bolivie.<\/p>\n<p>Quittant Guadalajara, les participants ont apport\u00e9 avec les \u00e9chos de l\u2019adoration partag\u00e9e, un d\u00e9vouement renouvel\u00e9 pour le service, et la certitude que leurs histoires, unies en Christ, allaient continuer de transformer les communaut\u00e9s \u00e0 travers l\u2019Am\u00e9rique latine.<\/p>\n","protected":false},"author":24,"featured_media":35982,"template":"","meta":{"inline_featured_image":false,"ngg_post_thumbnail":0,"_EventAllDay":false,"_EventTimezone":"","_EventStartDate":"","_EventEndDate":"","_EventStartDateUTC":"","_EventEndDateUTC":"","_EventShowMap":false,"_EventShowMapLink":false,"_EventURL":"","_EventCost":"","_EventCostDescription":"","_EventCurrencySymbol":"","_EventCurrencyCode":"","_EventCurrencyPosition":"","_EventDateTimeSeparator":"","_EventTimeRangeSeparator":"","_EventOrganizerID":[],"_EventVenueID":[],"_OrganizerEmail":"","_OrganizerPhone":"","_OrganizerWebsite":"","_VenueAddress":"","_VenueCity":"","_VenueCountry":"","_VenueProvince":"","_VenueState":"","_VenueZip":"","_VenuePhone":"","_VenueURL":"","_VenueStateProvince":"","_VenueLat":"","_VenueLng":"","_VenueShowMap":false,"_VenueShowMapLink":false},"categories":[152,33],"tags":[208,228],"class_list":["post-36006","awf-news","type-awf-news","status-publish","has-post-thumbnail","hentry","category-latin-america-fr","category-news-fr","tag-amerique-latine","tag-cla-fr"],"_links":{"self":[{"href":"https:\/\/awf.world\/fr\/wp-json\/wp\/v2\/awf-news\/36006","targetHints":{"allow":["GET"]}}],"collection":[{"href":"https:\/\/awf.world\/fr\/wp-json\/wp\/v2\/awf-news"}],"about":[{"href":"https:\/\/awf.world\/fr\/wp-json\/wp\/v2\/types\/awf-news"}],"author":[{"embeddable":true,"href":"https:\/\/awf.world\/fr\/wp-json\/wp\/v2\/users\/24"}],"wp:featuredmedia":[{"embeddable":true,"href":"https:\/\/awf.world\/fr\/wp-json\/wp\/v2\/media\/35982"}],"wp:attachment":[{"href":"https:\/\/awf.world\/fr\/wp-json\/wp\/v2\/media?parent=36006"}],"wp:term":[{"taxonomy":"category","embeddable":true,"href":"https:\/\/awf.world\/fr\/wp-json\/wp\/v2\/categories?post=36006"},{"taxonomy":"post_tag","embeddable":true,"href":"https:\/\/awf.world\/fr\/wp-json\/wp\/v2\/tags?post=36006"}],"curies":[{"name":"wp","href":"https:\/\/api.w.org\/{rel}","templated":true}]}}