{"id":35861,"date":"2024-11-19T14:43:49","date_gmt":"2024-11-19T17:43:49","guid":{"rendered":"https:\/\/awf.world\/?post_type=awf-news&#038;p=35861"},"modified":"2024-11-25T10:41:10","modified_gmt":"2024-11-25T13:41:10","slug":"forum-theologique-de-lalliance-en-espagne","status":"publish","type":"awf-news","link":"https:\/\/awf.world\/fr\/awf-news\/forum-theologique-de-lalliance-en-espagne\/","title":{"rendered":"L\u2019UMA Re\u00e7oit le Premier Forum sur la Th\u00e9ologie et l\u2019Identit\u00e9 de l\u2019Alliance en Espagne"},"content":{"rendered":"<p style=\"text-align: justify;\"><strong>Pour deux jours, les voix de 70 leaders de cinq nations se sont lev\u00e9es ensemble \u00e0 Madrid, unies par une mission singuli\u00e8re : se plonger dans les profondeurs de la Th\u00e9ologie et l\u2019Identit\u00e9 de l\u2019Alliance.<\/strong><\/p>\n<p>Ce tout premier forum sur la Th\u00e9ologie et l\u2019Identit\u00e9 de l\u2019Alliance \u00e9tait particuli\u00e8rement important comme il a fourni aux leaders et pasteurs avec une opportunit\u00e9 de s\u2019engager profond\u00e9ment dans l\u2019identit\u00e9 de l\u2019Alliance, une \u00e9tape cruciale pour beaucoup cherchant solidifier leurs racines au milieu des tendances actuelles qui peuvent conduire les croyants \u00e0 errer \u00e0 partir de leurs origines. Contrairement aux anciennes recherches de A. B. Simpson promues par INFORMA, qui ont seulement mis l\u2019accent sur des mati\u00e8res th\u00e9ologiques, cette rencontre a mis l\u2019accent sur le noyau de l\u2019identit\u00e9 de la CMA, abordant l\u2019ADN du mouvement.<\/p>\n<p>Le Dr Jura Yanagihara, pr\u00e9sident de l\u2019UMA, a ouvert l\u2019\u00e9v\u00e9nement avec une pr\u00e9sentation vid\u00e9o soulignant une vision de cultiver un sens renouvel\u00e9 de l\u2019identit\u00e9 \u00e0 l\u2019int\u00e9rieur de la famille de l\u2019Alliance, faisant de ce forum le premier de son genre. Des \u00e9minents orateurs comme le Dr Walter P\u00e9rez de la Commission Internationale d\u2019\u00c9ducation Th\u00e9ologique (ICTE) de l\u2019UMA ; le R\u00e9v. Rocco Rausch, un membre de la premi\u00e8re classe du Programme des Jeunes \u00c9tudiants de l\u2019UMA ; le Dr Francisco C\u00e9rron, le pr\u00e9sident de l\u2019INFORMA ; et le R\u00e9v. Timothy Westergren, directeur des Missions de l\u2019Alliance en Espagne. L\u2019\u00e9quipe h\u00f4te de l\u2019\u00e9glise d\u2019adoration a conduit les participants dans les chants de A. B. Simpson comme \u00ab J\u00e9sus Seul \u00bb, et d\u2019autres chants d\u2019adoration, approfondissant l\u2019exp\u00e9rience collective d\u2019adoration.<\/p>\n<p>Chaque pr\u00e9sentateur a mis l\u2019accent sur une des facettes de la th\u00e9ologie de l\u2019Alliance. Le Dr P\u00e9rez a accentu\u00e9 sur \u00ab La vie profonde \u00bb et \u00ab Le r\u00f4le du Saint Esprit \u00bb, rappelant les participants, \u00ab Quelquefois, nous avons peur de l\u2019\u0153uvre de l\u2019Esprit \u00bb. Le R\u00e9v. Rausch a r\u00e9fl\u00e9chi sur la vie de A. B. Simpson, soulignant le th\u00e8me de la sanctification par Christ : \u00ab L\u2019essence de l\u2019\u00c9vangile Quadruple est la vie de J\u00e9sus. Il p\u00e9n\u00e8tre en nous et vit par nous \u00bb.<\/p>\n<p>Le Dr Cerron a discut\u00e9 sur l\u2019\u00c9vangile Quadruple, se focalisant sur le salut et le retour de Christ. Il a d\u00e9fi\u00e9 les participants avec le point de vue de Simpson du salut comme un voyage marqu\u00e9 par la repentance, l\u2019humilit\u00e9, et la soumission. \u00ab Ceci doit \u00eatre pr\u00each\u00e9 et enseign\u00e9 dans nos congr\u00e9gations \u00bb, Cerron a soulign\u00e9, \u00ab autrement nous risquons de cultiver un christianisme superficiel \u00bb. Le R\u00e9v. Westergren a centr\u00e9 son message sur la gu\u00e9rison divine, soulignant la croyance de Simpson dans la r\u00e9demption et la restauration holistiques.<\/p>\n<p>Les participants se sont connect\u00e9s pendant les pauses et les sessions de caf\u00e9, partageant leurs pens\u00e9es et exp\u00e9riences. Le Pasteur Jorge Jim\u00e9rez de Valence, en Espagne a r\u00e9fl\u00e9chi : \u00ab Apr\u00e8s les sessions, j\u2019ai senti \u00eatre appel\u00e9 \u00e0 chercher une relation plus profonde avec notre Sauveur. C\u2019\u00e9tait une vraie b\u00e9n\u00e9diction de participer \u00bb. Cecilia Mercon, un missionnaire de Manchester, Angleterre, dit : \u00ab Le m\u2019a immens\u00e9ment b\u00e9nie. Apprendre sur la vie de Simpson et notre doctrine centr\u00e9e sur Christ \u00e9tait inspirant. Tout a \u00e9t\u00e9 bien organis\u00e9 avec amour \u00bb. La conclusion du forum \u00e9tait marqu\u00e9e par la Sainte Communion et un service d\u2019onction, offrant des pri\u00e8res pour la restauration et la gu\u00e9rison.<\/p>\n<p>Avec 70 participants incluant des pasteurs, leaders et missionnaires venant d\u2019Espagne, d\u2019Italie, France, les Pays-Bas, et l\u2019Angleterre, le rencontre s\u2019est tenue \u00e0 l\u2019Eglise de Alianza de Amor, conduite par le R\u00e9v. German Vargas, du 25 au 26 octobre 2024.<\/p>\n<p>L\u2019\u00e9v\u00e9nement \u00e9tait accueilli par l\u2019Union Mondiale de l\u2019Alliance (UMA), la R\u00e9gion EMERALD (Europe et Moyen Orient), la <a href=\"https:\/\/awf.world\/fr\/country-description\/espagne\/\" target=\"_blank\" rel=\"noopener\">F\u00e9d\u00e9ration des \u00c9glises de l\u2019Alliance Chr\u00e9tienne et Missionnaire d\u2019Espagne (FIACME)<\/a>, et l<a href=\"https:\/\/institutoinforma.com\/\" target=\"_blank\" rel=\"noopener\">\u2019Institut de Formation Minist\u00e9rielle de l\u2019Alliance (INFORMA)<\/a>. Le forum a marqu\u00e9 une \u00e9tape importante en renfor\u00e7ant l\u2019identit\u00e9 de l\u2019Alliance \u00e0 travers l\u2019Europe, et son impact est attendu pour se r\u00e9pandre \u00e0 travers les communaut\u00e9s autonomes diff\u00e9rentes, inspirant d\u2019autres \u00e9glises dans la r\u00e9gion de recevoir des \u00e9v\u00e9nements similaires. Les plans sont d\u00e9j\u00e0 en cours pour un forum en France en 2025, r\u00e9unissant les pasteurs et leaders de l\u2019Alliance de la r\u00e9gion parlant le fran\u00e7ais.<\/p>\n","protected":false},"author":25,"featured_media":35705,"template":"","meta":{"inline_featured_image":false,"ngg_post_thumbnail":0,"_EventAllDay":false,"_EventTimezone":"","_EventStartDate":"","_EventEndDate":"","_EventStartDateUTC":"","_EventEndDateUTC":"","_EventShowMap":false,"_EventShowMapLink":false,"_EventURL":"","_EventCost":"","_EventCostDescription":"","_EventCurrencySymbol":"","_EventCurrencyCode":"","_EventCurrencyPosition":"","_EventDateTimeSeparator":"","_EventTimeRangeSeparator":"","_EventOrganizerID":[],"_EventVenueID":[],"_OrganizerEmail":"","_OrganizerPhone":"","_OrganizerWebsite":"","_VenueAddress":"","_VenueCity":"","_VenueCountry":"","_VenueProvince":"","_VenueState":"","_VenueZip":"","_VenuePhone":"","_VenueURL":"","_VenueStateProvince":"","_VenueLat":"","_VenueLng":"","_VenueShowMap":false,"_VenueShowMapLink":false},"categories":[853,145],"tags":[345,200,690],"class_list":["post-35861","awf-news","type-awf-news","status-publish","has-post-thumbnail","hentry","category-education-theologique","category-europe-middle-east","tag-commission-internationale-pour-leducation-theologique","tag-emerald-fr","tag-europe-et-moyen-orient"],"_links":{"self":[{"href":"https:\/\/awf.world\/fr\/wp-json\/wp\/v2\/awf-news\/35861","targetHints":{"allow":["GET"]}}],"collection":[{"href":"https:\/\/awf.world\/fr\/wp-json\/wp\/v2\/awf-news"}],"about":[{"href":"https:\/\/awf.world\/fr\/wp-json\/wp\/v2\/types\/awf-news"}],"author":[{"embeddable":true,"href":"https:\/\/awf.world\/fr\/wp-json\/wp\/v2\/users\/25"}],"wp:featuredmedia":[{"embeddable":true,"href":"https:\/\/awf.world\/fr\/wp-json\/wp\/v2\/media\/35705"}],"wp:attachment":[{"href":"https:\/\/awf.world\/fr\/wp-json\/wp\/v2\/media?parent=35861"}],"wp:term":[{"taxonomy":"category","embeddable":true,"href":"https:\/\/awf.world\/fr\/wp-json\/wp\/v2\/categories?post=35861"},{"taxonomy":"post_tag","embeddable":true,"href":"https:\/\/awf.world\/fr\/wp-json\/wp\/v2\/tags?post=35861"}],"curies":[{"name":"wp","href":"https:\/\/api.w.org\/{rel}","templated":true}]}}