{"id":34440,"date":"2024-10-25T11:19:48","date_gmt":"2024-10-25T14:19:48","guid":{"rendered":"https:\/\/awf.world\/?post_type=awf-news&#038;p=34440"},"modified":"2024-10-25T17:02:47","modified_gmt":"2024-10-25T20:02:47","slug":"formation-des-instructeurs-de-lhistoire-et-de-la-pensee-de-lalliance","status":"publish","type":"awf-news","link":"https:\/\/awf.world\/fr\/awf-news\/formation-des-instructeurs-de-lhistoire-et-de-la-pensee-de-lalliance\/","title":{"rendered":"Formation des Instructeurs de l\u2019Histoire et de la Pens\u00e9e de l\u2019Alliance"},"content":{"rendered":"<p style=\"text-align: justify;\"><strong>La vision de l&rsquo;UMA ICTE (Commission Internationale d\u2019\u00c9ducation Th\u00e9ologique) est de renforcer et d\u00e9velopper la mission de l\u2019Alliance Chr\u00e9tienne et Missionnaire dans le monde entier, et, par cons\u00e9quent, glorifier le Dieu trinitaire.<\/strong><\/p>\n<p><strong><em><u>Vision :<\/u><\/em><\/strong><\/p>\n<p>Renforcer et d\u00e9velopper la mission de l\u2019Alliance Chr\u00e9tienne et Missionnaire dans le monde entier, et, par cons\u00e9quent, glorifier le Dieu trinitaire.<\/p>\n<p>Ce projet r\u00e9unira en particulier de jeunes \u00e9ducateurs choisis parmi les diff\u00e9rentes r\u00e9gions de l\u2019Union Mondiale de l\u2019Alliance (UMA) pour motiver, \u00e9quiper, et les former afin de transmettre efficacement leur enthousiasme pour la riche histoire, la th\u00e9ologie et la pratique missionnaire et la pastorale de la CMA (Histoire et la Pens\u00e9e de l\u2019Alliance\/l\u2019ADN de l\u2019Alliance) parmi ses employ\u00e9s officiels et ouvriers la\u00efcs.<\/p>\n<p><strong><em><u>Localisation :<\/u><\/em><\/strong><\/p>\n<p>Ville de New York et le District M\u00e9tropolitain de la CMA (Etats-Unis).<\/p>\n<p><strong><em><u>P\u00e9riode :<\/u><\/em><\/strong><\/p>\n<p>Actuellement pr\u00e9vu du <strong>9 au 13 juin 2025<\/strong>.<\/p>\n<p><strong><em><u>Candidats :<\/u><\/em><\/strong><\/p>\n<p>&#8211; Les candidats id\u00e9aux :<\/p>\n<ul>\n<li>Seront reconnus par leurs dirigeants respectifs de l\u2019UMA comme de jeunes leaders particuli\u00e8rement prometteurs, sp\u00e9cialement dans le domaine de l\u2019enseignement de l\u2019Histoire et de la Pens\u00e9e de l\u2019Alliance et qui ayant fait preuve dans le minist\u00e8re.<\/li>\n<li>Auront approximativement 40 ans ou seront plus jeunes.<\/li>\n<li>Auront termin\u00e9 ou seront inscrits \u00e0 une ma\u00eetrise dans une discipline universitaire connexe (th\u00e9ologie, \u00e9tudes bibliques, histoire de l\u2019\u00e9glise, etc.).<\/li>\n<li>Recevront de l\u2019\u00e9glise\/r\u00e9gion\/district national des fonds suffisants pour couvrir toutes les d\u00e9penses personnelles engag\u00e9es pendant le cours, notamment les billets d\u2019avion, l\u2019assurance maladie et les frais de visa. (L\u2019autorit\u00e9 comp\u00e9tente peut demander \u00e0 l\u2019UMA de l\u2019aider \u00e0 couvrir certaines de ces d\u00e9penses)\n<ul>\n<li>L\u2019Union Mondiale de l\u2019Alliance (UMA) va couvrir les frais associ\u00e9s au logement, aux repas, au transport terrestre Durant la p\u00e9riode des \u00e9tudes, au mat\u00e9riel n\u00e9cessaire et aux entr\u00e9es aux \u00e9v\u00e9nements\/sites. Cela ne couvre pas les d\u00e9placements \u00e0 destination et en provenance de New York, ni les co\u00fbts des autres effets personnels occasionn\u00e9s pendant le voyage.<\/li>\n<\/ul>\n<\/li>\n<li>Seront en mesure d\u2019obtenir un visa appropri\u00e9 pour visiter les Etats-Unis.<\/li>\n<li>Seront \u00e9ligibles et disposes de travailler au sein de leur \u00e9glise nationale.<\/li>\n<\/ul>\n<p>La s\u00e9lection finale des candidats reste \u00e0 la d\u00e9cision du Comit\u00e9 de s\u00e9lection.<\/p>\n<p><strong><em><u>Demande :<\/u><\/em><\/strong><\/p>\n<p>Les personnes int\u00e9ress\u00e9es feront la demande au comit\u00e9 de s\u00e9lection, par leurs membres r\u00e9gionaux de l\u2019ICTE de l\u2019UMA. Les demandes doivent inclure :<\/p>\n<ol>\n<li>Un curriculum vitae mis \u00e0 jour\/r\u00e9sum\u00e9.<\/li>\n<li>Une lettre d\u2019une page exposant les raisons de leur int\u00e9r\u00eat pour le programme et toute autre information que le comit\u00e9 de s\u00e9lection devrait prendre en compte lors de ses d\u00e9lib\u00e9rations.<\/li>\n<li>Une lettre d\u2019une page confirmant que, s\u2019ils sont s\u00e9lectionn\u00e9s, ils s\u2019engagent \u00e0 remplir toutes les exigences et responsabilit\u00e9s du programme.<\/li>\n<li>Une lettre de recommandation de la part des dirigeants de l\u2019\u00e9glise nationale de l\u2019Alliance.<\/li>\n<\/ol>\n<p>* Tous les documents de demande doivent \u00eatre soumis et traduits en anglais. *<\/p>\n<p><strong><em><u>Exigences :<\/u><\/em><\/strong><\/p>\n<p>Si s\u00e9lectionn\u00e9s, les candidats acceptent :<\/p>\n<ul>\n<li>De participer au programme dans son int\u00e9gralit\u00e9.<\/li>\n<li>De participer activement \u00e0 tous les aspects du programme\n<ul>\n<li>par exemple des activit\u00e9s en classe, lecture quotidienne, \u00e9criture, des activit\u00e9s de groupe, des excursions, etc.<\/li>\n<\/ul>\n<\/li>\n<\/ul>\n<p>Toutes les soumissions doivent \u00eatre re\u00e7ues par le comit\u00e9 de s\u00e9lection au plus tard le <strong>1er d\u00e9cembre 2024<\/strong>.<\/p>\n","protected":false},"author":25,"featured_media":34441,"template":"","meta":{"inline_featured_image":false,"ngg_post_thumbnail":0,"_EventAllDay":false,"_EventTimezone":"","_EventStartDate":"","_EventEndDate":"","_EventStartDateUTC":"","_EventEndDateUTC":"","_EventShowMap":false,"_EventShowMapLink":false,"_EventURL":"","_EventCost":"","_EventCostDescription":"","_EventCurrencySymbol":"","_EventCurrencyCode":"","_EventCurrencyPosition":"","_EventDateTimeSeparator":"","_EventTimeRangeSeparator":"","_EventOrganizerID":[],"_EventVenueID":[],"_OrganizerEmail":"","_OrganizerPhone":"","_OrganizerWebsite":"","_VenueAddress":"","_VenueCity":"","_VenueCountry":"","_VenueProvince":"","_VenueState":"","_VenueZip":"","_VenuePhone":"","_VenueURL":"","_VenueStateProvince":"","_VenueLat":"","_VenueLng":"","_VenueShowMap":false,"_VenueShowMapLink":false},"categories":[853,33],"tags":[345,344],"class_list":["post-34440","awf-news","type-awf-news","status-publish","has-post-thumbnail","hentry","category-education-theologique","category-news-fr","tag-commission-internationale-pour-leducation-theologique","tag-icte-fr"],"_links":{"self":[{"href":"https:\/\/awf.world\/fr\/wp-json\/wp\/v2\/awf-news\/34440","targetHints":{"allow":["GET"]}}],"collection":[{"href":"https:\/\/awf.world\/fr\/wp-json\/wp\/v2\/awf-news"}],"about":[{"href":"https:\/\/awf.world\/fr\/wp-json\/wp\/v2\/types\/awf-news"}],"author":[{"embeddable":true,"href":"https:\/\/awf.world\/fr\/wp-json\/wp\/v2\/users\/25"}],"wp:featuredmedia":[{"embeddable":true,"href":"https:\/\/awf.world\/fr\/wp-json\/wp\/v2\/media\/34441"}],"wp:attachment":[{"href":"https:\/\/awf.world\/fr\/wp-json\/wp\/v2\/media?parent=34440"}],"wp:term":[{"taxonomy":"category","embeddable":true,"href":"https:\/\/awf.world\/fr\/wp-json\/wp\/v2\/categories?post=34440"},{"taxonomy":"post_tag","embeddable":true,"href":"https:\/\/awf.world\/fr\/wp-json\/wp\/v2\/tags?post=34440"}],"curies":[{"name":"wp","href":"https:\/\/api.w.org\/{rel}","templated":true}]}}