{"id":33545,"date":"2024-07-29T17:22:07","date_gmt":"2024-07-29T20:22:07","guid":{"rendered":"https:\/\/awf.world\/?post_type=awf-news&#038;p=33545"},"modified":"2024-07-30T13:42:44","modified_gmt":"2024-07-30T16:42:44","slug":"in-memoriam-mark-jones","status":"publish","type":"awf-news","link":"https:\/\/awf.world\/fr\/awf-news\/in-memoriam-mark-jones\/","title":{"rendered":"In Memoriam : Mark Jones, Une Vie de D\u00e9vouement et de Service au Minist\u00e8re de l\u2019\u00c9vangile"},"content":{"rendered":"<p style=\"text-align: justify;\"><strong>La vie de Mark Leonard Jones \u00e9tait caract\u00e9ris\u00e9e par l\u2019engagement de sa foi, et l\u2019expansion de l\u2019amour, la mis\u00e9ricorde, la justice et le salut de Dieu dans le monde entier \u00e0 travers son minist\u00e8re avec CAMA Services et l\u2019Alliance du Canada.<\/strong><\/p>\n<p>A travers sa carri\u00e8re, Mark a servi avec humilit\u00e9 et touchant d\u2019innombrables vies avec le message d\u2019espoir et de r\u00e9demption de J\u00e9sus. Son d\u00e9vouement envers sa famille \u00e9tait \u00e9vident, sa pr\u00e9sence \u00e0 des importants \u00e9v\u00e9nements et la cr\u00e9ation des vacances m\u00e9morables de famille. Les priorit\u00e9s dans la vie de Mark \u00e9taient claires : Christ, la famille, les gens et le minist\u00e8re.<\/p>\n<p>L\u2019engagement de Mark d\u2019\u00e9couter l\u2019Esprit de Dieu et l\u2019utilisation de ses talents et tr\u00e9sors pour servir J\u00e9sus \u00e9tait ind\u00e9niable. Son engagement pour sa famille et ses amis, en temps des \u00e9v\u00e9nements heureux et d\u2019adversit\u00e9, \u00e9tait admirable. Il \u00e9tait un avocat visionnaire, un r\u00e9seauteur, un initiateur et un finisseur.<\/p>\n<p>La passion de Mark pour apporter de l\u2019espoir et des solutions pratiques dans des situations d\u00e9sastreuses \u00e9tait une force motrice dans sa vie. Son esprit aventureux et son style de leadership responsabilisant a conduit aux accomplissements importants dans le D\u00e9veloppement Communautaire. Il \u00e9tait un instrument en d\u00e9veloppant des projets au Laos, encourageant des leaders en Asie, et \u00e9levant l\u2019attention de l\u2019Alliance sur l\u2019engagement holistique \u00e0 travers le monde.<\/p>\n<p>N\u00e9 le 17 ao\u00fbt 1966, Mark a grandi dans une famille profond\u00e9ment chr\u00e9tienne, qui a jet\u00e9 les bases de sa vie d\u2019engagement pour Christ. Ses premi\u00e8res ann\u00e9es \u00e9taient remplies de sens de merveille et d\u2019appr\u00e9ciation pour la cr\u00e9ation de Dieu comme il explorait des r\u00e9gions, des pistes, des montagnes, les climats, et des oc\u00e9ans, permettant \u00e0 chaque vue pour approfondir sa foi et ralentir son pas.<\/p>\n<p>Poursuivant des \u00e9tudes th\u00e9ologiques, obtenant une licence en Th\u00e9ologie et une ma\u00eetrise en Leadership et D\u00e9veloppement Communautaire, Mark pr\u00e9par\u00e9 \u00e0 relever les d\u00e9fis d&rsquo;un service international. Avec sa bien-aim\u00e9e \u00e9pouse et compagne de vie, Paula, ils ont commenc\u00e9 leur minist\u00e8re d\u2019outre-mer, au Laos en 1992. A travers sa carri\u00e8re, Mark a servi dans diff\u00e9rents r\u00f4les aussi bien avec CAMA Services et l\u2019Alliance du Canada comme directeur national, d\u00e9veloppeur r\u00e9gional pour l\u2019Asie, et plus r\u00e9cemment comme directeur strat\u00e9gique pour Secours et D\u00e9veloppement. Il a \u00e9galement \u00e9t\u00e9 actif au sein de l\u2019\u00e9quipe de Secours et D\u00e9veloppement de l\u2019UMA et \u00e9tait un instrument du lancement de la R\u00e9ponse Mondiale de l\u2019UMA au COVID-19.<\/p>\n<p>Par l\u2019incroyable gr\u00e2ce de Dieu, les plus grands r\u00eaves de Mark \u00e9taient r\u00e9alis\u00e9s dans les vies changes pour Christ, un vibrant mariage, ses trois enfants et leurs \u00e9pouses qui aiment J\u00e9sus, et leurs joyeux petits-enfants. L\u2019ext\u00e9rieur fort et le c\u0153ur doux de Mark, son esprit brillant et sa sensitivit\u00e9 \u00e0 la voix de l\u2019Esprit, sa fermet\u00e9, sa faim, sa compassion, sa g\u00e9n\u00e9rosit\u00e9, sa gentillesse, sa fid\u00e9lit\u00e9, sa loyaut\u00e9, son intelligence, et son esprit aventureux ont fait de lui un fils, un fr\u00e8re, un mari, un p\u00e8re, un oncle, un coll\u00e8gue, et un ami bien-aim\u00e9s.<\/p>\n<p>Mark est d\u00e9c\u00e9d\u00e9 \u00e0 l\u2019\u00e2ge de 57 ans, le 5 juillet 2024. Nous sommes reconnaissants au Seigneur qui nous a pr\u00eat\u00e9 Mark pour 57 ans, et nous trouvons l\u2019esp\u00e9rance dans la promesse qu\u2019il est maintenant avec le Seigneur J\u00e9sus Christ. Cette esp\u00e9rance est partag\u00e9e par tous ceux qui mettent leur foi en Christ.<\/p>\n<p>La c\u00e9l\u00e9bration du service de sa vie \u00e9tait tenue le samedi 20 juillet \u00e0 l\u2019Eglise de l\u2019Alliance Peace Portal \u00e0 Surrey, Canada.<\/p>\n<p>Cet article \u00e9tait bas\u00e9 sur l\u2019eulogie \u00e9crite par la famille Jones.<\/p>\n","protected":false},"author":24,"featured_media":33542,"template":"","meta":{"inline_featured_image":false,"ngg_post_thumbnail":0,"_EventAllDay":false,"_EventTimezone":"","_EventStartDate":"","_EventEndDate":"","_EventStartDateUTC":"","_EventEndDateUTC":"","_EventShowMap":false,"_EventShowMapLink":false,"_EventURL":"","_EventCost":"","_EventCostDescription":"","_EventCurrencySymbol":"","_EventCurrencyCode":"","_EventCurrencyPosition":"","_EventDateTimeSeparator":"","_EventTimeRangeSeparator":"","_EventOrganizerID":[],"_EventVenueID":[],"_OrganizerEmail":"","_OrganizerPhone":"","_OrganizerWebsite":"","_VenueAddress":"","_VenueCity":"","_VenueCountry":"","_VenueProvince":"","_VenueState":"","_VenueZip":"","_VenuePhone":"","_VenueURL":"","_VenueStateProvince":"","_VenueLat":"","_VenueLng":"","_VenueShowMap":false,"_VenueShowMapLink":false},"categories":[334,33],"tags":[328,410],"class_list":["post-33545","awf-news","type-awf-news","status-publish","has-post-thumbnail","hentry","category-amerique-du-nord","category-news-fr","tag-amerique-du-nord","tag-canada-fr"],"_links":{"self":[{"href":"https:\/\/awf.world\/fr\/wp-json\/wp\/v2\/awf-news\/33545","targetHints":{"allow":["GET"]}}],"collection":[{"href":"https:\/\/awf.world\/fr\/wp-json\/wp\/v2\/awf-news"}],"about":[{"href":"https:\/\/awf.world\/fr\/wp-json\/wp\/v2\/types\/awf-news"}],"author":[{"embeddable":true,"href":"https:\/\/awf.world\/fr\/wp-json\/wp\/v2\/users\/24"}],"wp:featuredmedia":[{"embeddable":true,"href":"https:\/\/awf.world\/fr\/wp-json\/wp\/v2\/media\/33542"}],"wp:attachment":[{"href":"https:\/\/awf.world\/fr\/wp-json\/wp\/v2\/media?parent=33545"}],"wp:term":[{"taxonomy":"category","embeddable":true,"href":"https:\/\/awf.world\/fr\/wp-json\/wp\/v2\/categories?post=33545"},{"taxonomy":"post_tag","embeddable":true,"href":"https:\/\/awf.world\/fr\/wp-json\/wp\/v2\/tags?post=33545"}],"curies":[{"name":"wp","href":"https:\/\/api.w.org\/{rel}","templated":true}]}}