{"id":33535,"date":"2024-07-18T16:10:47","date_gmt":"2024-07-18T19:10:47","guid":{"rendered":"https:\/\/awf.world\/?post_type=awf-news&#038;p=33535"},"modified":"2024-07-23T10:45:37","modified_gmt":"2024-07-23T13:45:37","slug":"nouvelle-presidente-de-lalliance-de-la-coree-du-sud","status":"publish","type":"awf-news","link":"https:\/\/awf.world\/fr\/awf-news\/nouvelle-presidente-de-lalliance-de-la-coree-du-sud\/","title":{"rendered":"Connaissez Jang Mi Kyung, la Nouvelle Pr\u00e9sidente de l\u2019Alliance de la Cor\u00e9e du Sud"},"content":{"rendered":"<p style=\"text-align: justify;\"><strong>Dans un geste historique, Jang Mi Kyung, \u00e9galement connue sous le nom de Zenas, a \u00e9t\u00e9 \u00e9lue premi\u00e8re femme pr\u00e9sidente de l\u2019\u00c9glise de l\u2019Alliance en Cor\u00e9e.<\/strong><\/p>\n<p>La R\u00e9v\u00e9rende Zenas commencera son mandat le 17 mars 2024 et le remplira jusqu\u2019en avril 2026, en s\u2019effor\u00e7ant de maintenir la paix au sein de la d\u00e9nomination et en soutenant ceux qui sont appel\u00e9s \u00e0 servir Dieu. Elle s\u2019est \u00e9galement engag\u00e9e \u00e0 participer aux projets missionnaires de l\u2019Union Mondiale de l\u2019Alliance (UMA) et de la r\u00e9gion APAC (Asie-Pacifique) de l\u2019UMA.<\/p>\n<p>Zenas prie pour que tous les pasteurs, y compris elle-m\u00eame, pr\u00eachent l\u2019\u00e9vangile avec honn\u00eatet\u00e9 et beaut\u00e9. Elle esp\u00e8re que son livre <em>Le Secret de l\u2019\u00c9vangile de J\u00e9sus sur l\u2019Esprit, la Volont\u00e9 et le Corps<\/em>, publi\u00e9 en mars, touchera de nombreux lecteurs. Ce livre met l\u2019accent sur l\u2019adoration par l\u2019esprit d\u2019adoption en J\u00e9sus-Christ, le sacrifice de soi et la vie selon les conseils de l\u2019Esprit Saint. Elle nous demande \u00e9galement de prier pour la paix dans toutes les \u00e9glises, tous les pasteurs et tous les missionnaires de l\u2019\u00c9glise de l\u2019Alliance en Cor\u00e9e, de l\u2019UMA et de l\u2019APAC.<\/p>\n<p>\u00ab En tant que premi\u00e8re femme \u00e0 occuper ce poste, je suis honor\u00e9e et pleine d\u2019humilit\u00e9. J\u2019esp\u00e8re inspirer d\u2019autres femmes \u00e0 poursuivre leur vocation dans le minist\u00e8re \u00bb, a fait remarquer Mme Zenas.<\/p>\n<p>Les r\u00e9actions de la communaut\u00e9 ont \u00e9t\u00e9 extr\u00eamement positives. \u00ab L\u2019\u00e9lection de Mme Zenas marque une nouvelle \u00e8re pour notre \u00e9glise. Son leadership et sa vision nous rapprocheront sans aucun doute les uns des autres \u00bb, a d\u00e9clar\u00e9 un membre de longue date de l\u2019\u00e9glise.<\/p>\n<p>N\u00e9e le 15 juin 1974, Zenas a grandi dans la maison m\u00eame o\u00f9 se trouve aujourd\u2019hui l\u2019\u00e9glise Partage du Bonheur. Cette maison, construite par ses parents il y a 54 ans, a \u00e9t\u00e9 h\u00e9rit\u00e9e par Zenas, qui y a \u00e9tabli l\u2019\u00e9glise. Elle vit avec sa m\u00e8re, sa s\u0153ur a\u00een\u00e9e et sa ni\u00e8ce. \u00ab Cette maison a toujours \u00e9t\u00e9 un lieu d\u2019amour et de foi, et maintenant elle est un lieu d\u2019espoir pour notre communaut\u00e9 \u00bb, a d\u00e9clar\u00e9 Mme Zenas.<\/p>\n<p>D\u00e8s son plus jeune \u00e2ge, Zenas s\u2019est int\u00e9ress\u00e9e \u00e0 la Bible et \u00e0 l\u2019\u00e9vangile. Bien qu\u2019elle se soit d\u2019abord sp\u00e9cialis\u00e9e dans la langue et la litt\u00e9rature cor\u00e9ennes \u00e0 l\u2019universit\u00e9 et qu\u2019elle ait travaill\u00e9 dans le secteur de l\u2019\u00e9ducation, elle s\u2019est sentie appel\u00e9e au minist\u00e8re \u00e0 l\u2019\u00e2ge de 37 ans. Elle a poursuivi des \u00e9tudes pastorales \u00e0 l\u2019\u00c9cole doctorale de l\u2019Universit\u00e9 Sungkyul, avant de fonder son \u00e9glise et de rejoindre la CMA Cor\u00e9e en 2019. Son d\u00e9vouement et son service dans diverses fonctions confessionnelles l\u2019ont amen\u00e9e \u00e0 \u00eatre \u00e9lue pr\u00e9sidente.<\/p>\n<p>Avec Zenas \u00e0 la barre, la CMA Cor\u00e9e est pr\u00eate pour une p\u00e9riode de croissance, d\u2019unit\u00e9 et de foi renouvel\u00e9e.<\/p>\n<p>Unissons-nous dans la pri\u00e8re et continuons \u00e0 soutenir l\u2019\u0153uvre du Seigneur en Cor\u00e9e du Sud.<\/p>\n","protected":false},"author":24,"featured_media":33532,"template":"","meta":{"inline_featured_image":false,"ngg_post_thumbnail":0,"_EventAllDay":false,"_EventTimezone":"","_EventStartDate":"","_EventEndDate":"","_EventStartDateUTC":"","_EventEndDateUTC":"","_EventShowMap":false,"_EventShowMapLink":false,"_EventURL":"","_EventCost":"","_EventCostDescription":"","_EventCurrencySymbol":"","_EventCurrencyCode":"","_EventCurrencyPosition":"","_EventDateTimeSeparator":"","_EventTimeRangeSeparator":"","_EventOrganizerID":[],"_EventVenueID":[],"_OrganizerEmail":"","_OrganizerPhone":"","_OrganizerWebsite":"","_VenueAddress":"","_VenueCity":"","_VenueCountry":"","_VenueProvince":"","_VenueState":"","_VenueZip":"","_VenuePhone":"","_VenueURL":"","_VenueStateProvince":"","_VenueLat":"","_VenueLng":"","_VenueShowMap":false,"_VenueShowMapLink":false},"categories":[150,33],"tags":[196,643,649],"class_list":["post-33535","awf-news","type-awf-news","status-publish","has-post-thumbnail","hentry","category-asia-pacific","category-news-fr","tag-apac-fr","tag-asia-pacific","tag-asia-pacifico"],"_links":{"self":[{"href":"https:\/\/awf.world\/fr\/wp-json\/wp\/v2\/awf-news\/33535","targetHints":{"allow":["GET"]}}],"collection":[{"href":"https:\/\/awf.world\/fr\/wp-json\/wp\/v2\/awf-news"}],"about":[{"href":"https:\/\/awf.world\/fr\/wp-json\/wp\/v2\/types\/awf-news"}],"author":[{"embeddable":true,"href":"https:\/\/awf.world\/fr\/wp-json\/wp\/v2\/users\/24"}],"wp:featuredmedia":[{"embeddable":true,"href":"https:\/\/awf.world\/fr\/wp-json\/wp\/v2\/media\/33532"}],"wp:attachment":[{"href":"https:\/\/awf.world\/fr\/wp-json\/wp\/v2\/media?parent=33535"}],"wp:term":[{"taxonomy":"category","embeddable":true,"href":"https:\/\/awf.world\/fr\/wp-json\/wp\/v2\/categories?post=33535"},{"taxonomy":"post_tag","embeddable":true,"href":"https:\/\/awf.world\/fr\/wp-json\/wp\/v2\/tags?post=33535"}],"curies":[{"name":"wp","href":"https:\/\/api.w.org\/{rel}","templated":true}]}}