{"id":33508,"date":"2024-07-01T14:50:55","date_gmt":"2024-07-01T17:50:55","guid":{"rendered":"https:\/\/awf.world\/?post_type=awf-news&#038;p=33508"},"modified":"2024-07-02T14:21:33","modified_gmt":"2024-07-02T17:21:33","slug":"nouveau-president-de-lalliance-du-mexique","status":"publish","type":"awf-news","link":"https:\/\/awf.world\/fr\/awf-news\/nouveau-president-de-lalliance-du-mexique\/","title":{"rendered":"Connaissez Juan Carlos Perales Sifuentes, le Nouveau Pr\u00e9sident de l\u2019Alliance du Mexique"},"content":{"rendered":"<p style=\"text-align: justify;\"><strong>Les plans du nouveau pr\u00e9sident pour l\u2019Eglise CMA du Mexique incluent la culture de l\u2019unit\u00e9 pastorale par la collaboration des districts, en d\u00e9veloppant un programme d\u2019\u00e9ducation chr\u00e9tienne uniforme, en pr\u00e9parant des nouveaux pasteurs, et soutenant des efforts missionnaires.<\/strong><\/p>\n<p>L\u2019un des faits saillants sous le leadership du R\u00e9v. Juan Carlos Perales est l\u2019envoi de premiers missionnaires, la famille Hurtado Villasenor, au nord de l\u2019Allemagne pour travailler avec la communaut\u00e9 Turque.<\/p>\n<p>Le R\u00e9v. Perales \u00e9tait \u00e9lu le nouveau pr\u00e9sident de l\u2019\u00c9glise de la CMA du Mexique en juin 2024 pour un mandat de trois ans avec la possibilit\u00e9 d\u2019une r\u00e9\u00e9lection pour un mandat additionnel de trois ans. Il d\u00e9sire renforcer l\u2019unit\u00e9 pastorale, cr\u00e9er une \u00e9ducation chr\u00e9tienne standardis\u00e9e \u00e0 travers les congr\u00e9gations, et le soutien de l\u2019\u0153uvre missionnaire.<\/p>\n<p>L\u2019\u00c9glise de l\u2019Alliance Chr\u00e9tienne et Missionnaire (CMA) du Mexique \u00e9tait fond\u00e9e il y a 40 ans par des missionnaires Am\u00e9ricains Ramon et Kate Esparza. Cela a commenc\u00e9 \u00e0 Matamoros, Tamaulipas, et apr\u00e8s elle s\u2019est r\u00e9pandue \u00e0 Monterrey. L\u2019\u00e9glise a actuellement 100 congr\u00e9gations sur toute l\u2019\u00e9tendue du pays.<\/p>\n<p>N\u00e9 le 28 d\u00e9cembre 1970 \u00e0 Reynosa, Tamaulipas, R\u00e9v. Perales vient d\u2019une large famille catholique de 12 fr\u00e8res et s\u0153urs. Il est le dixi\u00e8me enfant d\u2019Oscar Perales et Esperanza Sifuentes. En 1992, il se maria avec Liliana Castro, et ils ont deux enfants, Carlos Israel et Keila.<\/p>\n<p>Le voyage spiritual du R\u00e9v. Perales d\u00e9buta le 15 avril 1987, quand il accepta J\u00e9sus Christ comme son Seigneur et Sauveur \u00e0 l\u2019\u00e2ge de 16 ans. Il \u00e9tait influenc\u00e9 par son fr\u00e8re Oscar qui est aussi un pasteur. Juan Carlos a quitt\u00e9 l\u2019\u00e9cole secondaire pour \u00e9tudier \u00e0 l\u2019Institut Biblique A. B. Simpson, ayant obtenu son dipl\u00f4me en 1991. Il a commenc\u00e9 son minist\u00e8re comme un pasteur assistant \u00e0 Reynosa avant d\u2019aller \u00e0 Monterrey, o\u00f9 il a servi pendant 31 ans.<\/p>\n<p>Le R\u00e9v. Perales demande de prier pour l\u2019unit\u00e9 de l\u2019\u00e9glise nationale, l\u2019\u00e9tablissement d\u2019un programme \u00e9ducationnel pour la formation des pasteurs, la protection et la s\u00e9curit\u00e9 des \u00e9glises au sud du Mexique, et la direction pour l\u2019\u00e9quipe du nouveau leadership.<\/p>\n","protected":false},"author":24,"featured_media":33505,"template":"","meta":{"inline_featured_image":false,"ngg_post_thumbnail":0,"_EventAllDay":false,"_EventTimezone":"","_EventStartDate":"","_EventEndDate":"","_EventStartDateUTC":"","_EventEndDateUTC":"","_EventShowMap":false,"_EventShowMapLink":false,"_EventURL":"","_EventCost":"","_EventCostDescription":"","_EventCurrencySymbol":"","_EventCurrencyCode":"","_EventCurrencyPosition":"","_EventDateTimeSeparator":"","_EventTimeRangeSeparator":"","_EventOrganizerID":[],"_EventVenueID":[],"_OrganizerEmail":"","_OrganizerPhone":"","_OrganizerWebsite":"","_VenueAddress":"","_VenueCity":"","_VenueCountry":"","_VenueProvince":"","_VenueState":"","_VenueZip":"","_VenuePhone":"","_VenueURL":"","_VenueStateProvince":"","_VenueLat":"","_VenueLng":"","_VenueShowMap":false,"_VenueShowMapLink":false},"categories":[152,33],"tags":[208,714],"class_list":["post-33508","awf-news","type-awf-news","status-publish","has-post-thumbnail","hentry","category-latin-america-fr","category-news-fr","tag-amerique-latine","tag-mexique"],"_links":{"self":[{"href":"https:\/\/awf.world\/fr\/wp-json\/wp\/v2\/awf-news\/33508","targetHints":{"allow":["GET"]}}],"collection":[{"href":"https:\/\/awf.world\/fr\/wp-json\/wp\/v2\/awf-news"}],"about":[{"href":"https:\/\/awf.world\/fr\/wp-json\/wp\/v2\/types\/awf-news"}],"author":[{"embeddable":true,"href":"https:\/\/awf.world\/fr\/wp-json\/wp\/v2\/users\/24"}],"wp:featuredmedia":[{"embeddable":true,"href":"https:\/\/awf.world\/fr\/wp-json\/wp\/v2\/media\/33505"}],"wp:attachment":[{"href":"https:\/\/awf.world\/fr\/wp-json\/wp\/v2\/media?parent=33508"}],"wp:term":[{"taxonomy":"category","embeddable":true,"href":"https:\/\/awf.world\/fr\/wp-json\/wp\/v2\/categories?post=33508"},{"taxonomy":"post_tag","embeddable":true,"href":"https:\/\/awf.world\/fr\/wp-json\/wp\/v2\/tags?post=33508"}],"curies":[{"name":"wp","href":"https:\/\/api.w.org\/{rel}","templated":true}]}}