{"id":32985,"date":"2023-12-14T15:18:01","date_gmt":"2023-12-14T18:18:01","guid":{"rendered":"https:\/\/awf.world\/?post_type=awf-news&#038;p=32985"},"modified":"2023-12-15T03:11:20","modified_gmt":"2023-12-15T06:11:20","slug":"ministeres-masculins-en-colombie-et-en-republique-dominicaine","status":"publish","type":"awf-news","link":"https:\/\/awf.world\/fr\/awf-news\/ministeres-masculins-en-colombie-et-en-republique-dominicaine\/","title":{"rendered":"Les Minist\u00e8res Masculins Transforment des Vies en Colombie et en R\u00e9publique Dominicaine"},"content":{"rendered":"<p style=\"text-align: justify;\"><strong>Embarquez pour un voyage de transformation spirituelle alors que des hommes de Colombie et de R\u00e9publique dominicaine partagent des histoires inspirantes issues des r\u00e9cents Congr\u00e8s de l\u2019Alliance Nationale des Hommes.<\/strong><\/p>\n<p>De Rivera, dans le Huila, \u00e0 Bogot\u00e1 et Valencia, en Colombie, et \u00e0 La Vega, en R\u00e9publique dominicaine, d\u00e9couvrez des r\u00e9cits de foi in\u00e9branlable, de gu\u00e9rison miraculeuse et de croissance personnelle. Malgr\u00e9 les \u00e9preuves de la vie, ces hommes ont trouv\u00e9 un r\u00e9confort et un but \u00e0 travers leurs minist\u00e8res. Rejoignez-nous pour explorer l\u2019impact des r\u00e9cits fa\u00e7onn\u00e9s par la foi, la r\u00e9silience et l\u2019intervention divine lors de ces congr\u00e8s transformateurs.<\/p>\n<p>Au c\u0153ur de la Colombie, dans la ville sereine de Rivera in Huila, Oscar Mar\u00edn s\u2019est lanc\u00e9 dans un profond voyage d\u2019\u00e9veil spirituel. Dipl\u00f4m\u00e9 en Bible et Th\u00e9ologie et psychologue, Oscar s\u2019est retrouv\u00e9 \u00e0 la crois\u00e9e des chemins. Apr\u00e8s un week-end riche en \u00e9motions et en messages puissants de pr\u00e9dicateurs renomm\u00e9s, il aspirait \u00e0 une rencontre divine.<\/p>\n<p>Au point culminant de l\u2019\u00e9v\u00e9nement, alors que les ministres imposaient les mains \u00e0 l\u2019assembl\u00e9e, Oscar est rest\u00e9 impassible jusqu\u2019\u00e0 ce que le pasteur directeur s\u2019approche de lui avec un message qui a chang\u00e9 sa vie : \u00ab Croyez-le, Oscar, cette parole est pour vous. Crois-le &#8230;. \u00c9coute et parle \u00bb. Il s\u2019ensuivit un d\u00e9ferlement d\u2019\u00e9motions, une force qui s\u2019empara de son \u00eatre, marquant une connexion surnaturelle avec Dieu. Oscar avait enfin rencontr\u00e9 la voix de Dieu, un message qui le conduisait vers un nouveau d\u00e9part, une nouvelle vocation et un nouveau d\u00e9fi.<\/p>\n<p>La joie qui avait envelopp\u00e9 Oscar s\u2019est cependant rapidement transform\u00e9e en tristesse lorsque, quinze jours plus tard, son jeune fr\u00e8re est d\u00e9c\u00e9d\u00e9. Pourtant, au cours de cette trag\u00e9die, Dieu a apport\u00e9 r\u00e9confort et force. Ses mots, \u00ab Vivant et efficace \u00bb, ont r\u00e9sonn\u00e9, apportant du r\u00e9confort \u00e0 la famille en deuil et transformant les promesses personnelles, familiales et minist\u00e9rielles en r\u00e9alit\u00e9.<\/p>\n<p>\u00c0 Valencia, en Colombie, Adriano P\u00e9rez Babilonia, responsable de l\u2019\u00c9glise de l\u2019 Alliance Rivera, a d\u00fb relever le d\u00e9fi d\u2019organiser un voyage en Arm\u00e9nie pour assister au congr\u00e8s des hommes. Malgr\u00e9 un voyage \u00e9puisant de 34 heures sem\u00e9 d\u2019emb\u00fbches, la satisfaction d\u2019avoir accompli son devoir l\u2019a emport\u00e9 sur les difficult\u00e9s. L\u2019impact de la conf\u00e9rence a transform\u00e9 Adriano, lui insufflant une vision renouvel\u00e9e du d\u00e9veloppement personnel et du leadership. Motiv\u00e9 par les b\u00e9n\u00e9dictions qu\u2019il a re\u00e7ues, il a pris la responsabilit\u00e9 de partager ces enseignements avec les hommes des cinq \u00e9glises de l\u2019Alliance \u00e0 Valencia, C\u00f3rdoba.<\/p>\n<p>Yilber Alexis Valderrama, de C\u00f3rdoba, Santander de Quilichao, a trouv\u00e9 que le congr\u00e8s \u00e9tait une rencontre inoubliable avec Dieu. Les messages d\u00e9livr\u00e9s ont eu un impact profond, soulignant la responsabilit\u00e9 des hommes dans leur r\u00f4le. \u00ab Le d\u00e9fi consiste \u00e0 reconna\u00eetre la position sp\u00e9cifique que Dieu a accord\u00e9e \u00e0 chaque homme et \u00e0 porter des fruits abondants gr\u00e2ce \u00e0 une communion constante avec l\u2019Esprit Saint \u00bb.<\/p>\n<p>Alejandro Salinas Malag\u00f3n, coordinateur du minist\u00e8re des hommes \u00e0 Bogota, a d\u00e9crit le congr\u00e8s comme une exp\u00e9rience surnaturelle. L\u2019\u00e9v\u00e9nement l\u2019a incit\u00e9 \u00e0 s\u2019am\u00e9liorer dans divers aspects de sa vie, le poussant \u00e0 exceller en tant que mari, p\u00e8re, pasteur de l\u2019\u00e9vangile et fils de Dieu. Son d\u00e9sir de voir Dieu agir dans le minist\u00e8re qu\u2019il supervise s\u2019est intensifi\u00e9.<\/p>\n<p>Isidoro Rodr\u00edguez Morante, responsable de l\u2019\u00c9glise de l\u2019Alliance Chr\u00e9tienne et Missionnaire de Suba, \u00e0 Bogota, a fait part de sa profonde exp\u00e9rience : \u00ab Malgr\u00e9 les difficult\u00e9s \u00e9conomiques et logistiques, l\u2019humilit\u00e9 et la simplicit\u00e9 des hommes que j\u2019ai rencontr\u00e9s m\u2019ont inspir\u00e9 \u00bb. La vie d\u2019Isidoro a pris un tournant miraculeux pendant le congr\u00e8s, o\u00f9 Dieu a gu\u00e9ri sa blessure \u00e0 l\u2019\u00e9paule, d\u00e9fiant les attentes m\u00e9dicales et annulant son op\u00e9ration chirurgicale programm\u00e9e.<\/p>\n<p>Le pasteur Ruberney Carabal\u00ed dirige le Minist\u00e8re de l\u2019Alliance Nationale des Hommes en Colombie et \u00e9tait responsable de l\u2019organisation du congr\u00e8s. Sous le th\u00e8me \u00ab Choisis avec un bu \u00bb, 178 hommes ont particip\u00e9 au congr\u00e8s, du 22 au 24 septembre 2023, en Arm\u00e9nie. L\u2019accent mis sur des sujets tels que \u00ab La priorit\u00e9 de rester en Christ \u00bb a laiss\u00e9 un impact durable, comme l\u2019a indiqu\u00e9 le pr\u00e9sident national de<a href=\"https:\/\/awf.world\/fr\/country-description\/colombie\/\" target=\"_blank\" rel=\"noopener\"> l\u2019Alliance Chr\u00e9tienne et Missionnaire (CMA) en Colombie<\/a>, le r\u00e9v\u00e9rend Esnilder Pop\u00f3.<\/p>\n<p>Franklin Rosario dirige le Minist\u00e8re National des Hommes en R\u00e9publique dominicaine, un mouvement d\u00e9di\u00e9 \u00e0 la motivation des hommes par le biais de visites d\u2019\u00e9glises, d\u2019encouragements et de retraites r\u00e9gionales de pri\u00e8re et de je\u00fbne. L\u2019objectif est d\u2019inspirer non seulement les hommes mais aussi l\u2019ensemble de l\u2019\u00e9glise \u00e0 poursuivre l\u2019\u0153uvre de Dieu.<\/p>\n<p><a href=\"https:\/\/awf.world\/fr\/country-description\/republique-dominicaine\/\" target=\"_blank\" rel=\"noopener\">L\u2019Alliance Chr\u00e9tienne et Missionnaire (CMA) en R\u00e9publique dominicaine<\/a> r\u00eave d\u2019atteindre davantage d\u2019hommes pour Dieu, comme en t\u00e9moigne un r\u00e9cent congr\u00e8s intitul\u00e9 \u00ab Passionn\u00e9s par le Christ \u00bb qui s\u2019est tenu \u00e0 La Vega du 20 au 23 octobre 2023 et auquel ont particip\u00e9 plus de 200 hommes.<\/p>\n<p>Le minist\u00e8re des hommes est activement engag\u00e9 dans des projets, avec un plan de construction d\u2019un h\u00f4pital et d\u2019un centre de pr\u00e9paration pour les enfants et les jeunes afin qu\u2019ils puissent acqu\u00e9rir des comp\u00e9tences pour gagner leur vie dans l\u2019une des communaut\u00e9s o\u00f9 l\u2019\u00e9vangile est pr\u00each\u00e9. Le travail, auquel participent des jeunes, des enfants et des femmes, est organis\u00e9 par district dans le but d\u2019atteindre chaque endroit pour \u00eatre une b\u00e9n\u00e9diction pour les hommes, en leur inculquant des valeurs qui leur permettront de continuer \u00e0 diriger leurs familles avec la gr\u00e2ce et l\u2019amour de Dieu, b\u00e9nissant ainsi leurs \u00e9pouses et leurs enfants. Leur vision est de motiver l\u2019\u00e9glise \u00e0 poursuivre son travail d\u2019\u00e9vang\u00e9lisation et de mission tout en atteignant d\u2019autres hommes pour l\u2019avancement du Royaume de Dieu.<\/p>\n<p>Parmi les sujets abord\u00e9s figuraient les responsabilit\u00e9s \u00e0 la maison, en se concentrant sur le th\u00e8me principal, \u00ab Passionn\u00e9s par le Christ \u00bb. Le pr\u00e9sident national, le r\u00e9v\u00e9rend Ernesto Rosa, consid\u00e8re ce minist\u00e8re comme une b\u00e9n\u00e9diction et esp\u00e8re qu\u2019il continuera \u00e0 porter ses fruits et \u00e0 b\u00e9nir les hommes, les familles, les \u00e9glises locales et la nation. Le r\u00eave est de poursuivre avec passion et de transformer la vie des hommes pour la gloire de Dieu.<\/p>\n","protected":false},"author":24,"featured_media":32983,"template":"","meta":{"inline_featured_image":false,"ngg_post_thumbnail":0,"_EventAllDay":false,"_EventTimezone":"","_EventStartDate":"","_EventEndDate":"","_EventStartDateUTC":"","_EventEndDateUTC":"","_EventShowMap":false,"_EventShowMapLink":false,"_EventURL":"","_EventCost":"","_EventCostDescription":"","_EventCurrencySymbol":"","_EventCurrencyCode":"","_EventCurrencyPosition":"","_EventDateTimeSeparator":"","_EventTimeRangeSeparator":"","_EventOrganizerID":[],"_EventVenueID":[],"_OrganizerEmail":"","_OrganizerPhone":"","_OrganizerWebsite":"","_VenueAddress":"","_VenueCity":"","_VenueCountry":"","_VenueProvince":"","_VenueState":"","_VenueZip":"","_VenuePhone":"","_VenueURL":"","_VenueStateProvince":"","_VenueLat":"","_VenueLng":"","_VenueShowMap":false,"_VenueShowMapLink":false},"categories":[152,33],"tags":[208],"class_list":["post-32985","awf-news","type-awf-news","status-publish","has-post-thumbnail","hentry","category-latin-america-fr","category-news-fr","tag-amerique-latine"],"_links":{"self":[{"href":"https:\/\/awf.world\/fr\/wp-json\/wp\/v2\/awf-news\/32985","targetHints":{"allow":["GET"]}}],"collection":[{"href":"https:\/\/awf.world\/fr\/wp-json\/wp\/v2\/awf-news"}],"about":[{"href":"https:\/\/awf.world\/fr\/wp-json\/wp\/v2\/types\/awf-news"}],"author":[{"embeddable":true,"href":"https:\/\/awf.world\/fr\/wp-json\/wp\/v2\/users\/24"}],"wp:featuredmedia":[{"embeddable":true,"href":"https:\/\/awf.world\/fr\/wp-json\/wp\/v2\/media\/32983"}],"wp:attachment":[{"href":"https:\/\/awf.world\/fr\/wp-json\/wp\/v2\/media?parent=32985"}],"wp:term":[{"taxonomy":"category","embeddable":true,"href":"https:\/\/awf.world\/fr\/wp-json\/wp\/v2\/categories?post=32985"},{"taxonomy":"post_tag","embeddable":true,"href":"https:\/\/awf.world\/fr\/wp-json\/wp\/v2\/tags?post=32985"}],"curies":[{"name":"wp","href":"https:\/\/api.w.org\/{rel}","templated":true}]}}