{"id":32944,"date":"2023-12-04T14:30:01","date_gmt":"2023-12-04T17:30:01","guid":{"rendered":"https:\/\/awf.world\/?post_type=awf-news&#038;p=32944"},"modified":"2023-12-05T10:58:55","modified_gmt":"2023-12-05T13:58:55","slug":"cinquante-ans-de-lima-a-une-rencontre-a-dieu","status":"publish","type":"awf-news","link":"https:\/\/awf.world\/fr\/awf-news\/cinquante-ans-de-lima-a-une-rencontre-a-dieu\/","title":{"rendered":"Cinquante Ans de Lima \u00e0 une Rencontre \u00e0 Dieu : Un H\u00e9ritage de Transformation au P\u00e9rou"},"content":{"rendered":"<p style=\"text-align: justify;\"><strong>L\u2019ann\u00e9e 2023 a signifi\u00e9 une nouvelle aube pleine d\u2019espoir pour le Mouvement \u00c9vang\u00e9lique de Lima \u00e0 une Rencontre \u00e0 Dieu (LED) au P\u00e9rou. Ce sont 50 ans de pri\u00e8res ferventes de serviteurs remplis de l\u2019amour du Seigneur travaillant pour son \u00c9glise et une ville latino-am\u00e9ricaine assoiff\u00e9e de l\u2019amour d\u2019un Dieu qui change les vies.<\/strong><\/p>\n<p>En 1973, une \u00e9quipe de pasteurs et de serviteurs de diverses nationalit\u00e9s s\u2019est r\u00e9unie pour former le Mouvement \u00c9vang\u00e9lique de Lima \u00e0 une Rencontre \u00e0 Dieu (LED) au P\u00e9rou. L\u2019entreprise a eu un impact significatif, g\u00e9n\u00e9rant une croissance fervente dans de nouvelles \u00e9glises. Des ann\u00e9es plus tard, Ricardo Abrams, membre de l\u2019\u00e9quipe fondatrice du LED, a d\u00e9fini la vision comme \u00ab un effort d\u2019\u00e9vang\u00e9lisation par saturation dans une capitale d\u2019Am\u00e9rique latine, dans le but de changer l\u2019histoire de ce pays par l\u2019\u00e9vang\u00e9lisation \u00bb.<\/p>\n<p>Dans son ouvrage Le feu dans la ville, le pasteur-\u00e9crivain Javier Cort\u00e1zar compare les d\u00e9buts du LED au \u00ab jour des petites choses \u00bb proph\u00e9tis\u00e9 par Zacharie. En 50 ans, ce mouvement s\u2019est d\u00e9velopp\u00e9, a port\u00e9 des fruits et est devenu un t\u00e9moignage vivant de la foi. Cort\u00e1zar a pr\u00e9sid\u00e9 le LED pendant deux p\u00e9riodes cl\u00e9s, de 1990 \u00e0 1992 et de 1996 \u00e0 2001. Dans son livre, il partage les \u00e9tapes cruciales de son d\u00e9veloppement. Dans son message de cl\u00f4ture de la conf\u00e9rence qui a marqu\u00e9 le 50e anniversaire du LED, Cort\u00e1zar a parl\u00e9 de la prise de risques dans le but d\u2019\u00e9tendre le Royaume de Dieu.<\/p>\n<p>Le pasteur et mentor Wilson Chavez a \u00e9t\u00e9 l\u2019un des premiers pasteurs p\u00e9ruviens \u00e0 rejoindre le mouvement et a laiss\u00e9 une marque ind\u00e9l\u00e9bile dans l\u2019histoire du LED. Dans ses messages d\u2019ouverture et de cl\u00f4ture de la conf\u00e9rence du LED, Chavez a soulign\u00e9 sa gratitude pour le soutien et la pr\u00e9sence de Dieu pendant cette p\u00e9riode. La proximit\u00e9 et la pr\u00e9sence active de Dieu, son c\u0153ur aimant et sa gr\u00e2ce, ont fait du LED ce qu\u2019il est devenu depuis ses d\u00e9buts jusqu\u2019\u00e0 aujourd\u2019hui, en esp\u00e9rant qu\u2019il continuera et se multipliera pendant les 50, 100, 150 prochaines ann\u00e9es jusqu\u2019au retour du Christ.<\/p>\n<p>Kenn Opperman, Eugenio Kelly et Alfred Smith, qui ont lanc\u00e9 le mouvement, ont partag\u00e9 leurs points de vue sur le LED. Pour Opperman, il s\u2019agit d\u2019une tentative d\u2019\u00e9vang\u00e9lisation et de changement de l\u2019histoire d\u2019un pays d\u2019Am\u00e9rique latine par le biais de l\u2019\u00e9vangile. Kelly a soulign\u00e9 sa nature de mouvement \u00e9vang\u00e9lique d\u2019implantation d\u2019\u00e9glises, tandis que Smith l\u2019a d\u00e9crit comme une entreprise d\u2019\u00e9vang\u00e9lisation qui r\u00e9v\u00e8le la vie normale d\u2019une \u00e9glise.<\/p>\n<p>Lors d\u2019un entretien avec les enfants d\u2019Opperman, Craig Murray, des Minist\u00e8res Internationaux de l\u2019\u00c9glise (MIC), a d\u00e9clar\u00e9 qu\u2019ils se souvenaient d\u2019un aper\u00e7u de la vie de leurs parents : \u00ab Le LED \u00e9tait une \u0153uvre du Saint-Esprit, une image de la gloire du Seigneur peinte par le pinceau du Saint-Esprit \u00bb. Kenn Opperman et Roy LeTourneau, qui n\u2019avaient qu\u2019une vingtaine d\u2019ann\u00e9es, se sont li\u00e9s d\u2019amiti\u00e9 autour d\u2019une vision commune et y ont consacr\u00e9 leur vie, payant le prix avec une v\u00e9ritable passion, ob\u00e9issant \u00e0 l\u2019appel de Dieu pour que des multitudes connaissent le Christ.<\/p>\n<p>Dans son livre <em>Mission dans la Ville<a href=\"#_ftn1\" name=\"_ftnref1\"><strong>[1]<\/strong><\/a><\/em>, Miguel \u00c1ngel Palomino, recteur de la Facult\u00e9 de Th\u00e9ologie Latino-am\u00e9ricaine (FATELA), souligne le caract\u00e8re unique du LED, qui est plus qu\u2019un programme d\u2019\u00e9vang\u00e9lisation. Selon Palomino, il s\u2019agit d\u2019une manifestation de la souverainet\u00e9 de Dieu, qui va au-del\u00e0 \u00e0 des plans structur\u00e9s, sous l\u2019impulsion de l\u2019Esprit Saint. Le LED se r\u00e9v\u00e8le \u00eatre un v\u00e9ritable mouvement d\u2019\u00e9vang\u00e9lisation, de formation de disciples et de croissance de l\u2019\u00e9glise dans un contexte urbain, enracin\u00e9 dans le mandat biblique de pr\u00eacher l\u2019\u00e9vangile.<\/p>\n<p>Le besoin croissant de leaders form\u00e9s a conduit \u00e0 la cr\u00e9ation de l\u2019Institut Biblique Lima \u00e0 une Rencontre \u00e0 Dieu (IBLED) en 1976, avec 22 \u00e9tudiants commen\u00e7ant un programme de cinq ans de pr\u00e9paration minist\u00e9rielle.<\/p>\n<p>Cet institut a \u00e9t\u00e9 le pr\u00e9curseur du S\u00e9minaire Biblique de l\u2019Alliance au P\u00e9rou (SEBAP). Depuis 2002, son programme de th\u00e9ologie est accr\u00e9dit\u00e9 par l\u2019Association latino-am\u00e9ricaine des Institutions d\u2019Enseignement Th\u00e9ologique (ALIET). Actuellement, le SEBAP dispose d\u2019extensions dans la m\u00e9tropole de Lima, \u00e0 l\u2019int\u00e9rieur du pays, et d\u2019accords internationaux au El Salvador, au Honduras, en Bolivie, au Venezuela, \u00e0 Cuba, aux \u00c9tats-Unis, au Mexique et au Japon, avec des \u00e9tudiants de diverses nationalit\u00e9s dans son syst\u00e8me virtuel. L\u2019histoire de SEBAP est un r\u00e9cit de croissance, d\u2019engagement \u00e9vang\u00e9lique et de formation minist\u00e9rielle qui a laiss\u00e9 une marque durable sur le travail de <a href=\"https:\/\/awf.world\/fr\/country-description\/perou\/\" target=\"_blank\" rel=\"noopener\">l\u2019Alliance Chr\u00e9tienne et Missionnaire (CMA) du P\u00e9rou<\/a>.<\/p>\n<p>Le LED est devenu un mouvement dynamique qui a touch\u00e9 plus de 64 \u00e9glises dans la r\u00e9gion de Lima. Cet effort fraternel des \u00e9glises de la CMA de Lima a une vision claire : \u00e9tendre le Royaume de Dieu au monde. Dans sa mission d\u2019accomplir la Grande Commission, bas\u00e9e sur Matthieu 28 : 18-20, le LED a implant\u00e9 des \u00e9glises selon les principes CMA, faisant des disciples de J\u00e9sus-Christ \u00e0 Lima, au P\u00e9rou et dans le monde. Avec plus de 48 000 membres passionn\u00e9s par le Christ, le mouvement a inspir\u00e9 l\u2019\u00e9vang\u00e9lisation dans des villes telles que Arequipa, Trujillo, Iquitos, Chiclayo, Piura, Huancayo, Cusco, Tacna et Tingo Maria.<\/p>\n<p>Au-del\u00e0 des fronti\u00e8res nationales, le LED a port\u00e9 le message de l\u2019\u00e9vangile en \u00c9quateur, au Chili et en Colombie, r\u00e9pondant ainsi au besoin de r\u00e9pandre l\u2019\u00e9vangile en dehors de Lima. Les \u00e9quipes pastorales nationales ont envoy\u00e9 des pasteurs dans d\u2019autres pays, comme Enrique Mendez, qui a pass\u00e9 pr\u00e8s de quatre ans \u00e0 implanter une \u00e9glise \u00e0 Barcelone, en Espagne.<\/p>\n<p>Le LED est confront\u00e9 \u00e0 de nouveaux d\u00e9fis dans un monde qui semble s\u2019\u00e9loigner de la foi. Cependant, l\u2019accent mis sur la pri\u00e8re, la centralit\u00e9 de la Parole de Dieu et la formation de leaders selon le c\u0153ur de Dieu continue \u00e0 faire la diff\u00e9rence. Le d\u00e9fi est plus grand, mais avec gratitude envers le Seigneur, le mouvement est pr\u00eat \u00e0 continuer \u00e0 \u00e9tendre le Royaume de Dieu jusqu\u2019\u00e0 ce que le Christ revienne pour son \u00e9glise.<\/p>\n<p>En comm\u00e9moration de ces 50 ans, du 26 au 28 octobre 2023, plus de 7 000 jeunes se sont r\u00e9unis \u00e0 Lima pour exprimer leur d\u00e9votion \u00e0 la fid\u00e9lit\u00e9 de Dieu. La Jeunesse de l\u2019Alliance Chr\u00e9tienne, une g\u00e9n\u00e9ration pionni\u00e8re, s\u2019est distingu\u00e9e en partageant l\u2019histoire \u00e9mouvante des d\u00e9buts du LED et en conseillant les nouvelles g\u00e9n\u00e9rations. L\u2019apr\u00e8s-midi a \u00e9t\u00e9 riche en \u00e9motions et en gratitude, avec 12 000 c\u0153urs qui se sont souvenus des hymnes du pass\u00e9 et qui ont entrevu un avenir men\u00e9 par les nouvelles g\u00e9n\u00e9rations.<\/p>\n<p>Cet anniversaire a \u00e9t\u00e9 l\u2019occasion de glorifier le Roi des rois et de rendre hommage \u00e0 ceux qui, par leur c\u0153ur et leurs efforts, ont contribu\u00e9 au d\u00e9veloppement de ce mouvement.<\/p>\n<p>Des t\u00e9moignages inspirants et des hommages \u00e0 des personnalit\u00e9s telles que le pasteur Alfred Smith, qui a re\u00e7u avec \u00e9motion une plaque en remerciement de son travail important, se sont ajout\u00e9s \u00e0 la participation de d\u00e9l\u00e9gations mondiales, marquant cette \u00e9tape par un chant d\u2019anniversaire entonn\u00e9 par 12 000 membres, symbolisant l\u2019unit\u00e9 de cette grande famille spirituelle.<\/p>\n<p>Le dernier jour de la c\u00e9l\u00e9bration, quelque 15 000 personnes se sont rassembl\u00e9es dans le Colis\u00e9e d\u2019Ex-Amauta. Ensemble, ils ont lou\u00e9 et glorifi\u00e9 Dieu pour sa fid\u00e9lit\u00e9, sa bont\u00e9 et son soutien tout au long de ce parcours remarquable. Cinquante ans d\u2019histoire ont \u00e9t\u00e9 c\u00e9l\u00e9br\u00e9s, en remerciant le Seigneur pour ses conseils, en c\u00e9l\u00e9brant les r\u00e9alisations et en regardant avec espoir vers un avenir o\u00f9 Lima \u00e0 une Rencontre \u00e0 Dieu reste un mouvement spirituel constant.<\/p>\n<p><a href=\"#_ftnref1\" name=\"_ftn1\">[1]<\/a> Palomino, Miguel \u00c1ngel. Mission dans la Ville. Focus sur le mouvement Lima \u00e0 une Rencontre \u00e0 Dieu. Nouvelle Image Publicitaire. Lima, P\u00e9rou. \u00c9dition de f\u00e9vrier 1990<\/p>\n","protected":false},"author":24,"featured_media":32942,"template":"","meta":{"inline_featured_image":false,"ngg_post_thumbnail":0,"_EventAllDay":false,"_EventTimezone":"","_EventStartDate":"","_EventEndDate":"","_EventStartDateUTC":"","_EventEndDateUTC":"","_EventShowMap":false,"_EventShowMapLink":false,"_EventURL":"","_EventCost":"","_EventCostDescription":"","_EventCurrencySymbol":"","_EventCurrencyCode":"","_EventCurrencyPosition":"","_EventDateTimeSeparator":"","_EventTimeRangeSeparator":"","_EventOrganizerID":[],"_EventVenueID":[],"_OrganizerEmail":"","_OrganizerPhone":"","_OrganizerWebsite":"","_VenueAddress":"","_VenueCity":"","_VenueCountry":"","_VenueProvince":"","_VenueState":"","_VenueZip":"","_VenuePhone":"","_VenueURL":"","_VenueStateProvince":"","_VenueLat":"","_VenueLng":"","_VenueShowMap":false,"_VenueShowMapLink":false},"categories":[152,33],"tags":[208,361],"class_list":["post-32944","awf-news","type-awf-news","status-publish","has-post-thumbnail","hentry","category-latin-america-fr","category-news-fr","tag-amerique-latine","tag-perou"],"_links":{"self":[{"href":"https:\/\/awf.world\/fr\/wp-json\/wp\/v2\/awf-news\/32944","targetHints":{"allow":["GET"]}}],"collection":[{"href":"https:\/\/awf.world\/fr\/wp-json\/wp\/v2\/awf-news"}],"about":[{"href":"https:\/\/awf.world\/fr\/wp-json\/wp\/v2\/types\/awf-news"}],"author":[{"embeddable":true,"href":"https:\/\/awf.world\/fr\/wp-json\/wp\/v2\/users\/24"}],"wp:featuredmedia":[{"embeddable":true,"href":"https:\/\/awf.world\/fr\/wp-json\/wp\/v2\/media\/32942"}],"wp:attachment":[{"href":"https:\/\/awf.world\/fr\/wp-json\/wp\/v2\/media?parent=32944"}],"wp:term":[{"taxonomy":"category","embeddable":true,"href":"https:\/\/awf.world\/fr\/wp-json\/wp\/v2\/categories?post=32944"},{"taxonomy":"post_tag","embeddable":true,"href":"https:\/\/awf.world\/fr\/wp-json\/wp\/v2\/tags?post=32944"}],"curies":[{"name":"wp","href":"https:\/\/api.w.org\/{rel}","templated":true}]}}