{"id":32908,"date":"2023-11-20T11:33:59","date_gmt":"2023-11-20T14:33:59","guid":{"rendered":"https:\/\/awf.world\/?post_type=awf-news&#038;p=32908"},"modified":"2023-11-21T10:36:49","modified_gmt":"2023-11-21T13:36:49","slug":"alliance-latino-americaine-se-reunit-au-perou","status":"publish","type":"awf-news","link":"https:\/\/awf.world\/fr\/awf-news\/alliance-latino-americaine-se-reunit-au-perou\/","title":{"rendered":"L\u2019Alliance Latino-Am\u00e9ricaine se R\u00e9unit au P\u00e9rou pour Partager le Leadership Spirituel"},"content":{"rendered":"<p style=\"text-align: justify;\"><strong>La R\u00e9gion Am\u00e9rique latine (CLA) de l\u2019UMA s\u2019est unie lors d\u2019un rassemblement transformateur en octobre \u00e0 Lima, au P\u00e9rou. Des repr\u00e9sentants de diverses cultures se sont r\u00e9unis, partageant leurs histoires, embrassant la sagesse et cr\u00e9ant une tapisserie de renouveau qui a r\u00e9sonn\u00e9 au-del\u00e0 des limites du symposium.<\/strong><\/p>\n<p>Dans les rues anim\u00e9es de Lima, au P\u00e9rou, un rythme unique a \u00e9merg\u00e9 lors de la r\u00e9union de l\u2019Alliance latino-am\u00e9ricaine qui s\u2019est tenue du 23 au 25 octobre 2023. L\u2019\u00e9v\u00e9nement \u00e9tait cependant plus qu\u2019une convergence. Il s\u2019agissait d\u2019un voyage spirituel au cours duquel des repr\u00e9sentants de divers pays ont tiss\u00e9 des liens, pri\u00e9 ensemble et approfondi les enseignements du \u00ab Leadership spirituel \u00bb. Dans cette atmosph\u00e8re vibrante, les r\u00e9cits de renouveau et les r\u00e9flexions sur le leadership ont occup\u00e9 le devant de la sc\u00e8ne.<\/p>\n<p>Les r\u00e9unions ont r\u00e9sonn\u00e9 de pri\u00e8res, comblant les foss\u00e9s entre les minist\u00e8res et les pr\u00e9sidents des pays membres de la CLA. Un m\u00e9lange unique de voix, d\u2019exp\u00e9riences et d\u2019engagements a rempli l\u2019air, cr\u00e9ant une atmosph\u00e8re de communion qui a transcend\u00e9 les fronti\u00e8res g\u00e9ographiques. Il ne s\u2019agissait pas d\u2019une simple assembl\u00e9e, mais d\u2019une tapisserie de parcours partag\u00e9s et d\u2019aspirations collectives.<\/p>\n<p>Au cours de ces r\u00e9unions, les s\u0153urs d\u2019Amada (Minist\u00e8re des Femmes de la CLA), qui t\u00e9moignent de l\u2019unit\u00e9 et de la sororit\u00e9, se sont r\u00e9unies pour partager leurs exp\u00e9riences et \u00e9lever des pri\u00e8res collectives. Leur lien illustre l\u2019essence du rassemblement du CLA &#8211; un m\u00e9lange harmonieux d\u2019histoires individuelles contribuant \u00e0 une m\u00e9lodie spirituelle collective.<\/p>\n<p>Au c\u0153ur de l\u2019\u00e9v\u00e9nement, les Institutions Th\u00e9ologiques de l\u2019Alliance en Am\u00e9rique latine (ITAAL) ont mis l\u2019accent sur la collaboration pour le d\u00e9veloppement des s\u00e9minaires au-del\u00e0 des fronti\u00e8res. Le th\u00e8me du \u00ab Leadership Spirituel \u00bb, ancr\u00e9 dans les enseignements des livres du Nouveau Testament 1 et 2 Timoth\u00e9e, a apport\u00e9 des id\u00e9es profondes aux dirigeants qui naviguent dans les complexit\u00e9s de l\u2019\u00e9poque contemporaine, parmi les nombreuses voix qui ont r\u00e9sonn\u00e9 dans cette symphonie spirituelle.<\/p>\n<p>Le pasteur Jorge Taberna, recteur du Centre d\u2019\u00c9ducation Th\u00e9ologique de l\u2019Alliance en Uruguay, a d\u00e9clar\u00e9 \u00e0 propos de cette exp\u00e9rience : \u00ab Ce fut un moment enrichissant, en particulier en ce qui concerne le format du symposium et la participation accrue de dirigeants qui n\u2019\u00e9taient pas d\u00e9l\u00e9gu\u00e9s. L\u2019observation de l\u2019\u00e9volution des minist\u00e8res, des contributions des \u00e9glises affili\u00e9es et de l\u2019implication d\u2019entit\u00e9s internationales telles que l\u2019UMA et Missions de l\u2019Alliance des \u00c9tats-Unis a favoris\u00e9 la compr\u00e9hension et la coop\u00e9ration \u00bb, a d\u00e9clar\u00e9 le pasteur Taberna. \u00ab Cela a renforc\u00e9 ma vision globale et mes liens avec le service chr\u00e9tien \u00bb.<\/p>\n<p>Le 23 octobre, jour de l\u2019ouverture, le soleil s\u2019est couch\u00e9 et l\u2019atmosph\u00e8re \u00e9tait charg\u00e9e d\u2019impatience. Les r\u00e9unions minist\u00e9rielles ont ouvert la voie au culte inaugural, au cours duquel le pasteur Jura Yanagihara, pr\u00e9sident de l\u2019Union Mondiale de l\u2019Alliance (UMA), a donn\u00e9 le ton avec une session puissante sur le th\u00e8me \u00ab La force vient du Seigneur \u00bb. Ses paroles ont r\u00e9sonn\u00e9 tout au long des jours suivants, alors que se d\u00e9roulaient cinq sessions pl\u00e9ni\u00e8res, chacune constituant un chapitre du r\u00e9cit spirituel du rassemblement.<\/p>\n<p>Le pasteur David Muthre, pr\u00e9sident de la CLA, a men\u00e9 des discussions sur les \u00ab Exigences pour les serviteurs du Seigneur \u00bb, tandis que les pasteurs Alex Fajardo et Miguel \u00c1ngel Rivera ont partag\u00e9 leurs id\u00e9es sur la mani\u00e8re de relever les d\u00e9fis du minist\u00e8re. Le pasteur Iv\u00e1n Flores a explor\u00e9 \u00ab L\u2019\u00e9thique chr\u00e9tienne des serviteurs du Seigneur \u00bb, et le pasteur \u00c1ngel Barrientos a exhort\u00e9 au courage face \u00e0 l\u2019adversit\u00e9 sur le th\u00e8me \u00ab Il est n\u00e9cessaire d\u2019\u00eatre courageux dans l\u2019\u00e9vangile \u00bb.<\/p>\n<p>Le mardi, la Conf\u00e9rence CLA s\u2019est pench\u00e9e sur les d\u00e9tails des activit\u00e9s men\u00e9es par la direction, couvrant les Missions, la Facult\u00e9 Th\u00e9ologique Latino-am\u00e9ricaine (FATELA), l\u2019ITAAL et l\u2019Amada. L\u2019exploration par le pasteur Walter P\u00e9rez de l\u2019importance de la souffrance pour l\u2019\u00e9vangile a donn\u00e9 un ton poignant le mercredi, cl\u00f4turant l\u2019\u00e9v\u00e9nement par une r\u00e9flexion sur la n\u00e9cessit\u00e9 de pers\u00e9v\u00e9rer et de pr\u00eacher l\u2019\u00e9vangile.<\/p>\n<p>Au-del\u00e0 de l\u2019ordre du jour, l\u2019essence du rassemblement a \u00e9t\u00e9 tiss\u00e9e dans le tissu des exp\u00e9riences partag\u00e9es, de la cuisine p\u00e9ruvienne traditionnelle et des notes m\u00e9lodieuses de la musique chr\u00e9tienne. La c\u00e9l\u00e9bration du 50e anniversaire du mouvement Lima \u00e0 une Rencontre \u00e0 Dieu a marqu\u00e9 le point culminant de l\u2019\u00e9v\u00e9nement, un moment de louange collective de la fid\u00e9lit\u00e9 du Seigneur.<\/p>\n<p>En fin de compte, Lima n\u2019\u00e9tait pas seulement une destination ; c\u2019\u00e9tait une \u00e9tape importante dans un voyage spirituel, un chapitre de l\u2019histoire o\u00f9 les c\u0153urs et les vies ont trouv\u00e9 un renouveau, o\u00f9 des liens ont \u00e9t\u00e9 forg\u00e9s et o\u00f9 l\u2019appel \u00e0 la direction spirituelle a \u00e9t\u00e9 accueilli \u00e0 bras ouverts. Alors que les participants r\u00e9fl\u00e9chissent aujourd\u2019hui \u00e0 ces journ\u00e9es transformatrices avec les \u00e9chos de Lima, ils se rappellent que les histoires individuelles, lorsqu\u2019elles sont tiss\u00e9es ensemble, cr\u00e9ent une tapisserie qui transcende le temps et l\u2019espace.<\/p>\n","protected":false},"author":24,"featured_media":32906,"template":"","meta":{"inline_featured_image":false,"ngg_post_thumbnail":0,"_EventAllDay":false,"_EventTimezone":"","_EventStartDate":"","_EventEndDate":"","_EventStartDateUTC":"","_EventEndDateUTC":"","_EventShowMap":false,"_EventShowMapLink":false,"_EventURL":"","_EventCost":"","_EventCostDescription":"","_EventCurrencySymbol":"","_EventCurrencyCode":"","_EventCurrencyPosition":"","_EventDateTimeSeparator":"","_EventTimeRangeSeparator":"","_EventOrganizerID":[],"_EventVenueID":[],"_OrganizerEmail":"","_OrganizerPhone":"","_OrganizerWebsite":"","_VenueAddress":"","_VenueCity":"","_VenueCountry":"","_VenueProvince":"","_VenueState":"","_VenueZip":"","_VenuePhone":"","_VenueURL":"","_VenueStateProvince":"","_VenueLat":"","_VenueLng":"","_VenueShowMap":false,"_VenueShowMapLink":false},"categories":[152,33],"tags":[208,228],"class_list":["post-32908","awf-news","type-awf-news","status-publish","has-post-thumbnail","hentry","category-latin-america-fr","category-news-fr","tag-amerique-latine","tag-cla-fr"],"_links":{"self":[{"href":"https:\/\/awf.world\/fr\/wp-json\/wp\/v2\/awf-news\/32908","targetHints":{"allow":["GET"]}}],"collection":[{"href":"https:\/\/awf.world\/fr\/wp-json\/wp\/v2\/awf-news"}],"about":[{"href":"https:\/\/awf.world\/fr\/wp-json\/wp\/v2\/types\/awf-news"}],"author":[{"embeddable":true,"href":"https:\/\/awf.world\/fr\/wp-json\/wp\/v2\/users\/24"}],"wp:featuredmedia":[{"embeddable":true,"href":"https:\/\/awf.world\/fr\/wp-json\/wp\/v2\/media\/32906"}],"wp:attachment":[{"href":"https:\/\/awf.world\/fr\/wp-json\/wp\/v2\/media?parent=32908"}],"wp:term":[{"taxonomy":"category","embeddable":true,"href":"https:\/\/awf.world\/fr\/wp-json\/wp\/v2\/categories?post=32908"},{"taxonomy":"post_tag","embeddable":true,"href":"https:\/\/awf.world\/fr\/wp-json\/wp\/v2\/tags?post=32908"}],"curies":[{"name":"wp","href":"https:\/\/api.w.org\/{rel}","templated":true}]}}