{"id":32873,"date":"2023-10-13T11:55:17","date_gmt":"2023-10-13T14:55:17","guid":{"rendered":"https:\/\/awf.world\/?post_type=awf-news&#038;p=32873"},"modified":"2023-10-17T15:13:31","modified_gmt":"2023-10-17T18:13:31","slug":"alliance-en-colombie-100-ans","status":"publish","type":"awf-news","link":"https:\/\/awf.world\/fr\/awf-news\/alliance-en-colombie-100-ans\/","title":{"rendered":"L\u2019Alliance en Colombie : 100 Ans de Construction de son H\u00e9ritage"},"content":{"rendered":"<p style=\"text-align: justify;\"><strong>L\u2019Alliance en Colombie a profond\u00e9ment marqu\u00e9 la vie d\u2019innombrables personnes tout au long d\u2019un si\u00e8cle d\u2019histoire. La c\u00e9l\u00e9bration du centenaire a \u00e9t\u00e9 une occasion sp\u00e9ciale qui a donn\u00e9 lieu \u00e0 des visites notables et \u00e0 une s\u00e9rie d\u2019activit\u00e9s importantes.<\/strong><\/p>\n<p>Le pasteur Esnilder Pop\u00f3, pr\u00e9sident de l\u2019Alliance de Colombie, a partag\u00e9 sa vision de cette \u00e9tape historique. \u00ab Le Seigneur nous met au d\u00e9fi de r\u00e9fl\u00e9chir \u00e0 la mani\u00e8re dont nous voulons continuer \u00bb, a-t-il d\u00e9clar\u00e9. \u00ab Nous avons comm\u00e9mor\u00e9 nos 100 premi\u00e8res ann\u00e9es. Nous devons maintenant aller de l\u2019avant avec une \u00e9nergie renouvel\u00e9e pour accomplir le travail que le Seigneur nous a confi\u00e9 : former des dirigeants et garder les yeux fix\u00e9s sur l\u2019objectif \u00bb.<\/p>\n<p>\u00ab L\u2019Alliance doit cro\u00eetre, se multiplier, former des responsables et \u00e9tablir de nouvelles \u00e9glises dans les ann\u00e9es \u00e0 venir \u00bb, a d\u00e9clar\u00e9 le r\u00e9v\u00e9rend Pop\u00f3. \u00ab Nous devons \u00e9galement cr\u00e9er un processus permettant aux nouvelles g\u00e9n\u00e9rations d\u2019assumer la responsabilit\u00e9 de poursuivre le travail que nous ne pouvons plus faire. Les enfants, les adolescents et les jeunes sont essentiels au d\u00e9veloppement de l\u2019\u00e9glise \u00bb.<\/p>\n<p>Le r\u00e9v\u00e9rend Pop\u00f3 a encourag\u00e9 les pasteurs et les \u00e9glises locales \u00e0 continuer de former les futurs dirigeants, en travaillant ensemble pour transmettre le message de J\u00e9sus-Christ aux g\u00e9n\u00e9rations \u00e0 venir. Il n\u2019a pas mis l\u2019accent sur les capacit\u00e9s humaines, mais sur le Christ en tant que centre de tout, en gardant notre attention sur le chemin \u00e0 parcourir.<\/p>\n<p><a href=\"https:\/\/awf.world\/fr\/country-description\/colombie\/\" target=\"_blank\" rel=\"noopener\">L\u2019Alliance Chr\u00e9tienne et Missionnaire (CMA) de Colombie<\/a> a une riche histoire qui remonte \u00e0 1923, lorsque le pasteur Homero Crisman a fui une foule en col\u00e8re en \u00c9quateur et est arriv\u00e9 \u00e0 Ipiales, dans la province de Nari\u00f1o. \u00c0 cette \u00e9poque, lui et sa femme Leticia ont rencontr\u00e9 le photographe local, Te\u00f3filo Mera, et sa femme Raquel, qui allaient devenir les premiers chr\u00e9tiens du pays. Au fil des ans, la mission s\u2019est \u00e9tendue \u00e0 plusieurs r\u00e9gions de Colombie, dont Old Caldas, Tolima et Tumaco.<\/p>\n<p>\u00c0 propos du r\u00e9v\u00e9rend Porfirio Oca\u00f1a, le premier croyant indig\u00e8ne de la communaut\u00e9 Paez de la ville de Popayan, qui a d\u00fb faire face aux d\u00e9fis du pass\u00e9, le r\u00e9v\u00e9rend Pop\u00f3 a d\u00e9clar\u00e9 : \u00ab Oca\u00f1a a servi parmi les tribus du Cauca et a d\u00fb faire face \u00e0 la pers\u00e9cution parce qu\u2019il \u00e9tait protestant. Souvenons-nous de ceux qui ont v\u00e9cu au grand jour et qui sont morts pour la cause \u00bb, a d\u00e9clar\u00e9 le r\u00e9v\u00e9rend Pop\u00f3. \u00ab Nous jouissons de nombreuses b\u00e9n\u00e9dictions gr\u00e2ce au sang vers\u00e9 par d\u2019autres. L\u2019\u00e9glise doit rester concentr\u00e9e sur ce qui l\u2019attend \u00bb.<\/p>\n<p>Le r\u00e9v\u00e9rend Oca\u00f1a est \u00e0 l\u2019origine de la cr\u00e9ation de trois \u00e9glises avant m\u00eame d\u2019avoir atteint l\u2019\u00e2ge de 18 ans. Il a fini par acc\u00e9der au poste de chef de tribu, repr\u00e9sentant sa communaut\u00e9 dans les n\u00e9gociations avec le gouvernement colombien pour garantir la libert\u00e9 religieuse dans les territoires tribaux.<\/p>\n<p>Le r\u00e9v\u00e9rend Robert Searing, missionnaire de l\u2019Alliance de deuxi\u00e8me g\u00e9n\u00e9ration dans le pays, a d\u00e9clar\u00e9 : \u00ab Tout au long de sa vie, le r\u00e9v\u00e9rend Oca\u00f1a a \u00e9t\u00e9 \u00e0 l\u2019origine de la fondation de plus d\u2019une centaine d\u2019\u00e9glises et a guid\u00e9 des milliers de personnes vers un lien spirituel avec J\u00e9sus. Lors de son d\u00e9c\u00e8s, 50 000 personnes se sont rassembl\u00e9es devant l\u2019\u00e9glise catholique de la ville, o\u00f9 il reposait, pour saluer sa remarquable contribution en tant que pasteur, \u00e9vang\u00e9liste et chef de tribu \u00bb.<\/p>\n<p>Mark Searing, missionnaire de l\u2019Alliance dans le pays depuis trois g\u00e9n\u00e9rations, partage l\u2019h\u00e9ritage du travail missionnaire de sa famille : \u00ab Mes parents ont perp\u00e9tu\u00e9 l\u2019h\u00e9ritage, supportant les coups et les difficult\u00e9s dans leur mission d\u2019\u00e9vang\u00e9lisation. Malgr\u00e9 la violence orchestr\u00e9e par les chefs religieux dans une petite ville, leur d\u00e9termination est rest\u00e9e in\u00e9branlable. Pendant cette p\u00e9riode difficile, de petites \u00e9glises ont vu le jour dans les montagnes et les rivi\u00e8res sont devenues des lieux de bapt\u00eame, des cordes retenant les missionnaires pour \u00e9viter qu\u2019ils ne soient emport\u00e9s par les flots \u00bb.<\/p>\n<p>Dans les ann\u00e9es 1950, l\u2019opposition politique \u00e0 l\u2019\u00e9vangile s\u2019est intensifi\u00e9e, mais les fid\u00e8les ont persist\u00e9. Les missionnaires, dont Mark et sa femme, sont revenus m\u00eame dans les ann\u00e9es 1980 et 1990, lorsque les pasteurs de l\u2019Alliance ont \u00e9t\u00e9 menac\u00e9s par la gu\u00e9rilla et les trafiquants de drogue. Pr\u00e8s de six d\u00e9cennies de violence ont mis \u00e0 l\u2019\u00e9preuve la r\u00e9sistance de l\u2019\u00e9glise, mais elle a tenu bon, s\u2019enracinant aussi bien dans les zones rurales que dans les zones urbaines.<\/p>\n<p>Les 332 \u00e9glises colombiennes de l\u2019Alliance ont c\u00e9l\u00e9br\u00e9 le Mois de l\u2019Alliance en ao\u00fbt 2023, consacrant chaque semaine \u00e0 mettre en lumi\u00e8re le travail de l\u2019Alliance dans le monde, dans le pays, dans les \u00e9glises locales et son engagement envers la Grande Commission. La conf\u00e9rence de quatre jours a abord\u00e9 des sujets tels que le leadership, la revitalisation, la gestion des dons et des talents, et les minist\u00e8res.<\/p>\n<p>Parmi les orateurs invit\u00e9s figurait le r\u00e9v\u00e9rend Eynar Mina, pasteur de l\u2019Alliance de Colombie au Canada. \u00ab Nous avons besoin de dirigeants qui connaissent vraiment Dieu, qui sont capables de vivre dans la v\u00e9rit\u00e9 et d\u2019interagir dans la soci\u00e9t\u00e9 \u00bb, a-t-il d\u00e9clar\u00e9 aux participants. Le r\u00e9v\u00e9rend Ivan Flores, pr\u00e9sident de l\u2019Alliance du Chili, les a mis au d\u00e9fi : \u00ab La seule fa\u00e7on de g\u00e9rer un h\u00e9ritage de 100 ans est de continuer \u00e0 le construire \u00e0 travers la Parole de Dieu, en nettoyant nos vies, en craignant et en servant notre Seigneur \u00bb. Le r\u00e9v\u00e9rend John Stumbo, pr\u00e9sident de l\u2019Alliance des \u00c9tats-Unis, a d\u00e9clar\u00e9 : \u00ab Lorsque l\u2019Esprit de Dieu est pr\u00e9sent, l\u2019\u00e9vangile ne peut \u00eatre arr\u00eat\u00e9 \u00bb.<\/p>\n<p>Alors que l\u2019\u00e9glise de l\u2019Alliance colombienne c\u00e9l\u00e9brait son centenaire, un sentiment de triomphe s\u2019est empar\u00e9 de l\u2019atmosph\u00e8re. Un s\u00e9nateur colombien a reconnu leur engagement in\u00e9branlable en faveur de la v\u00e9rit\u00e9 et de l\u2019\u00e9vangile, saluant leur impact global sur les communaut\u00e9s. Pour Mark Searing, repr\u00e9sentant trois g\u00e9n\u00e9rations de missionnaires, le voyage a \u00e9t\u00e9 marqu\u00e9 par la douleur et les difficult\u00e9s, mais la foi et l\u2019impact durables en ont valu la peine.<\/p>\n<p>\u00ab Construire Notre H\u00e9ritage \u00bb est la devise qui a r\u00e9sonn\u00e9 pendant l\u2019\u00e9v\u00e9nement o\u00f9 pr\u00e8s de 500 participants, y compris des pasteurs et des dirigeants, ont reconnu ceux qui ont contribu\u00e9 depuis le d\u00e9but du travail jusqu\u2019aux travailleurs minist\u00e9riels et administratifs actuels, c\u00e9l\u00e9brant ceux qui font \u00e9galement partie de l\u2019effort actuel.<\/p>\n<p>Au cours de cette c\u00e9l\u00e9bration haute en couleurs, en joie, en gratitude et en \u00e9motion, et avec un engagement d\u2019humilit\u00e9 et d\u2019unit\u00e9, nos fr\u00e8res poursuivent le minist\u00e8re, remerciant Dieu pour sa fid\u00e9lit\u00e9, conscients que, tandis que le monde change, la Parole du Christ reste constante et \u00e9ternelle.<\/p>\n<p>L\u2019Alliance de Colombie compte plus de 29 000 membres, 332 \u00e9glises, 41 ministres ordonn\u00e9s et 11 missionnaires qui continuent \u00e0 faire avancer la Grande Commission. Elle est l\u2019une des cinq \u00e9glises nationales qui c\u00e9l\u00e8brent leur centenaire en 2023, avec celles du Cambodge, de Syrie, du Burkina Faso et du Mali.<\/p>\n<p>Louons Dieu pour ce qu\u2019il fait parmi nos fr\u00e8res et s\u0153urs et gardons-les dans nos pri\u00e8res alors qu\u2019ils poursuivent le bon travail.<\/p>\n","protected":false},"author":25,"featured_media":32868,"template":"","meta":{"inline_featured_image":false,"ngg_post_thumbnail":0,"_EventAllDay":false,"_EventTimezone":"","_EventStartDate":"","_EventEndDate":"","_EventStartDateUTC":"","_EventEndDateUTC":"","_EventShowMap":false,"_EventShowMapLink":false,"_EventURL":"","_EventCost":"","_EventCostDescription":"","_EventCurrencySymbol":"","_EventCurrencyCode":"","_EventCurrencyPosition":"","_EventDateTimeSeparator":"","_EventTimeRangeSeparator":"","_EventOrganizerID":[],"_EventVenueID":[],"_OrganizerEmail":"","_OrganizerPhone":"","_OrganizerWebsite":"","_VenueAddress":"","_VenueCity":"","_VenueCountry":"","_VenueProvince":"","_VenueState":"","_VenueZip":"","_VenuePhone":"","_VenueURL":"","_VenueStateProvince":"","_VenueLat":"","_VenueLng":"","_VenueShowMap":false,"_VenueShowMapLink":false},"categories":[152,33],"tags":[228,670],"class_list":["post-32873","awf-news","type-awf-news","status-publish","has-post-thumbnail","hentry","category-latin-america-fr","category-news-fr","tag-cla-fr","tag-colombie"],"_links":{"self":[{"href":"https:\/\/awf.world\/fr\/wp-json\/wp\/v2\/awf-news\/32873","targetHints":{"allow":["GET"]}}],"collection":[{"href":"https:\/\/awf.world\/fr\/wp-json\/wp\/v2\/awf-news"}],"about":[{"href":"https:\/\/awf.world\/fr\/wp-json\/wp\/v2\/types\/awf-news"}],"author":[{"embeddable":true,"href":"https:\/\/awf.world\/fr\/wp-json\/wp\/v2\/users\/25"}],"wp:featuredmedia":[{"embeddable":true,"href":"https:\/\/awf.world\/fr\/wp-json\/wp\/v2\/media\/32868"}],"wp:attachment":[{"href":"https:\/\/awf.world\/fr\/wp-json\/wp\/v2\/media?parent=32873"}],"wp:term":[{"taxonomy":"category","embeddable":true,"href":"https:\/\/awf.world\/fr\/wp-json\/wp\/v2\/categories?post=32873"},{"taxonomy":"post_tag","embeddable":true,"href":"https:\/\/awf.world\/fr\/wp-json\/wp\/v2\/tags?post=32873"}],"curies":[{"name":"wp","href":"https:\/\/api.w.org\/{rel}","templated":true}]}}