{"id":32871,"date":"2023-09-28T11:49:19","date_gmt":"2023-09-28T14:49:19","guid":{"rendered":"https:\/\/awf.world\/?post_type=awf-news&#038;p=32871"},"modified":"2023-10-17T15:39:36","modified_gmt":"2023-10-17T18:39:36","slug":"jeunesse-africaine-sunit","status":"publish","type":"awf-news","link":"https:\/\/awf.world\/fr\/awf-news\/jeunesse-africaine-sunit\/","title":{"rendered":"La Jeunesse Africaine s\u2019Unit Pour Influencer son Monde"},"content":{"rendered":"<p style=\"text-align: justify;\"><strong>Dans la ville anim\u00e9e de Boma, au c\u0153ur de la R\u00e9publique D\u00e9mocratique du Congo (RDC), une histoire extraordinaire s\u2019est d\u00e9roul\u00e9e&nbsp;: une histoire d\u2019unit\u00e9, d\u2019inspiration et de transformation.<\/strong><\/p>\n<p>Sur le th\u00e8me \u00ab&nbsp;Influence ton Monde&nbsp;\u00bb, le 15e congr\u00e8s international de l\u2019Union de la Jeunesse de l\u2019Alliance Chr\u00e9tienne (UJAC) d\u2019Afrique a rassembl\u00e9 388 jeunes esprits de tout le continent en ao\u00fbt 2023, transcendant les fronti\u00e8res et suscitant une vision commune du changement positif.<\/p>\n<p>Desir\u00e9 Louzolo, du Gabon, a vu dans ce congr\u00e8s un tr\u00e9sor de le\u00e7ons qui changent la vie. Il s\u2019est exprim\u00e9 en ces termes : \u00ab&nbsp;Ce sont des le\u00e7ons pr\u00e9cieuses, et nous sommes richement b\u00e9nis. Nous prions pour pouvoir les mettre en pratique, en actions tangibles&nbsp;\u00bb, soulignant la n\u00e9cessit\u00e9 de traduire ces le\u00e7ons en actions concr\u00e8tes.<\/p>\n<p>Rebecca Mbungu, formatrice d\u00e9vou\u00e9e \u00e0 l\u2019Institut National de Pr\u00e9paration Professionnelle (INPP) \u00e0 Matadi, en RDC, a d\u00e9clar\u00e9 : \u00ab&nbsp;Ce congr\u00e8s nous a apport\u00e9 la Parole de Dieu et le partage d\u2019exp\u00e9riences. Nous sommes heureux et b\u00e9nis. Nous allons participer au prochain congr\u00e8s, m\u00eame si c\u2019est de l\u2019autre c\u00f4t\u00e9 de la mer&nbsp;\u00bb.<\/p>\n<p>Eunice Bilongo, du Gabon, s\u2019est r\u00e9jouie du sommet de croissance spirituelle atteint pendant le congr\u00e8s. \u00ab&nbsp;Gloire \u00e0 Dieu !&nbsp;\u00bb, a-t-elle partag\u00e9. \u00ab&nbsp;Cette 15e \u00e9dition n\u2019est pas un accident. J\u2019y retourne en tant que personne diff\u00e9rente. En Christ, les choses anciennes sont pass\u00e9es pour un Gabon renouvel\u00e9 et une Afrique plus d\u00e9velopp\u00e9e&nbsp;\u00bb.<\/p>\n<p>Mamie Mbungu, de Matadi, n\u2019a pas pu contenir son enthousiasme pour cette r\u00e9union internationale qui a rassembl\u00e9 des participants de huit pays.<\/p>\n<p>L\u2019UJAC, qui repr\u00e9sente le Burkina Faso, le Gabon, la Guin\u00e9e, la C\u00f4te d\u2019Ivoire, le Mali, la R\u00e9publique D\u00e9mocratique du Congo, le Congo-Brazzaville et le Liberia, a pour objectif d\u2019unir la jeunesse africaine de l\u2019Alliance Chr\u00e9tienne et Missionnaire (CMA) pour une Afrique meilleure par le biais de programmes missionnaires et \u00e9ducatifs.<\/p>\n<p>Le congr\u00e8s a pr\u00e9sent\u00e9 des t\u00e9moignages de mouvements de jeunesse dans chaque pays, illustrant la r\u00e9silience et la d\u00e9termination. Le R\u00e9v\u00e9rend Dr. Jo\u00ebl Kuvuna, originaire de la RDC et principal orateur, a d\u00e9livr\u00e9 un message passionn\u00e9 exhortant les jeunes \u00e0 briller de mille feux et \u00e0 devenir des forces influentes pour le bien.<\/p>\n<p>Un autre orateur au congr\u00e8s, le R\u00e9v\u00e9rend Dr. Serge-Armand Yao, de C\u00f4te d\u2019Ivoire, a d\u00e9clar\u00e9 qu\u2019il pensait que l\u2019\u00e9v\u00e9nement avait d\u00e9pass\u00e9 les attentes et soulign\u00e9 l\u2019importance de la contribution des jeunes aux transformations de leur pays. Ce rassemblement a marqu\u00e9 un retour symbolique \u00e0 leurs racines, en se connectant \u00e0 la terre o\u00f9 les premiers missionnaires CMA sont arriv\u00e9s.<\/p>\n<p>Le congr\u00e8s s\u2019est uni dans la pri\u00e8re pour la transformation des nations africaines, le Pasteur Yao \u00e9tant convaincu que ces journ\u00e9es de communion avec le divin produiraient des r\u00e9sultats fructueux.<\/p>\n<p>Le Pasteur Ferdinand Sangoye, du Gabon, pr\u00e9sident de l\u2019UJAC, a exhort\u00e9 les jeunes chr\u00e9tiens \u00e0 contribuer \u00e0 la soci\u00e9t\u00e9 par leur vocation et leur d\u00e9veloppement personnel. Le Pasteur Benjamin Tamini, du Burkina Faso, a encourag\u00e9 les participants \u00e0 suivre la volont\u00e9 de Dieu et \u00e0 s\u2019adapter aux v\u00e9rit\u00e9s bibliques dans les d\u00e9fis de la vie.<\/p>\n<p>L\u2019Assembl\u00e9e G\u00e9n\u00e9rale de l\u2019UJAC a \u00e9galement pris des d\u00e9cisions importantes, en choisissant la Guin\u00e9e comme pays h\u00f4te du prochain congr\u00e8s en 2025, la C\u00f4te d\u2019Ivoire et le Burkina Faso devant accueillir le congr\u00e8s en 2027 et 2029, respectivement.<\/p>\n<p>Des visites, des activit\u00e9s, des concours bibliques et une grande c\u00e9r\u00e9monie de cl\u00f4ture ont ajout\u00e9 une note plus l\u00e9g\u00e8re \u00e0 l\u2019\u00e9v\u00e9nement. Plus qu\u2019une simple occasion, il s\u2019agissait d\u2019une \u00e9tape importante dans le parcours de la jeunesse africaine qui s\u2019unit pour fa\u00e7onner un avenir meilleur pour son continent et pour le monde.<\/p>\n<p>Lors d\u2019un moment fort du congr\u00e8s, les participants de tout le continent se sont r\u00e9unis dans l\u2019unit\u00e9 et la d\u00e9votion pour des pri\u00e8res d\u2019intercession, demandant conseils, force et b\u00e9n\u00e9dictions pour leurs pays et l\u2019Afrique dans son ensemble.<\/p>\n<p>Mais il ne s\u2019agissait pas seulement de paroles, il s\u2019agissait aussi d\u2019actions. Les participants ont utilis\u00e9 une offrande sp\u00e9ciale pour acheter des poubelles en plastique, montrant ainsi leur engagement en faveur d\u2019une gestion responsable de l\u2019environnement.<\/p>\n<p>\u00c0 la fin du congr\u00e8s, les participants ont exprim\u00e9 leur gratitude pour le travail de transformation accompli par l\u2019interm\u00e9diaire de l\u2019UJAC, qui a laiss\u00e9 un impact durable sur l\u2019Afrique et le monde.<\/p>\n<p>Continuez \u00e0 prier pour la jeunesse africaine dans ce creuset de cultures, de perspectives et d\u2019exp\u00e9riences, afin que le Seigneur les pr\u00e9serve pour continuer \u00e0 cr\u00e9er une riche tapisserie de diversit\u00e9 et d\u2019unit\u00e9.<\/p>\n","protected":false},"author":25,"featured_media":32849,"template":"","meta":{"inline_featured_image":false,"ngg_post_thumbnail":0,"_EventAllDay":false,"_EventTimezone":"","_EventStartDate":"","_EventEndDate":"","_EventStartDateUTC":"","_EventEndDateUTC":"","_EventShowMap":false,"_EventShowMapLink":false,"_EventURL":"","_EventCost":"","_EventCostDescription":"","_EventCurrencySymbol":"","_EventCurrencyCode":"","_EventCurrencyPosition":"","_EventDateTimeSeparator":"","_EventTimeRangeSeparator":"","_EventOrganizerID":[],"_EventVenueID":[],"_OrganizerEmail":"","_OrganizerPhone":"","_OrganizerWebsite":"","_VenueAddress":"","_VenueCity":"","_VenueCountry":"","_VenueProvince":"","_VenueState":"","_VenueZip":"","_VenuePhone":"","_VenueURL":"","_VenueStateProvince":"","_VenueLat":"","_VenueLng":"","_VenueShowMap":false,"_VenueShowMapLink":false},"categories":[284,33],"tags":[277,322],"class_list":["post-32871","awf-news","type-awf-news","status-publish","has-post-thumbnail","hentry","category-afrique","category-news-fr","tag-afrique","tag-ministere-de-la-jeunesse"],"_links":{"self":[{"href":"https:\/\/awf.world\/fr\/wp-json\/wp\/v2\/awf-news\/32871","targetHints":{"allow":["GET"]}}],"collection":[{"href":"https:\/\/awf.world\/fr\/wp-json\/wp\/v2\/awf-news"}],"about":[{"href":"https:\/\/awf.world\/fr\/wp-json\/wp\/v2\/types\/awf-news"}],"author":[{"embeddable":true,"href":"https:\/\/awf.world\/fr\/wp-json\/wp\/v2\/users\/25"}],"wp:featuredmedia":[{"embeddable":true,"href":"https:\/\/awf.world\/fr\/wp-json\/wp\/v2\/media\/32849"}],"wp:attachment":[{"href":"https:\/\/awf.world\/fr\/wp-json\/wp\/v2\/media?parent=32871"}],"wp:term":[{"taxonomy":"category","embeddable":true,"href":"https:\/\/awf.world\/fr\/wp-json\/wp\/v2\/categories?post=32871"},{"taxonomy":"post_tag","embeddable":true,"href":"https:\/\/awf.world\/fr\/wp-json\/wp\/v2\/tags?post=32871"}],"curies":[{"name":"wp","href":"https:\/\/api.w.org\/{rel}","templated":true}]}}