{"id":32736,"date":"2023-07-24T10:51:37","date_gmt":"2023-07-24T13:51:37","guid":{"rendered":"https:\/\/awf.world\/?post_type=awf-news&#038;p=32736"},"modified":"2023-07-27T10:09:30","modified_gmt":"2023-07-27T13:09:30","slug":"le-leadership-missionnaire-a-lere-du-christianisme-mondial","status":"publish","type":"awf-news","link":"https:\/\/awf.world\/fr\/awf-news\/le-leadership-missionnaire-a-lere-du-christianisme-mondial\/","title":{"rendered":"Le Leadership Missionnaire \u00e0 l\u2019\u00c8re du Christianisme Mondial"},"content":{"rendered":"<p style=\"text-align: justify;\"><strong>Apr\u00e8s plus de 15 ans, la Conf\u00e9rence R\u00e9gionale de l\u2019UMA EMERALD est revenue en France, apportant de la communion et incitant les participants \u00e0 rafra\u00eechir leurs pens\u00e9es et leurs perspectives sur les missions mondiales.<\/strong><\/p>\n<p>Sur le th\u00e8me \u00ab Leadership Missionnaire \u00e0 l\u2019\u00c8re du Christianisme Mondial \u00bb, plus de 125 d\u00e9l\u00e9gu\u00e9s ont assist\u00e9 \u00e0 la Conf\u00e9rence R\u00e9gionale 2023 de l\u2019UMA EMERALD (Europe et Moyen-Orient), ainsi que plus de 25 personnes de l\u2019\u00e9glise nationale de l\u2019Alliance h\u00f4te, <a href=\"https:\/\/awf.world\/fr\/country-description\/france\/\" target=\"_blank\" rel=\"noopener\">l\u2019AECM France<\/a>.<\/p>\n<p>Les participants ont soulign\u00e9 leur sens de la communaut\u00e9 et de la fraternit\u00e9 lors de cet \u00e9v\u00e9nement. \u00ab Nous avons pass\u00e9 de merveilleux moments ensemble \u00e0 Toulouse. Un merveilleux sens de la famille, bien que nous parlions des langues diff\u00e9rentes \u00bb, a d\u00e9clar\u00e9 Rocco Rausch des Pays-Bas. \u00ab Le Christ travaille \u00e0 la r\u00e9alisation de ses r\u00eaves pour la cr\u00e9ation [Apocalypse 7] : des gens de toutes tribus, de toutes langues et de toutes nations \u00bb, a-t-il ajout\u00e9. \u00ab C\u2019est ce que nous sommes, et cela prend forme \u00bb.<\/p>\n<p>Certains ont r\u00e9fl\u00e9chi aux effets de l\u2019\u00e9loignement provoqu\u00e9 par la pand\u00e9mie de COVID-19 et ont c\u00e9l\u00e9br\u00e9 les retrouvailles. \u00ab C\u2019\u00e9tait une grande et joyeuse b\u00e9n\u00e9diction de se retrouver physiquement ensemble \u00bb, a \u00e9crit l\u2019un des participants. \u00ab Nous sommes \u00e9galement extr\u00eamement reconnaissants \u00e0 l\u2019\u00e9quipe organisatrice locale de l\u2019\u00c9glise Internationale de Toulouse et aux b\u00e9n\u00e9voles venus du monde entier pour s\u2019occuper des d\u00e9l\u00e9gu\u00e9s.<\/p>\n<p>Le principal intervenant, le Dr Stanley John, professeur au S\u00e9minaire Th\u00e9ologique de l\u2019Alliance de New York, a interpell\u00e9 les participants dans quatre domaines concernant les missions mondiales. Il a donn\u00e9 une s\u00e9rie de conf\u00e9rences sur le leadership missionnaire, passant de la mani\u00e8re dont l\u2019Afrique fa\u00e7onnera l\u2019avenir du christianisme au 21e si\u00e8cle \u00e0 la n\u00e9cessit\u00e9 d\u2019enraciner notre missiologie dans la th\u00e9ologie trinitaire, puis au r\u00f4le et \u00e0 l\u2019importance de la diversit\u00e9 ethnique.<\/p>\n<p>\u00ab Nous constatons la vitalit\u00e9 des \u00e9glises d\u2019immigrants \u00bb, a d\u00e9clar\u00e9 le Dr Stanley John. \u00ab La question est la suivante : comment diriger dans un monde aussi diversifi\u00e9 ? Comment susciter des mouvements ? Nous avons besoin de tous les types d\u2019\u00e9glises pour atteindre tous les types de personnes dans l\u2019int\u00e9r\u00eat de l\u2019\u00e9vangile \u00bb, a d\u00e9clar\u00e9 M. John. \u00ab Si nous nous concentrons sur l\u2019importance du d\u00e9veloppement du leadership, comment pouvons-nous \u00e9lever une nouvelle g\u00e9n\u00e9ration de leaders ? La mani\u00e8re de d\u00e9velopper le leadership doit revenir \u00e0 la mani\u00e8re de J\u00e9sus \u00bb, a-t-il ajout\u00e9. <a href=\"https:\/\/www.youtube.com\/watch?v=qvP9IP3cvJ4&amp;t=2s\" target=\"_blank\" rel=\"noopener\">Regardez le Dr. Stanley John<\/a> parler de l\u2019\u00e9v\u00e9nement.<\/p>\n<p>Outre les principales conf\u00e9rences, l\u2019\u00e9v\u00e9nement comportait des ateliers l\u2019apr\u00e8s-midi, tels que la Formation de l\u2019Alliance, les minist\u00e8res arabophones, le <a href=\"https:\/\/awf.world\/fr\/secours-et-de-developpement\/\" target=\"_blank\" rel=\"noopener\">Secours et le D\u00e9veloppement<\/a>, le <a href=\"https:\/\/awf.world\/fr\/ministeres-des-femmes-de-luma\/\" target=\"_blank\" rel=\"noopener\">Minist\u00e8re des Femmes de l\u2019Alliance<\/a> et le Minist\u00e8re du Discipulat des Enfants. Eunice Lumawag, des Philippines, a fait part de ses impressions sur l\u2019\u00e9v\u00e9nement. \u00ab Je suis ravie de voir nos pasteurs et nos missionnaires servir le Seigneur dans cette r\u00e9gion \u00bb, a-t-elle d\u00e9clar\u00e9. \u00ab Ce sont les personnes pour lesquelles nous avons pri\u00e9. Leur pers\u00e9v\u00e9rance et leur endurance au milieu des calamit\u00e9s, des guerres, des pers\u00e9cutions et des difficult\u00e9s t\u00e9moignent grandement de qui est Dieu. Sa puissance et ses miracles sont si \u00e9vidents dans leur vie. Je suis b\u00e9nie \u00bb.<\/p>\n<p>L\u2019atelier des femmes a eu un impact sur Eunice. Elle nous a dit : \u00ab J\u2019ai \u00e9t\u00e9 encourag\u00e9e \u00e0 rencontrer les femmes pendant l\u2019atelier. C\u2019\u00e9tait un lien merveilleux et nous avons pri\u00e9 l\u2019une pour l\u2019autre. Je fais confiance au Seigneur pour que ce lien avec les femmes de cette r\u00e9gion continue \u00e0 les encourager alors qu\u2019elles organisent et renforcent leurs minist\u00e8res f\u00e9minins \u00bb, a-t-elle d\u00e9clar\u00e9. \u00ab Je suis reconnaissante d\u2019\u00eatre en contact avec nos femmes. Cela nous offre davantage d\u2019occasions de travailler ensemble en tant que famille mondiale \u00bb.<\/p>\n<p>Au cours de l\u2019\u00e9v\u00e9nement, les participants ont eu l\u2019occasion d\u2019entendre des t\u00e9moignages sur les <a href=\"https:\/\/awf.world\/fr\/missions-old\/\" target=\"_blank\" rel=\"noopener\">champs missionnaires<\/a> du Moyen-Orient et de la diaspora en Europe, ainsi que des pr\u00e9sentations sur l\u2019\u00e9volution du champ missionnaire dans le monde. Beaucoup ont \u00e9t\u00e9 surpris par la n\u00e9cessit\u00e9 de changer notre fa\u00e7on de penser et de comprendre les missions afin d\u2019\u00e9quiper et de mobiliser les la\u00efcs et les travailleurs bi-professionnels, principalement issus de la diaspora, pour les missions.<\/p>\n<p>\u00ab L\u2019int\u00e9gration et les dialogues ouverts entre les dirigeants et les travailleurs de la r\u00e9gion Europe et Moyen-Orient, dans lesquels les repr\u00e9sentants et les participants des r\u00e9gions Am\u00e9rique latine, Am\u00e9rique du Nord et Afrique ont pu interagir activement, ont permis de lancer des conversations sur de nouveaux projets et des coop\u00e9rations entre les pays pour envoyer des travailleurs sur de nouveaux champs de mission \u00bb, a d\u00e9clar\u00e9 Iv\u00e1n Bonilla, de Colombie.<\/p>\n<p>Iv\u00e1n s\u2019est r\u00e9joui que \u00ab l\u2019Alliance Colombienne ait pu participer et apporter son soutien avec des d\u00e9gustations de notre \u2018Caf\u00e9 1923\u2019, notre propre marque avec laquelle nous cherchons \u00e0 soutenir les nouveaux travailleurs sur le terrain envoy\u00e9s depuis notre pays \u00bb.<\/p>\n<p>Le R\u00e9seau \u00c9glise de Toutes les Nations de l\u2019Alliance (CAN de l\u2019Alliance &#8211; Church of All Nations), une nouvelle initiative de l\u2019UMA, a \u00e9t\u00e9 lanc\u00e9e lors de la conf\u00e9rence. Ce r\u00e9seau a pour but d\u2019encourager les \u00e9glises nationales, les \u00e9glises locales, les \u00e9glises ethniques et les organisations missionnaires \u00e0 s\u2019associer pour implanter et encourager les communaut\u00e9s de CAN de l\u2019Alliance.<\/p>\n<p>Ces communaut\u00e9s sont des familles o\u00f9 des personnes de toutes nations, tribus et langues, quelles qu\u2019elles soient et d\u2019o\u00f9 qu\u2019elles viennent, trouvent un accueil aimant, une famille chaleureuse et une appartenance, o\u00f9 l\u2019amour de J\u00e9sus a supprim\u00e9 toutes les barri\u00e8res dues \u00e0 la langue ou \u00e0 la culture, et o\u00f9 les gens font l\u2019exp\u00e9rience de l\u2019amour et de la gr\u00e2ce de J\u00e9sus d\u2019une mani\u00e8re tr\u00e8s tangible &#8211; \u00e0 travers l\u2019amour et la gr\u00e2ce de leurs fr\u00e8res et s\u0153urs en Christ.<\/p>\n<p>Tous les participants \u00e0 la conf\u00e9rence ont fait l\u2019exp\u00e9rience de la communaut\u00e9 CAN de l\u2019Alliance qu\u2019est l\u2019\u00c9glise Internationale de Toulouse, o\u00f9 des personnes de plus de 40 nations vivent des relations d\u2019amour profondes, sont unies en Christ, et transform\u00e9es par lui pour avoir un impact sur ce monde pour lui. <a href=\"https:\/\/www.youtube.com\/playlist?list=PLE2ddum0wAZCYxxijFW0UUsl1UWWHTJT4\" target=\"_blank\" rel=\"noopener\">Regardez les vid\u00e9os du R\u00e9seau CAN de l\u2019Alliance<\/a>.<\/p>\n","protected":false},"author":24,"featured_media":32730,"template":"","meta":{"inline_featured_image":false,"ngg_post_thumbnail":0,"_EventAllDay":false,"_EventTimezone":"","_EventStartDate":"","_EventEndDate":"","_EventStartDateUTC":"","_EventEndDateUTC":"","_EventShowMap":false,"_EventShowMapLink":false,"_EventURL":"","_EventCost":"","_EventCostDescription":"","_EventCurrencySymbol":"","_EventCurrencyCode":"","_EventCurrencyPosition":"","_EventDateTimeSeparator":"","_EventTimeRangeSeparator":"","_EventOrganizerID":[],"_EventVenueID":[],"_OrganizerEmail":"","_OrganizerPhone":"","_OrganizerWebsite":"","_VenueAddress":"","_VenueCity":"","_VenueCountry":"","_VenueProvince":"","_VenueState":"","_VenueZip":"","_VenuePhone":"","_VenueURL":"","_VenueStateProvince":"","_VenueLat":"","_VenueLng":"","_VenueShowMap":false,"_VenueShowMapLink":false},"categories":[145,33],"tags":[200,690],"class_list":["post-32736","awf-news","type-awf-news","status-publish","has-post-thumbnail","hentry","category-europe-middle-east","category-news-fr","tag-emerald-fr","tag-europe-et-moyen-orient"],"_links":{"self":[{"href":"https:\/\/awf.world\/fr\/wp-json\/wp\/v2\/awf-news\/32736","targetHints":{"allow":["GET"]}}],"collection":[{"href":"https:\/\/awf.world\/fr\/wp-json\/wp\/v2\/awf-news"}],"about":[{"href":"https:\/\/awf.world\/fr\/wp-json\/wp\/v2\/types\/awf-news"}],"author":[{"embeddable":true,"href":"https:\/\/awf.world\/fr\/wp-json\/wp\/v2\/users\/24"}],"wp:featuredmedia":[{"embeddable":true,"href":"https:\/\/awf.world\/fr\/wp-json\/wp\/v2\/media\/32730"}],"wp:attachment":[{"href":"https:\/\/awf.world\/fr\/wp-json\/wp\/v2\/media?parent=32736"}],"wp:term":[{"taxonomy":"category","embeddable":true,"href":"https:\/\/awf.world\/fr\/wp-json\/wp\/v2\/categories?post=32736"},{"taxonomy":"post_tag","embeddable":true,"href":"https:\/\/awf.world\/fr\/wp-json\/wp\/v2\/tags?post=32736"}],"curies":[{"name":"wp","href":"https:\/\/api.w.org\/{rel}","templated":true}]}}