{"id":32734,"date":"2023-07-21T11:38:13","date_gmt":"2023-07-21T14:38:13","guid":{"rendered":"https:\/\/awf.world\/?post_type=awf-news&#038;p=32734"},"modified":"2023-07-27T09:44:13","modified_gmt":"2023-07-27T12:44:13","slug":"une-missionnaire-peruvienne-en-guinee-equatoriale","status":"publish","type":"awf-news","link":"https:\/\/awf.world\/fr\/awf-news\/une-missionnaire-peruvienne-en-guinee-equatoriale\/","title":{"rendered":"L\u2019Histoire d\u2019une Missionnaire P\u00e9ruvienne en Guin\u00e9e \u00c9quatoriale"},"content":{"rendered":"<p style=\"text-align: justify;\"><strong>Mirtha Espino est la premi\u00e8re missionnaire retrait\u00e9e de <a href=\"https:\/\/awf.world\/fr\/country-description\/perou\/\" target=\"_blank\" rel=\"noopener\">l\u2019\u00c9glise de l\u2019Alliance Chr\u00e9tienne et Missionnaire (CMA) au P\u00e9rou<\/a>. Elle a servi pendant 14 ans en Guin\u00e9e \u00e9quatoriale, en Afrique. Apr\u00e8s avoir achev\u00e9 son minist\u00e8re l\u00e0-bas, elle a de nouveau dit oui \u00e0 son appel missionnaire, et elle nous explique pourquoi.<\/strong><\/p>\n<p>Mirtha est arriv\u00e9e en Guin\u00e9e \u00e9quatoriale en 2007 et s\u2019est install\u00e9e dans la base de Jeunesse en Mission (JEM) dans la ville de Bata Litoral, dans le quartier d\u2019Ekobenang. Elle y a v\u00e9cu avec d\u2019autres missionnaires et s\u2019est jointe \u00e0 leur travail de soutien aux \u00e9glises de cette r\u00e9gion et de la campagne en pr\u00eachant, en enseignant, en encadrant et en aidant les fr\u00e8res et les s\u0153urs.<\/p>\n<p>C\u2019est ainsi qu\u2019elle a rencontr\u00e9 les pasteurs et les fr\u00e8res et s\u0153urs des \u00e9glises avec lesquels elle est all\u00e9e \u00e9vang\u00e9liser. Une fois, le pasteur de l\u2019\u00c9glise de la Bonne Nouvelle \u00e0 Bata l\u2019a invit\u00e9e \u00e0 tenir un s\u00e9minaire et \u00e0 pr\u00eacher pendant trois jours dans plusieurs villes voisines, y compris Ebinayon, qui se trouve \u00e0 la fronti\u00e8re de la Guin\u00e9e \u00e9quatoriale et du Gabon.<\/p>\n<p>Les responsables de l\u2019\u00e9glise les ont accueillis, se sont occup\u00e9s d\u2019eux et les ont h\u00e9berg\u00e9s chez eux. Le deuxi\u00e8me jour, l\u2019une des responsables de l\u2019\u00e9glise est arriv\u00e9e avec une de ses petites-filles, Gracia, 5 ans, atteinte de paludisme, et a demand\u00e9 \u00e0 Mirtha de prier pour elle. Le lendemain, elle a amen\u00e9 une autre petite-fille, Modesta, \u00e9galement \u00e2g\u00e9e de 5 ans, et a demand\u00e9 \u00e0 Mirtha de prier pour elle. Dieu a gu\u00e9ri les deux filles. C\u2019\u00e9tait une pri\u00e8re de foi et de gu\u00e9rison.<\/p>\n<p>Quelque temps plus tard, Mirtha a rencontr\u00e9 un couple guin\u00e9en qui servait toujours dans l\u2019\u00e9glise. Le mari avait eu des enfants avec une autre femme, mais pas avec sa femme actuelle, Bonita. Culturellement, en Afrique, le mariage est confirm\u00e9 par le fait d\u2019avoir des enfants, c\u2019est pourquoi Bonita a confi\u00e9 \u00e0 Mirtha qu\u2019elle souffrait beaucoup de ne pas avoir d\u2019enfants \u00e0 elle.<\/p>\n<p>Un jour, Bonita et Mirtha se sont rencontr\u00e9es \u00e0 la porte d\u2019un supermarch\u00e9 et Bonita a demand\u00e9 \u00e0 Mirtha de prier pour que Dieu lui donne des enfants. Mirtha a pri\u00e9 pour elle, puis elles se sont quitt\u00e9es. Quelques ann\u00e9es plus tard, elles se sont rencontr\u00e9es \u00e0 nouveau dans la rue et Bonita lui a dit : \u00ab Missionnaire Mirtha, le jour o\u00f9 tu as pri\u00e9 pour moi, Dieu m\u2019a permis de tomber enceinte. Aujourd\u2019hui, j\u2019ai d\u00e9j\u00e0 trois enfants \u00bb et elle a remerci\u00e9 Mirtha d\u2019avoir pri\u00e9 pour elle. \u00ab Comment ne pas \u00eatre surprise et reconnaissante envers Dieu pour son \u0153uvre merveilleuse \u00bb, a d\u00e9clar\u00e9 Mirtha. \u00ab Cette femme avait la preuve tangible de la souverainet\u00e9 de Dieu sur tout et sur tous ! \u00bb.<\/p>\n<p>Une partie du minist\u00e8re de Mirtha consistait \u00e0 g\u00e9rer l\u2019\u00e9cole \u00ab Amemos \u00bb, o\u00f9 les enfants \u00e9taient scolaris\u00e9s depuis la maternelle jusqu\u2019\u00e0 la premi\u00e8re ann\u00e9e de l\u2019\u00e9cole secondaire. Un jour, l\u2019un des enfants de la maternelle a disparu de la classe et on ne s\u2019en est rendu compte que lorsque le p\u00e8re de l\u2019enfant est venu le chercher. L\u2019enseignant n\u2019ayant pas remarqu\u00e9 l\u2019absence du gar\u00e7on, le p\u00e8re s\u2019est imm\u00e9diatement rendu au bureau du directeur pour obtenir des nouvelles de son fils.<\/p>\n<p>Tous les enseignants et les \u00e9l\u00e8ves ont commenc\u00e9 \u00e0 chercher le gar\u00e7on dans l\u2019\u00e9cole et dans le quartier, mais ils ne l\u2019ont pas trouv\u00e9. Mirtha dit \u00e0 la directrice : \u00ab Ma s\u0153ur, je vais prier \u00bb.&nbsp; Elle s\u2019est agenouill\u00e9e dans l\u2019une des salles de classe et a pri\u00e9 sans tenir compte du fait que la ni\u00e8ce de la directrice \u00e9tait rest\u00e9e l\u00e0 et \u00e9coutait sa pri\u00e8re.<\/p>\n<p>C\u2019est alors qu\u2019un homme est arriv\u00e9 avec le gar\u00e7on en disant qu\u2019il l\u2019avait trouv\u00e9 marchant seul sur la route. La directrice est tomb\u00e9e par terre et a commenc\u00e9 \u00e0 remercier Dieu dans sa langue maternelle, le fang. Sa ni\u00e8ce, qui avait entendu Mirtha prier, lui dit : \u00ab Missionnaire Mirtha, je n\u2019ai jamais vu Dieu r\u00e9pondre \u00e0 une pri\u00e8re aussi rapidement, parce que vous avez demand\u00e9 au Seigneur J\u00e9sus que l\u2019enfant apparaisse et \u00e0 ce moment-l\u00e0, Dieu l\u2019a fait \u00bb.<\/p>\n<p>Le fait d\u2019aller dans une autre culture et dans un environnement compl\u00e8tement nouveau comme l\u2019Afrique a permis \u00e0 Mirtha de voir les choses d\u2019une mani\u00e8re diff\u00e9rente, et ce sont l\u00e0 quelques t\u00e9moignages de la mani\u00e8re dont Dieu s\u2019est manifest\u00e9 de mani\u00e8re puissante et tangible, utilisant Mirtha pour sa gloire.<\/p>\n<p>Mirtha s\u2019est pr\u00e9par\u00e9e \u00e0 partir sur le champ de mission et, une fois sur place, elle s\u2019est consacr\u00e9e \u00e0 la pr\u00e9dication et \u00e0 l\u2019enseignement. Elle s\u2019est concentr\u00e9e sur l\u2019\u00e9ducation chr\u00e9tienne des enfants dans les \u00e9coles et a travaill\u00e9 avec les femmes dans l\u2019\u00e9glise. Chaque exp\u00e9rience a \u00e9t\u00e9 un apprentissage magnifique mais ardu qui l\u2019a aid\u00e9e \u00e0 faire davantage confiance au Seigneur. Pendant cette p\u00e9riode, son appel a \u00e9t\u00e9 soutenu par Dieu et par ses responsables de l\u2019\u00c9glise de l\u2019Alliance Los Olivos \u00e0 Lima et par Nations \u00e0 Rencontrer avec Dieu &#8211; NED Global, au P\u00e9rou.<\/p>\n<p>Mirtha est l\u2019un des fruits du mouvement Lima \u00e0 une Rencontre \u00e0 Dieu, qui consistait en des r\u00e9unions de pri\u00e8re, des campagnes d\u2019\u00e9vang\u00e9lisation et des programmes de formation de disciples. Dans les ann\u00e9es 1970, des centaines de personnes se sont abandonn\u00e9es au Christ nuit apr\u00e8s nuit. Mirtha vit actuellement au P\u00e9rou, soutenant diff\u00e9rents minist\u00e8res dans son \u00e9glise et encourageant les \u00e9glises o\u00f9 elle est invit\u00e9e \u00e0 partager son t\u00e9moignage missionnaire.<\/p>\n<p>Parfois, les gens demandent \u00e0 Mirtha : \u00ab Si tu revenais en arri\u00e8re, choisirais-tu de repartir en mission ? \u00bb. Elle leur r\u00e9pond : \u00ab Sachant ce que je sais maintenant, tous les co\u00fbts et les sacrifices &#8211; par exemple, la mort de ma m\u00e8re, de mon p\u00e8re et de ma s\u0153ur sans pouvoir revenir en arri\u00e8re \u00e0 aucune des trois occasions &#8211; sachant comment d\u00e9pendre de Dieu, pleurer et me r\u00e9jouir en sa pr\u00e9sence &#8230; eh bien, la r\u00e9ponse restera toujours oui. Dieu m\u2019a soutenu d\u2019une mani\u00e8re surnaturelle, son \u00c9glise est surnaturelle, l\u2019\u00e9glise locale est ma famille, et leurs pri\u00e8res, leurs encouragements et leurs offrandes ont \u00e9t\u00e9 des instruments de Dieu \u00bb.<\/p>\n<p>Nous louons Dieu pour le d\u00e9vouement, le travail et les miracles qu\u2019il a accomplis \u00e0 travers la vie et le t\u00e9moignage de Mirtha en Guin\u00e9e \u00e9quatoriale et au P\u00e9rou.<\/p>\n","protected":false},"author":24,"featured_media":32725,"template":"","meta":{"inline_featured_image":false,"ngg_post_thumbnail":0,"_EventAllDay":false,"_EventTimezone":"","_EventStartDate":"","_EventEndDate":"","_EventStartDateUTC":"","_EventEndDateUTC":"","_EventShowMap":false,"_EventShowMapLink":false,"_EventURL":"","_EventCost":"","_EventCostDescription":"","_EventCurrencySymbol":"","_EventCurrencyCode":"","_EventCurrencyPosition":"","_EventDateTimeSeparator":"","_EventTimeRangeSeparator":"","_EventOrganizerID":[],"_EventVenueID":[],"_OrganizerEmail":"","_OrganizerPhone":"","_OrganizerWebsite":"","_VenueAddress":"","_VenueCity":"","_VenueCountry":"","_VenueProvince":"","_VenueState":"","_VenueZip":"","_VenuePhone":"","_VenueURL":"","_VenueStateProvince":"","_VenueLat":"","_VenueLng":"","_VenueShowMap":false,"_VenueShowMapLink":false},"categories":[152,33],"tags":[277,206],"class_list":["post-32734","awf-news","type-awf-news","status-publish","has-post-thumbnail","hentry","category-latin-america-fr","category-news-fr","tag-afrique","tag-missions-fr"],"_links":{"self":[{"href":"https:\/\/awf.world\/fr\/wp-json\/wp\/v2\/awf-news\/32734","targetHints":{"allow":["GET"]}}],"collection":[{"href":"https:\/\/awf.world\/fr\/wp-json\/wp\/v2\/awf-news"}],"about":[{"href":"https:\/\/awf.world\/fr\/wp-json\/wp\/v2\/types\/awf-news"}],"author":[{"embeddable":true,"href":"https:\/\/awf.world\/fr\/wp-json\/wp\/v2\/users\/24"}],"wp:featuredmedia":[{"embeddable":true,"href":"https:\/\/awf.world\/fr\/wp-json\/wp\/v2\/media\/32725"}],"wp:attachment":[{"href":"https:\/\/awf.world\/fr\/wp-json\/wp\/v2\/media?parent=32734"}],"wp:term":[{"taxonomy":"category","embeddable":true,"href":"https:\/\/awf.world\/fr\/wp-json\/wp\/v2\/categories?post=32734"},{"taxonomy":"post_tag","embeddable":true,"href":"https:\/\/awf.world\/fr\/wp-json\/wp\/v2\/tags?post=32734"}],"curies":[{"name":"wp","href":"https:\/\/api.w.org\/{rel}","templated":true}]}}