{"id":32484,"date":"2023-05-15T15:28:53","date_gmt":"2023-05-15T18:28:53","guid":{"rendered":"https:\/\/awf.world\/?post_type=awf-news&#038;p=32484"},"modified":"2023-05-15T15:52:16","modified_gmt":"2023-05-15T18:52:16","slug":"amelioration-du-mode-de-vie-au-congo-brazzaville","status":"publish","type":"awf-news","link":"https:\/\/awf.world\/fr\/awf-news\/amelioration-du-mode-de-vie-au-congo-brazzaville\/","title":{"rendered":"Am\u00e9lioration du Mode de Vie avec Joie et Gratitude au Congo Brazzaville"},"content":{"rendered":"<h3 style=\"text-align: justify;\">Le Congo fait face \u00e0 des difficult\u00e9s significatives en agriculture, ainsi les coaches et les participants dans une session de formation \u00e0 Brazzaville \u00e9taient cr\u00e9atifs et aptes \u00e0 implanter, r\u00e9pliquer, et \u00e0 apprendre beaucoup comme ils ont produit quelques solutions \u00e0 leurs probl\u00e8mes.<\/h3>\n<p>L\u2019Union Mondiale de l\u2019Alliance (UMA) en partenariat avec l\u2019\u00c9glise de l\u2019Alliance Chr\u00e9tienne et Missionnaire du Congo (EACMC) et ECHO AO (Espoir Contre la Faim en Afrique de l\u2019Ouest) ont commenc\u00e9 un programme de formation du 29 au 31 mars 2023 en une agriculture soutenable et en microcr\u00e9dit. Le but \u00e9tait de renforcer la r\u00e9silience des membres de l\u2019\u00e9glise nationale dans la s\u00e9curit\u00e9 alimentaire.<\/p>\n<p>La formation a soulev\u00e9 aux participants la connaissance de quatre aspects cl\u00e9s de l\u2019agriculture : habitat, nourriture, sant\u00e9, et progr\u00e8s. Les participants \u00e9taient int\u00e9ress\u00e9s \u00e0 apprendre \u00e0 comment r\u00e9ussir en microcr\u00e9dit, commerce, et des Activit\u00e9s G\u00e9n\u00e9ratrices de Revenu (AGR). Le microcr\u00e9dit est simplement la pratique de pr\u00eater de petites sommes d\u2019argent pour de nouvelles affaires comme au Congo dans un monde de d\u00e9veloppement. La rencontre s\u2019est focalis\u00e9e sur l\u2019Association Villageoise d\u2019Epargne et de Cr\u00e9dit (AVEC). Maintenant, ceux qui ont particip\u00e9 veulent commencer l\u2019\u00e9levage des poulets m\u00eame si la volaille n\u2019est pas ordinaire pour la plupart des congolais.<\/p>\n<p>Patrick, un des participants, \u00e9tait heureux de d\u00e9couvrir de nouvelles techniques en agriculture. Il avait l\u2019habitude de d\u00e9penser de l\u2019argent pour des fertilisants chimiques, mais maintenant il peut utiliser des fertilisants biologiques pour rapporter une r\u00e9colte organique de qualit\u00e9. Et il peut le faire m\u00eame dans un petit espace avec un jardin utilisant un pneu et n\u2019importe quel r\u00e9cipient.<\/p>\n<p>Le Pasteur Nicaise, le Secr\u00e9taire G\u00e9n\u00e9ral de l\u2019EACMC et le directeur actuel de la radiodiffusion de l\u2019Alliance dans le pays, \u00e9tait excit\u00e9 de prendre part \u00e0 cette session. \u00ab Cette formation a chang\u00e9 notre perception de l\u2019agriculture et nous a boost\u00e9s \u00e0 l\u2019excellence \u00bb, a-t-il d\u00e9clar\u00e9. \u00ab Nous sommes reconnaissants \u00e0 Dieu pour des formateurs excellents, comp\u00e9tents, et de bonne qualit\u00e9 que nous avons re\u00e7us pour la session \u00bb.<\/p>\n<p>\u00ab Je suis un journaliste et un formateur \u00bb, Pasteur Nicaise a continu\u00e9, \u00ab mais j\u2019ai \u00e9t\u00e9 influenc\u00e9 par leurs qualit\u00e9s excellentes de formation. Ils ont ouvert nos yeux \u00e0 l\u2019agriculture organique avec joie, respect, et consid\u00e9ration. Nous sommes fiers d\u2019eux. Je peux vous dire que cette salle ne sera pas assez grande pour accueillir la multitude de ceux qui viendront \u00e0 la prochaine formation \u00bb.<\/p>\n<p>Il a ajout\u00e9 : \u00ab Nous avons re\u00e7u une nouvelle connaissance de comment valoriser nos produits pour le march\u00e9 local et international. Nous avons appris \u00e0 initier et g\u00e9rer des activit\u00e9s g\u00e9n\u00e9ratrices des revenus. Et si nous g\u00e9rons bien et sommes bien organis\u00e9s comme une \u00e9glise nous pouvons aller \u00e0 l\u2019excellence \u00bb.<\/p>\n<p>Venant de diff\u00e9rents districts du Congo, Chanel a appr\u00e9ci\u00e9 les th\u00e8mes, mais sp\u00e9cialement la formation pratique. \u00ab M\u00eame si vous ne pouvez pas lire ou \u00e9crire, vous pouvez comprendre et appliquer \u00bb, a-t-il dit. \u00ab Ce sont des techniques simples, des mat\u00e9riels sont faciles \u00e0 trouver \u00e0 tout moment dans notre contexte \u00bb. Il a ajout\u00e9 : \u00ab Notre d\u00e9l\u00e9gation a parl\u00e9 de comment ils peuvent prendre cette formation pour atteindre plus d\u2019une personne. Et nous avons d\u00e9cid\u00e9 que nous devons commencer par l\u2019impl\u00e9menter nous-m\u00eames au retour \u00e0 la maison, apr\u00e8s nous allons former d\u2019autres gens de diff\u00e9rentes \u00e9glises \u00bb.<\/p>\n<p>Christiane, la femme d\u2019un pasteur, est propri\u00e9taire d\u2019un restaurant et aime des produits organiques. Elle est excit\u00e9e au sujet de produire des fertilisants et pesticides bio m\u00eame dans les jardins \u00e0 la maison. Demandant les outils et techniques de microcr\u00e9dit et l\u2019am\u00e9lioration de la nourriture vont l\u2019aider \u00e0 offrir de meilleurs services dans son restaurant dans la ville capitale de Brazzaville.<\/p>\n<p>Les 45 participants \u00e0 la conf\u00e9rence \u00e9taient satisfaits et ont appr\u00e9ci\u00e9 l\u2019\u00e9change d\u2019exp\u00e9riences, t\u00e9moignages, questions, et r\u00e9ponses. Avec des chants dans leur langue locale et dance, ils ont exprim\u00e9 leur joie et gratitude \u00e0 Dieu, \u00e0 l\u2019EACMC, \u00e0 l\u2019ECHO AO, et \u00e0 l\u2019UMA pour la nouvelle opportunit\u00e9 et l\u2019exp\u00e9rience dans une telle atmosph\u00e8re coop\u00e9rative.<\/p>\n<p>Prions pour la r\u00e9plication de la formation au Congo, pour les nouveaux formateurs, et les plans pour l\u2019am\u00e9lioration de leurs vies et l\u2019industrie.<\/p>\n","protected":false},"author":24,"featured_media":32481,"template":"","meta":{"inline_featured_image":false,"ngg_post_thumbnail":0,"_EventAllDay":false,"_EventTimezone":"","_EventStartDate":"","_EventEndDate":"","_EventStartDateUTC":"","_EventEndDateUTC":"","_EventShowMap":false,"_EventShowMapLink":false,"_EventURL":"","_EventCost":"","_EventCostDescription":"","_EventCurrencySymbol":"","_EventCurrencyCode":"","_EventCurrencyPosition":"","_EventDateTimeSeparator":"","_EventTimeRangeSeparator":"","_EventOrganizerID":[],"_EventVenueID":[],"_OrganizerEmail":"","_OrganizerPhone":"","_OrganizerWebsite":"","_VenueAddress":"","_VenueCity":"","_VenueCountry":"","_VenueProvince":"","_VenueState":"","_VenueZip":"","_VenuePhone":"","_VenueURL":"","_VenueStateProvince":"","_VenueLat":"","_VenueLng":"","_VenueShowMap":false,"_VenueShowMapLink":false},"categories":[284,33,954],"tags":[273],"class_list":["post-32484","awf-news","type-awf-news","status-publish","has-post-thumbnail","hentry","category-afrique","category-news-fr","category-secours-developpement","tag-secours-et-developpement"],"_links":{"self":[{"href":"https:\/\/awf.world\/fr\/wp-json\/wp\/v2\/awf-news\/32484","targetHints":{"allow":["GET"]}}],"collection":[{"href":"https:\/\/awf.world\/fr\/wp-json\/wp\/v2\/awf-news"}],"about":[{"href":"https:\/\/awf.world\/fr\/wp-json\/wp\/v2\/types\/awf-news"}],"author":[{"embeddable":true,"href":"https:\/\/awf.world\/fr\/wp-json\/wp\/v2\/users\/24"}],"wp:featuredmedia":[{"embeddable":true,"href":"https:\/\/awf.world\/fr\/wp-json\/wp\/v2\/media\/32481"}],"wp:attachment":[{"href":"https:\/\/awf.world\/fr\/wp-json\/wp\/v2\/media?parent=32484"}],"wp:term":[{"taxonomy":"category","embeddable":true,"href":"https:\/\/awf.world\/fr\/wp-json\/wp\/v2\/categories?post=32484"},{"taxonomy":"post_tag","embeddable":true,"href":"https:\/\/awf.world\/fr\/wp-json\/wp\/v2\/tags?post=32484"}],"curies":[{"name":"wp","href":"https:\/\/api.w.org\/{rel}","templated":true}]}}