{"id":32319,"date":"2023-03-22T11:34:19","date_gmt":"2023-03-22T14:34:19","guid":{"rendered":"https:\/\/awf.world\/awf-news\/connaissez-angel-barrientos-le-nouveau-president-de-lalliance-du-perou\/"},"modified":"2023-03-22T14:22:12","modified_gmt":"2023-03-22T17:22:12","slug":"connaissez-angel-barrientos","status":"publish","type":"awf-news","link":"https:\/\/awf.world\/fr\/awf-news\/connaissez-angel-barrientos\/","title":{"rendered":"Connaissez \u00c1ngel Barrientos, le Nouveau Pr\u00e9sident de l\u2019Alliance du P\u00e9rou"},"content":{"rendered":"<h3 style=\"text-align: justify;\">\u00ab Conduire avec mani\u00e8re les g\u00e9n\u00e9rations prochaines \u00bb est la vision apport\u00e9e par \u00c1ngel Sabino Barrientos Chuquillanqui, le nouveau pr\u00e9sident de la CMA du P\u00e9rou. \u00c1ngel \u00e9tait \u00e9lu en septembre 2022 pour un terme de cinq ans, \u00e0 commencer en f\u00e9vrier 2023. Il ne peut pas retenir son enthousiasme pour son nouveau r\u00f4le avec l\u2019Alliance, et il aimerait voir de nouvelles g\u00e9n\u00e9rations rencontrer J\u00e9sus. Quelle bonne mani\u00e8re de c\u00e9l\u00e9brer les 100 ans de travail de l\u2019Alliance au P\u00e9rou.<\/h3>\n<p>Passionn\u00e9 au sujet du travail avec la jeunesse et les jeunes adultes, R\u00e9v. \u00c1ngel Barrientos veut s\u2019investir dans les jeunes g\u00e9n\u00e9rations et leur leadership dans le minist\u00e8re. Sa passion provient de son exp\u00e9rience de conversion quand il avait 20 ans et a vu sa vie changer surprenamment.<\/p>\n<p><img loading=\"lazy\" decoding=\"async\" class=\"alignright size-medium wp-image-32310\" src=\"https:\/\/awf.world\/wp-content\/uploads\/2023\/03\/Angel-Barrientos_President-Pery_2023-031.jpg\" alt=\"\" width=\"1\" height=\"1\"><img loading=\"lazy\" decoding=\"async\" class=\"alignright size-medium wp-image-32310\" src=\"https:\/\/awf.world\/wp-content\/uploads\/2023\/03\/Angel-Barrientos_President-Pery_2023-031.jpg\" alt=\"\" width=\"1\" height=\"1\"><img loading=\"lazy\" decoding=\"async\" class=\"alignright size-medium wp-image-32316\" src=\"https:\/\/awf.world\/wp-content\/uploads\/2023\/03\/Angel-300x200.jpg\" alt=\"\" width=\"300\" height=\"200\" srcset=\"https:\/\/awf.world\/wp-content\/uploads\/2023\/03\/Angel-300x200.jpg 300w, https:\/\/awf.world\/wp-content\/uploads\/2023\/03\/Angel-1024x684.jpg 1024w, https:\/\/awf.world\/wp-content\/uploads\/2023\/03\/Angel-768x513.jpg 768w, https:\/\/awf.world\/wp-content\/uploads\/2023\/03\/Angel-391x260.jpg 391w, https:\/\/awf.world\/wp-content\/uploads\/2023\/03\/Angel-1536x1025.jpg 1536w, https:\/\/awf.world\/wp-content\/uploads\/2023\/03\/Angel-272x182.jpg 272w, https:\/\/awf.world\/wp-content\/uploads\/2023\/03\/Angel.jpg 2048w\" sizes=\"auto, (max-width: 300px) 100vw, 300px\" \/><\/p>\n<p>\u00c1ngel est venu d\u2019une famille catholique de six enfants \u00e9lev\u00e9s par sa m\u00e8re apr\u00e8s que son p\u00e8re a quitt\u00e9 le toit conjugal. Quand \u00c1ngel \u00e9tait un jeune adulte, et quelques ann\u00e9es apr\u00e8s sa conversion, il a rencontr\u00e9 sa future \u00e9pouse, Neli Mel\u00e9ndez, avec laquelle il c\u00e9l\u00e8bre maintenant un partenariat de plus de 40 ans. Ensemble ils prennent plaisir de leurs deux enfants, Abraham, 37 ans, et Heidi, 35 ans, et trois petits-fils.<\/p>\n<p>L\u2019exp\u00e9rience pastorale de \u00c1ngel a commenc\u00e9 avec sa graduation en 1985 du S\u00e9minaire Biblique de l\u2019Alliance du P\u00e9rou, Seminario B\u00edblico Alianza del Per\u00fa (SEBAP). Depuis l\u00e0, le R\u00e9v. \u00c1ngel a servi premi\u00e8rement comme un pasteur, assumant diverses fonctions dans la CMA P\u00e9rou. Il faisait partie du Conseil National d\u2019Administration comme son secr\u00e9taire, tr\u00e9sorier, et directeur national des missions. Il a servi dans les districts de El Agustino et San Felipe, et sa derni\u00e8re nomination pastorale \u00e9tait \u00e0 Comas, o\u00f9 il \u00e9tait pasteur titulaire de 2007 jusqu\u2019en janvier 2023.<\/p>\n<p>Le travail de <a href=\"https:\/\/awf.world\/fr\/country-description\/perou\/\" target=\"_blank\" rel=\"noopener\">l\u2019Alliance Chr\u00e9tienne et Missionnaire du P\u00e9rou<\/a> va accomplir 100 ans en 2025. Les premiers jours \u00e9taient charg\u00e9s de difficult\u00e9s, avec pers\u00e9cution, mais le R\u00e9v. \u00c1ngel esp\u00e8re c\u00e9l\u00e9brer le fruit de la CMA P\u00e9rou \u00e0 travers toutes ces ann\u00e9es, implantant et \u00e9tablissant plus de 400 \u00e9glises avec 194,000 membres, consacrant des pasteurs et d\u00e9ployant beaucoup de missionnaires.<\/p>\n<p>Veuillez continuer de prier pour le nouveau leadership de la CMA P\u00e9rou et la direction du Seigneur et sa vision pour son nouveau pr\u00e9sident. Il y a encore beaucoup que le Seigneur veut faire \u00e0 travers le R\u00e9v. \u00c1ngel et sa famille. Comme une \u00e9glise, nous voulons les soutenir dans la pri\u00e8re. Vous pouvez prier pour le R\u00e9v. \u00c1ngel Barrientos dans certaines mani\u00e8res sp\u00e9cifiques: Il demande la protection pour sa famille, pour la sant\u00e9 de ses enfants, et particuli\u00e8rement pour son mariage, comme lui et Neli g\u00e8rent des d\u00e9fis de changer et de s\u2019adapter \u00e0 leur nouveau minist\u00e8re.<\/p>\n","protected":false},"author":24,"featured_media":32314,"template":"","meta":{"inline_featured_image":false,"ngg_post_thumbnail":0,"_EventAllDay":false,"_EventTimezone":"","_EventStartDate":"","_EventEndDate":"","_EventStartDateUTC":"","_EventEndDateUTC":"","_EventShowMap":false,"_EventShowMapLink":false,"_EventURL":"","_EventCost":"","_EventCostDescription":"","_EventCurrencySymbol":"","_EventCurrencyCode":"","_EventCurrencyPosition":"","_EventDateTimeSeparator":"","_EventTimeRangeSeparator":"","_EventOrganizerID":[],"_EventVenueID":[],"_OrganizerEmail":"","_OrganizerPhone":"","_OrganizerWebsite":"","_VenueAddress":"","_VenueCity":"","_VenueCountry":"","_VenueProvince":"","_VenueState":"","_VenueZip":"","_VenuePhone":"","_VenueURL":"","_VenueStateProvince":"","_VenueLat":"","_VenueLng":"","_VenueShowMap":false,"_VenueShowMapLink":false},"categories":[152,33],"tags":[208],"class_list":["post-32319","awf-news","type-awf-news","status-publish","has-post-thumbnail","hentry","category-latin-america-fr","category-news-fr","tag-amerique-latine"],"_links":{"self":[{"href":"https:\/\/awf.world\/fr\/wp-json\/wp\/v2\/awf-news\/32319","targetHints":{"allow":["GET"]}}],"collection":[{"href":"https:\/\/awf.world\/fr\/wp-json\/wp\/v2\/awf-news"}],"about":[{"href":"https:\/\/awf.world\/fr\/wp-json\/wp\/v2\/types\/awf-news"}],"author":[{"embeddable":true,"href":"https:\/\/awf.world\/fr\/wp-json\/wp\/v2\/users\/24"}],"wp:featuredmedia":[{"embeddable":true,"href":"https:\/\/awf.world\/fr\/wp-json\/wp\/v2\/media\/32314"}],"wp:attachment":[{"href":"https:\/\/awf.world\/fr\/wp-json\/wp\/v2\/media?parent=32319"}],"wp:term":[{"taxonomy":"category","embeddable":true,"href":"https:\/\/awf.world\/fr\/wp-json\/wp\/v2\/categories?post=32319"},{"taxonomy":"post_tag","embeddable":true,"href":"https:\/\/awf.world\/fr\/wp-json\/wp\/v2\/tags?post=32319"}],"curies":[{"name":"wp","href":"https:\/\/api.w.org\/{rel}","templated":true}]}}