{"id":32055,"date":"2022-12-13T15:23:27","date_gmt":"2022-12-13T18:23:27","guid":{"rendered":"https:\/\/awf.world\/awf-news\/mobiliser-la-region-asie-pacifique-pour-cooperer-dans-les-missions\/"},"modified":"2023-01-17T11:33:19","modified_gmt":"2023-01-17T14:33:19","slug":"mobiliser-la-region-asie-pacifique-pour-cooperer-dans-les-missions","status":"publish","type":"awf-news","link":"https:\/\/awf.world\/fr\/awf-news\/mobiliser-la-region-asie-pacifique-pour-cooperer-dans-les-missions\/","title":{"rendered":"Mobiliser la R\u00e9gion Asie-Pacifique pour Coop\u00e9rer dans les Missions"},"content":{"rendered":"<h3 style=\"text-align: justify;\">Dieu ouvre des portes \u00e0 l\u2019Alliance mondiale pour renforcer la coop\u00e9ration dans les missions en mettant l\u2019accent sur les Missions de la Diaspora, le Secours et le D\u00e9veloppement, et le Business comme Mission. La Conf\u00e9rence R\u00e9gionale de l\u2019UMA 2022 des \u00c9glises de l\u2019Alliance de la R\u00e9gion Asie-Pacifique (APAC) a permis aux participants de discuter et de planifier les prochaines \u00e9tapes pour favoriser la coop\u00e9ration entre les \u00e9glises nationales.<\/h3>\n<figure id=\"attachment_32014\" aria-describedby=\"caption-attachment-32014\" style=\"width: 300px\" class=\"wp-caption alignright\"><img loading=\"lazy\" decoding=\"async\" class=\"wp-image-32014 size-medium\" src=\"https:\/\/awf.world\/wp-content\/uploads\/2022\/12\/APAC-Regional-Conference_Seoul-Korea_2022-1129-300x225.jpg\" alt=\"\" width=\"300\" height=\"225\" srcset=\"https:\/\/awf.world\/wp-content\/uploads\/2022\/12\/APAC-Regional-Conference_Seoul-Korea_2022-1129-300x225.jpg 300w, https:\/\/awf.world\/wp-content\/uploads\/2022\/12\/APAC-Regional-Conference_Seoul-Korea_2022-1129-1024x768.jpg 1024w, https:\/\/awf.world\/wp-content\/uploads\/2022\/12\/APAC-Regional-Conference_Seoul-Korea_2022-1129-768x576.jpg 768w, https:\/\/awf.world\/wp-content\/uploads\/2022\/12\/APAC-Regional-Conference_Seoul-Korea_2022-1129-1536x1152.jpg 1536w, https:\/\/awf.world\/wp-content\/uploads\/2022\/12\/APAC-Regional-Conference_Seoul-Korea_2022-1129.jpg 2048w\" sizes=\"auto, (max-width: 300px) 100vw, 300px\" \/><figcaption id=\"caption-attachment-32014\" class=\"wp-caption-text\">Dr. Stanley John<\/figcaption><\/figure>\n<p>Le Dr Stanley John, du S\u00e9minaire Th\u00e9ologique de l\u2019Alliance, l\u2019orateur principal du th\u00e8me \u00ab Les missions dans un monde en constante \u00e9volution \u00bb, a utilis\u00e9 le livre des Actes des Ap\u00f4tres pour expliquer comment les travailleurs migrants ont utilis\u00e9 leurs comp\u00e9tences professionnelles et leurs m\u00e9tiers pour \u00e9tablir un moyen de subsistance tout en diffusant l\u2019\u00e9vangile. Des principes et des applications de ces textes ont \u00e9t\u00e9 pr\u00e9sent\u00e9s afin que l\u2019\u00e9glise puisse \u00eatre efficace dans sa proclamation de l\u2019\u00e9vangile aujourd\u2019hui.<\/p>\n<figure id=\"attachment_32017\" aria-describedby=\"caption-attachment-32017\" style=\"width: 300px\" class=\"wp-caption alignleft\"><img loading=\"lazy\" decoding=\"async\" class=\"wp-image-32017 size-medium\" src=\"https:\/\/awf.world\/wp-content\/uploads\/2022\/12\/APAC-Regional-Conference_Seoul-Korea_2022-1135-300x225.jpg\" alt=\"\" width=\"300\" height=\"225\" srcset=\"https:\/\/awf.world\/wp-content\/uploads\/2022\/12\/APAC-Regional-Conference_Seoul-Korea_2022-1135-300x225.jpg 300w, https:\/\/awf.world\/wp-content\/uploads\/2022\/12\/APAC-Regional-Conference_Seoul-Korea_2022-1135-1024x768.jpg 1024w, https:\/\/awf.world\/wp-content\/uploads\/2022\/12\/APAC-Regional-Conference_Seoul-Korea_2022-1135-768x576.jpg 768w, https:\/\/awf.world\/wp-content\/uploads\/2022\/12\/APAC-Regional-Conference_Seoul-Korea_2022-1135-1536x1152.jpg 1536w, https:\/\/awf.world\/wp-content\/uploads\/2022\/12\/APAC-Regional-Conference_Seoul-Korea_2022-1135.jpg 2048w\" sizes=\"auto, (max-width: 300px) 100vw, 300px\" \/><figcaption id=\"caption-attachment-32017\" class=\"wp-caption-text\">Dr. Peter Laughlin<\/figcaption><\/figure>\n<p>Le pr\u00e9sident de l\u2019<a href=\"https:\/\/awf.world\/fr\/education-theologique\/\" target=\"_blank\" rel=\"noopener\">UMA-ICTE<\/a>, le Dr Peter Laughlin, a pr\u00e9sent\u00e9 le <a href=\"https:\/\/awf.world\/fr\/awf-news\/manifeste-de-guayaquil\/\" target=\"_blank\" rel=\"noopener\">Manifeste de Guayaquil<\/a>, qui a \u00e9t\u00e9 approuv\u00e9 lors de la derni\u00e8re Quadriennale de l\u2019UMA. Il a anim\u00e9 des ateliers traitant de questions cl\u00e9s li\u00e9es aux d\u00e9fis que l\u2019Alliance doit relever aujourd\u2019hui en tant que mouvement missionnaire.<\/p>\n<p>L\u2019\u00e9v\u00e9nement a contribu\u00e9 au d\u00e9veloppement de la coop\u00e9ration entre les leaders vers les missions. Des ateliers portant sur des sujets tels que <a href=\"https:\/\/awf.world\/fr\/secours-et-de-developpement\/\" target=\"_blank\" rel=\"noopener\">le Secours et le D\u00e9veloppement<\/a> (Mark Jones, Canada, et Pak Nehemiah, Indon\u00e9sie) et le <a href=\"https:\/\/awf.world\/fr\/missions-old\/\" target=\"_blank\" rel=\"noopener\">Business comme Mission<\/a> (Bao Her, \u00c9tats-Unis) ont incit\u00e9 les participants \u00e0 penser et \u00e0 comprendre les missions de mani\u00e8re innovante, en se concentrant sur le contexte des leaders issus de la diaspora. Des groupes de discussion bas\u00e9s sur la langue et le minist\u00e8re ont \u00e9t\u00e9 cr\u00e9\u00e9s pour d\u00e9battre de questions essentielles. Dieu a utilis\u00e9 les exp\u00e9riences partag\u00e9es pour inspirer et encourager les dirigeants \u00e0 travailler ensemble.<\/p>\n<p><img loading=\"lazy\" decoding=\"async\" class=\"alignright size-medium wp-image-32020\" src=\"https:\/\/awf.world\/wp-content\/uploads\/2022\/12\/APAC-Regional-Conference_Seoul-Korea_2022-1117-300x225.jpg\" alt=\"\" width=\"300\" height=\"225\" srcset=\"https:\/\/awf.world\/wp-content\/uploads\/2022\/12\/APAC-Regional-Conference_Seoul-Korea_2022-1117-300x225.jpg 300w, https:\/\/awf.world\/wp-content\/uploads\/2022\/12\/APAC-Regional-Conference_Seoul-Korea_2022-1117-1024x768.jpg 1024w, https:\/\/awf.world\/wp-content\/uploads\/2022\/12\/APAC-Regional-Conference_Seoul-Korea_2022-1117-768x576.jpg 768w, https:\/\/awf.world\/wp-content\/uploads\/2022\/12\/APAC-Regional-Conference_Seoul-Korea_2022-1117-1536x1152.jpg 1536w, https:\/\/awf.world\/wp-content\/uploads\/2022\/12\/APAC-Regional-Conference_Seoul-Korea_2022-1117.jpg 2048w\" sizes=\"auto, (max-width: 300px) 100vw, 300px\" \/><\/p>\n<p>L\u2019un des points forts de la conf\u00e9rence a \u00e9t\u00e9 la camaraderie et l\u2019amour fraternel manifest\u00e9s par le rassemblement APAC pour les croyants qui avaient fui la Cor\u00e9e du Nord. Les participants ont appr\u00e9ci\u00e9 les danses culturelles, les chants et les t\u00e9moignages de la gr\u00e2ce de Dieu de la part de la congr\u00e9gation nord-cor\u00e9enne, tout en remarquant les soins apport\u00e9s par l\u2019\u00e9quipe locale, qui comprenait des d\u00e9jeuners et des d\u00eeners quotidiens.<\/p>\n<p>La session d\u2019affaires a vu des pr\u00e9sentations par les pr\u00e9sidents et repr\u00e9sentants nationaux sur la fa\u00e7on dont le Seigneur travaille dans la r\u00e9gion APAC et comment ils peuvent se soutenir mutuellement dans la pri\u00e8re. Les cha\u00eenes de t\u00e9l\u00e9vision locales ont interview\u00e9 le pr\u00e9sident de l\u2019UMA, Jura Yanagihara, et le coordinateur r\u00e9gional de l\u2019APAC, Ken Graham, sur la CMA et sur l\u2019objectif et la direction de l\u2019UMA et de la R\u00e9gion Asie-Pacifique.<\/p>\n<p>La conf\u00e9rence s\u2019est tenue \u00e0 S\u00e9oul, en Cor\u00e9e du Sud, du 1er au 4 novembre 2022. Plus de 70 d\u00e9l\u00e9gu\u00e9s des \u00e9glises nationales, des ouvriers internationaux et de la grande famille de l\u2019UMA y ont particip\u00e9, ainsi que ceux des \u00e9glises de l\u2019Alliance nationale de Cor\u00e9e qui les accueillaient. Apr\u00e8s toutes les restrictions du COVID-19, les d\u00e9l\u00e9gu\u00e9s \u00e9taient reconnaissants d\u2019\u00eatre physiquement ensemble une fois de plus. Le dernier jour de la conf\u00e9rence, les participants ont visit\u00e9 l\u2019\u00eele de Nami, pr\u00e8s de S\u00e9oul. L\u2019\u00eele est c\u00e9l\u00e8bre pour sa forme en demi-lune. Le prochain rassemblement r\u00e9gional de l\u2019APAC est pr\u00e9vu pour novembre 2024.<\/p>\n<p><img loading=\"lazy\" decoding=\"async\" class=\"aligncenter size-full wp-image-32023\" src=\"https:\/\/awf.world\/wp-content\/uploads\/2022\/12\/APAC-Regional-Conference_Seoul-Korea_2022-1125-scaled.jpg\" alt=\"\" width=\"2560\" height=\"1612\" srcset=\"https:\/\/awf.world\/wp-content\/uploads\/2022\/12\/APAC-Regional-Conference_Seoul-Korea_2022-1125-scaled.jpg 2560w, https:\/\/awf.world\/wp-content\/uploads\/2022\/12\/APAC-Regional-Conference_Seoul-Korea_2022-1125-300x189.jpg 300w, https:\/\/awf.world\/wp-content\/uploads\/2022\/12\/APAC-Regional-Conference_Seoul-Korea_2022-1125-1024x645.jpg 1024w, https:\/\/awf.world\/wp-content\/uploads\/2022\/12\/APAC-Regional-Conference_Seoul-Korea_2022-1125-768x484.jpg 768w, https:\/\/awf.world\/wp-content\/uploads\/2022\/12\/APAC-Regional-Conference_Seoul-Korea_2022-1125-1536x967.jpg 1536w\" sizes=\"auto, (max-width: 2560px) 100vw, 2560px\" \/><\/p>\n","protected":false},"author":24,"featured_media":32030,"template":"","meta":{"inline_featured_image":false,"ngg_post_thumbnail":0,"_EventAllDay":false,"_EventTimezone":"","_EventStartDate":"","_EventEndDate":"","_EventStartDateUTC":"","_EventEndDateUTC":"","_EventShowMap":false,"_EventShowMapLink":false,"_EventURL":"","_EventCost":"","_EventCostDescription":"","_EventCurrencySymbol":"","_EventCurrencyCode":"","_EventCurrencyPosition":"","_EventDateTimeSeparator":"","_EventTimeRangeSeparator":"","_EventOrganizerID":[],"_EventVenueID":[],"_OrganizerEmail":"","_OrganizerPhone":"","_OrganizerWebsite":"","_VenueAddress":"","_VenueCity":"","_VenueCountry":"","_VenueProvince":"","_VenueState":"","_VenueZip":"","_VenuePhone":"","_VenueURL":"","_VenueStateProvince":"","_VenueLat":"","_VenueLng":"","_VenueShowMap":false,"_VenueShowMapLink":false},"categories":[150,190,33],"tags":[652],"class_list":["post-32055","awf-news","type-awf-news","status-publish","has-post-thumbnail","hentry","category-asia-pacific","category-mission-fr","category-news-fr","tag-asie-pacifique"],"_links":{"self":[{"href":"https:\/\/awf.world\/fr\/wp-json\/wp\/v2\/awf-news\/32055","targetHints":{"allow":["GET"]}}],"collection":[{"href":"https:\/\/awf.world\/fr\/wp-json\/wp\/v2\/awf-news"}],"about":[{"href":"https:\/\/awf.world\/fr\/wp-json\/wp\/v2\/types\/awf-news"}],"author":[{"embeddable":true,"href":"https:\/\/awf.world\/fr\/wp-json\/wp\/v2\/users\/24"}],"wp:featuredmedia":[{"embeddable":true,"href":"https:\/\/awf.world\/fr\/wp-json\/wp\/v2\/media\/32030"}],"wp:attachment":[{"href":"https:\/\/awf.world\/fr\/wp-json\/wp\/v2\/media?parent=32055"}],"wp:term":[{"taxonomy":"category","embeddable":true,"href":"https:\/\/awf.world\/fr\/wp-json\/wp\/v2\/categories?post=32055"},{"taxonomy":"post_tag","embeddable":true,"href":"https:\/\/awf.world\/fr\/wp-json\/wp\/v2\/tags?post=32055"}],"curies":[{"name":"wp","href":"https:\/\/api.w.org\/{rel}","templated":true}]}}