{"id":31975,"date":"2022-12-05T18:13:46","date_gmt":"2022-12-05T21:13:46","guid":{"rendered":"https:\/\/awf.world\/awf-news\/partageant-lhistoire-et-la-pensee-de-la-cma-en-amerique-centrale\/"},"modified":"2023-01-17T11:35:13","modified_gmt":"2023-01-17T14:35:13","slug":"partageant-lhistoire-et-la-pensee-de-la-cma-en-amerique-centrale","status":"publish","type":"awf-news","link":"https:\/\/awf.world\/fr\/awf-news\/partageant-lhistoire-et-la-pensee-de-la-cma-en-amerique-centrale\/","title":{"rendered":"Partageant l\u2019Histoire et la Pens\u00e9e de la CMA en Am\u00e9rique Centrale"},"content":{"rendered":"<h3 style=\"text-align: justify;\">Dans la partie nord de la r\u00e9gion du Chalatenanga en El Salvador, le Congr\u00e8s de l\u2019Alliance de l\u2019Am\u00e9rique centrale \u00e9tait tenu du 19 au 23 septembre 2022. Presque 90 repr\u00e9sentants du leadership des \u00e9glises du Costa Rica, El Salvador, Guatemala, Honduras et de Nicaragua ont particip\u00e9.<\/h3>\n<p><img loading=\"lazy\" decoding=\"async\" class=\"alignright size-medium wp-image-31968\" src=\"https:\/\/awf.world\/wp-content\/uploads\/2022\/12\/Curso_Historia-y-Pensamiento-de-la-Alianza_Centroamerica_2022-092-1-300x135.jpeg\" alt=\"\" width=\"300\" height=\"135\" srcset=\"https:\/\/awf.world\/wp-content\/uploads\/2022\/12\/Curso_Historia-y-Pensamiento-de-la-Alianza_Centroamerica_2022-092-1-300x135.jpeg 300w, https:\/\/awf.world\/wp-content\/uploads\/2022\/12\/Curso_Historia-y-Pensamiento-de-la-Alianza_Centroamerica_2022-092-1-1024x461.jpeg 1024w, https:\/\/awf.world\/wp-content\/uploads\/2022\/12\/Curso_Historia-y-Pensamiento-de-la-Alianza_Centroamerica_2022-092-1-768x346.jpeg 768w, https:\/\/awf.world\/wp-content\/uploads\/2022\/12\/Curso_Historia-y-Pensamiento-de-la-Alianza_Centroamerica_2022-092-1.jpeg 1280w\" sizes=\"auto, (max-width: 300px) 100vw, 300px\" \/><\/p>\n<p>Durant cet \u00e9v\u00e9nement, un atelier sur \u00ab l\u2019Histoire et la Pens\u00e9e de la CMA \u00bb fut partag\u00e9 par le Pasteur Chilien, Cristian Salgado, qui a particip\u00e9 \u00e0 la premi\u00e8re formation des <a href=\"https:\/\/awf.world\/fr\/awf-news\/initiative-de-formation-de-lawf-icte-des-jeunes-etudiants\/\" target=\"_blank\" rel=\"noopener\">Jeunes \u00c9tudiants<\/a> de l\u2019ICTE de l\u2019UMA en 2019. Ce cours est une partie de l\u2019effort que l\u2019Union Mondiale de l\u2019Alliance (UMA) est en train de faire pour renforcer l\u2019identit\u00e9 de l\u2019Alliance par une r\u00e9fl\u00e9xion bas\u00e9e sur la vie et le minist\u00e8re de notre fondateur, A. B. Simpson. En plus, l\u2019UMA veut aussi renforcer les aspects th\u00e9ologiques de l\u2019Alliance bas\u00e9s sur la centralit\u00e9 de Christ dans la vie et la mission de l\u2019\u00e9glise.<\/p>\n<p>Le Pasteur Merari Rodriguez, pr\u00e9sident de l\u2019Union Centram\u00e9ricaine de l\u2019Alliance (CCA) et celui de la CMA du Guatemala, \u00e9tait un des participants de l\u2019\u00e9v\u00e9nement. Il a comment\u00e9 que \u00ab cela s\u2019est av\u00e9r\u00e9 d\u2019\u00eatre un th\u00e8me tr\u00e8s pertinent. La CMA en Am\u00e9rique centrale a de diff\u00e9rentes racines d\u00e9nominationnelles et doctrinales, ainsi ce cours contribue \u00e0 renforcer l\u2019unit\u00e9 de l\u2019\u00e9glise bas\u00e9e sur une identit\u00e9 commune avec des solides racines historiques et doctrinales soutenues dans la personne de J\u00e9sus Christ \u00bb.<\/p>\n<p>Similairement, le Pasteur Jimmy Choguaj de la CMA du Guatemala, dit que le minist\u00e8re de Simpson semble tr\u00e8s pertinent aux besoins actuels de la mission, sp\u00e9cialement en consid\u00e9rant sa cr\u00e9ativit\u00e9 et sa capacit\u00e9. Il a aussi mentionn\u00e9 qu\u2019il \u00e9tait \u00ab agr\u00e9ablement surpris que les strat\u00e9giesqui sont consid\u00e9r\u00e9es innovatives aujourd\u2019hui \u00e9tait d\u00e9j\u00e0 appliqu\u00e9es par A. B. Simpson, sp\u00e9cialement dans son minist\u00e8re \u00e0 New York \u00bb.<\/p>\n<p>Ricardo Aburto, un leader et conseiller avec la CMA Betania, Managua, la capitale de Nicaragua, a dit : \u00ab Etudier la vie et le chemin de A. B. Simpson, comment il a donn\u00e9 sa vie \u00e0 Dieu r\u00e9pondant \u00e0 l\u2019appel, sa continuelle recherche de la saintet\u00e9, l\u2019attention et la vision qu\u2019il n\u2019a jamais perdues, l\u2019amour des \u00e2mes sans distinction et l\u2019esprit missionnaire qu\u2019il a toujours maintenu, est un exemple digne d\u2019imitation, et nous invite \u00e0 r\u00e9fl\u00e9chir sur notre responsabilit\u00e9 de proclamer le Royaume de Dieu en faisant les travaux de mis\u00e9ricorde aux n\u00e9cessiteux sans exception \u00bb. Pour cette raison, il consid\u00e8re aussi que \u00ab ce mat\u00e9riel devrair \u00eatre partag\u00e9 avec les pasteurs de chaque congr\u00e9gation de l\u2019Alliance, avec le but d\u2019encourager chaque membre de vivre une vie consacr\u00e9e \u00e0 Dieu \u00bb.<\/p>\n<p>\u00ab Personnellement, je n\u2019ai pas connu l\u2019histoire de la d\u00e9nomination \u00e0 laquelle j\u2019appartiens, et je peux affirmer que c\u2019\u00e9tait un grand b\u00e9n\u00e9fice et apprentissage, non seulement des donn\u00e9es avec le temps, mais aussi des victoires aussi bien que des exp\u00e9riences am\u00e8res et douloureuses de ceux qui ont fond\u00e9 l\u2019Alliance \u00bb, a dit la soeur Miriam Palma, de Honduras. \u00ab Il me semble que notre \u00e9glise a une histoire similaire \u00e0 celle de l\u2019\u00e9glise primitive et le sachant me donne beaucoup de s\u00e9curit\u00e9. Nous suivons une saine doctrine et nous sommes sur de solides fondations parce que la Parole de Dieu est sa base fondamentale \u00bb, elle a continu\u00e9. \u00ab En un temps cours, j\u2019ai beaucoup appris. Voici les sujets charg\u00e9s des informations et l\u2019orateur l\u2019a rendu tr\u00e8s int\u00e9ressant. Je vous remercie pour cette exp\u00e9rience de connaissance, communion et de b\u00e9n\u00e9diction \u00bb.<\/p>\n<p>Un autre participant, le Pasteur Mario Barboza, recteur du S\u00e9minaire Minist\u00e9riel Centram\u00e9ricain de l&rsquo;Alliance (SEMMCA), dit : \u00ab Cet atelier \u00e9tait tr\u00e8s pertinant pour chaque et chacun des leaders qui \u00e9taient pr\u00e9sents. En premier lieu, cela a offert une large vue d\u2019ensemble de l\u2019histoire et pens\u00e9e de la CMA ; en deuxi\u00e8me lieu, cela a rafra\u00eechi et r\u00e9pandu les aspects le plus pertinents de la pens\u00e9e de Simpson en relation au \u00c9vangile Quadruple ; et troisi\u00e8mement, cela a aid\u00e9 \u00e0 affirmer l\u2019identit\u00e9 de l\u2019Alliance aux leaders et pasteurs en Am\u00e9rique centrale \u00bb.<\/p>\n<p>La CCA est en train de d\u00e9velopper actuellement une expansion de strat\u00e9gie \u00e0 travers l\u2019implantation de nouvelles \u00e9glises, et un plan de formation renfor\u00e7ant \u00e0 travers le SEMMCA. Ils sont en train de planifier de nouvelles formes de coop\u00e9ration dans ces domaines pour 2023, en d\u00e9veloppant le cours de \u00ab l\u2019Histoire et la Pens\u00e9e de la CMA \u00bb pour \u00eatre enseign\u00e9 dans les \u00e9glises locales et comme un sujet au niveau du s\u00e9minaire.<\/p>\n<p><img loading=\"lazy\" decoding=\"async\" class=\"aligncenter size-large wp-image-31971\" src=\"https:\/\/awf.world\/wp-content\/uploads\/2022\/12\/Curso_Historia-y-Pensamiento-de-la-Alianza_Centroamerica_2022-094-1024x410.jpeg\" alt=\"\" width=\"843\" height=\"338\" srcset=\"https:\/\/awf.world\/wp-content\/uploads\/2022\/12\/Curso_Historia-y-Pensamiento-de-la-Alianza_Centroamerica_2022-094-1024x410.jpeg 1024w, https:\/\/awf.world\/wp-content\/uploads\/2022\/12\/Curso_Historia-y-Pensamiento-de-la-Alianza_Centroamerica_2022-094-300x120.jpeg 300w, https:\/\/awf.world\/wp-content\/uploads\/2022\/12\/Curso_Historia-y-Pensamiento-de-la-Alianza_Centroamerica_2022-094-768x307.jpeg 768w, https:\/\/awf.world\/wp-content\/uploads\/2022\/12\/Curso_Historia-y-Pensamiento-de-la-Alianza_Centroamerica_2022-094.jpeg 1280w\" sizes=\"auto, (max-width: 843px) 100vw, 843px\" \/><\/p>\n<p>Continuons de prier que le Seigneur guide et fortifie les \u00e9glises de l\u2019Alliance en Am\u00e9rique centrale.<\/p>\n","protected":false},"author":24,"featured_media":31966,"template":"","meta":{"inline_featured_image":false,"ngg_post_thumbnail":0,"_EventAllDay":false,"_EventTimezone":"","_EventStartDate":"","_EventEndDate":"","_EventStartDateUTC":"","_EventEndDateUTC":"","_EventShowMap":false,"_EventShowMapLink":false,"_EventURL":"","_EventCost":"","_EventCostDescription":"","_EventCurrencySymbol":"","_EventCurrencyCode":"","_EventCurrencyPosition":"","_EventDateTimeSeparator":"","_EventTimeRangeSeparator":"","_EventOrganizerID":[],"_EventVenueID":[],"_OrganizerEmail":"","_OrganizerPhone":"","_OrganizerWebsite":"","_VenueAddress":"","_VenueCity":"","_VenueCountry":"","_VenueProvince":"","_VenueState":"","_VenueZip":"","_VenuePhone":"","_VenueURL":"","_VenueStateProvince":"","_VenueLat":"","_VenueLng":"","_VenueShowMap":false,"_VenueShowMapLink":false},"categories":[152,853,33],"tags":[229],"class_list":["post-31975","awf-news","type-awf-news","status-publish","has-post-thumbnail","hentry","category-latin-america-fr","category-education-theologique","category-news-fr","tag-education-theologique"],"_links":{"self":[{"href":"https:\/\/awf.world\/fr\/wp-json\/wp\/v2\/awf-news\/31975","targetHints":{"allow":["GET"]}}],"collection":[{"href":"https:\/\/awf.world\/fr\/wp-json\/wp\/v2\/awf-news"}],"about":[{"href":"https:\/\/awf.world\/fr\/wp-json\/wp\/v2\/types\/awf-news"}],"author":[{"embeddable":true,"href":"https:\/\/awf.world\/fr\/wp-json\/wp\/v2\/users\/24"}],"wp:featuredmedia":[{"embeddable":true,"href":"https:\/\/awf.world\/fr\/wp-json\/wp\/v2\/media\/31966"}],"wp:attachment":[{"href":"https:\/\/awf.world\/fr\/wp-json\/wp\/v2\/media?parent=31975"}],"wp:term":[{"taxonomy":"category","embeddable":true,"href":"https:\/\/awf.world\/fr\/wp-json\/wp\/v2\/categories?post=31975"},{"taxonomy":"post_tag","embeddable":true,"href":"https:\/\/awf.world\/fr\/wp-json\/wp\/v2\/tags?post=31975"}],"curies":[{"name":"wp","href":"https:\/\/api.w.org\/{rel}","templated":true}]}}