{"id":31903,"date":"2022-11-17T15:35:35","date_gmt":"2022-11-17T18:35:35","guid":{"rendered":"https:\/\/awf.world\/awf-news\/symposium-de-theologie-de-lalliance-histoire-theologie-et-mission-de-la-cma\/"},"modified":"2023-01-18T09:28:57","modified_gmt":"2023-01-18T12:28:57","slug":"symposium-de-theologie-de-lalliance-histoire-theologie-et-mission-de-la-cma","status":"publish","type":"awf-news","link":"https:\/\/awf.world\/fr\/awf-news\/symposium-de-theologie-de-lalliance-histoire-theologie-et-mission-de-la-cma\/","title":{"rendered":"Symposium de Th\u00e9ologie de l\u2019Alliance \u00ab Histoire, Th\u00e9ologie et Mission de la CMA \u00bb"},"content":{"rendered":"<p>La <a href=\"https:\/\/awf.world\/fr\/education-theologique\/\" target=\"_blank\" rel=\"noopener\">Commission Internationale d\u2019\u00c9ducation Th\u00e9ologique de l\u2019UMA (ICTE)<\/a> va tenir un symposium de th\u00e9ologie pour la communaut\u00e9 mondiale de l\u2019Alliance du 26 au 27 juin 2023, \u00e0 Toulouse, Franc<strong>e<\/strong>. Les chercheurs, pasteurs, et les autres souhaitant contribuer \u00e0 l\u2019oeuvre de l\u2019Alliance sont inviter \u00e0 proposer un article pour le symposium au plus tard le 31 janvier 2023. La r\u00e9ception des articles sera communiqu\u00e9e comme propostions qui sont re\u00e7ues. Les pr\u00e9sentations se feront en 20 minutes, avec 5 \u00e0 10 minutes additionnelles pour des questions et interactions. On esp\u00e8re qu\u2019une s\u00e9lection des articles \u00e0 partir de la conf\u00e9rence sera subs\u00e9quemment publi\u00e9e dans un volume \u00e9dit\u00e9.<\/p>\n<p>L\u2019appel des articles est maintenant ouvert sur les mati\u00e8res li\u00e9es \u00e0 l\u2019histoire, pens\u00e9e et mission de la CMA. Les articles abordant tout aspect de ces th\u00e8mes sont les bienvenus.<\/p>\n<p>Veuillez noter que les pr\u00e9sentateurs voudront s\u2019enregistrer pour le symposium et <u>\u00eatre pr\u00e9par\u00e9s \u00e0 pr\u00e9senter en pr\u00e9sentiel<\/u>. Les pr\u00e9sentations en ligne peuvent \u00eatre arrang\u00e9es pour ceux qui sont incapables de se pr\u00e9senter en personne \u00e0 cause de visa ou seulement des restrictions de voyage. L\u2019enregistrement pour le symposium sera ouvert t\u00f4t en 2023.<\/p>\n<p>Compte tenu du nombre et de la qualit\u00e9 des soumissions re\u00e7ues, il ne peut pas \u00eatre possible d\u2019accepter tous les articles propos\u00e9s.<\/p>\n<p><strong>Plan pour les articles propos\u00e9s<\/strong><\/p>\n<p>Le titre de la pr\u00e9sentation propos\u00e9e, avec un r\u00e9sum\u00e9 de 250 \u00e0 300 mots, devrait \u00eatre envoy\u00e9 au pr\u00e9sident de ICTE, le Professeur Associ\u00e9 Peter Laughlin (<a href=\"mailto:plaughlin@acom.edu.au\" target=\"_blank\" rel=\"noopener\">plaughlin@acom.edu.au<\/a>) au plus tard le 31 janvier 2023. Les soummissions devront \u00eatre accompagn\u00e9es par les d\u00e9tails de contact : nom, titre, position, num\u00e9ro de t\u00e9l\u00e9phone et l\u2019adresse email. Les articles accept\u00e9s seront notifi\u00e9s au plus tard la fin de f\u00e9vrier 2023.<\/p>\n","protected":false},"author":24,"featured_media":31900,"template":"","meta":{"inline_featured_image":false,"ngg_post_thumbnail":0,"_EventAllDay":false,"_EventTimezone":"","_EventStartDate":"","_EventEndDate":"","_EventStartDateUTC":"","_EventEndDateUTC":"","_EventShowMap":false,"_EventShowMapLink":false,"_EventURL":"","_EventCost":"","_EventCostDescription":"","_EventCurrencySymbol":"","_EventCurrencyCode":"","_EventCurrencyPosition":"","_EventDateTimeSeparator":"","_EventTimeRangeSeparator":"","_EventOrganizerID":[],"_EventVenueID":[],"_OrganizerEmail":"","_OrganizerPhone":"","_OrganizerWebsite":"","_VenueAddress":"","_VenueCity":"","_VenueCountry":"","_VenueProvince":"","_VenueState":"","_VenueZip":"","_VenuePhone":"","_VenueURL":"","_VenueStateProvince":"","_VenueLat":"","_VenueLng":"","_VenueShowMap":false,"_VenueShowMapLink":false},"categories":[853,33],"tags":[229],"class_list":["post-31903","awf-news","type-awf-news","status-publish","has-post-thumbnail","hentry","category-education-theologique","category-news-fr","tag-education-theologique"],"_links":{"self":[{"href":"https:\/\/awf.world\/fr\/wp-json\/wp\/v2\/awf-news\/31903","targetHints":{"allow":["GET"]}}],"collection":[{"href":"https:\/\/awf.world\/fr\/wp-json\/wp\/v2\/awf-news"}],"about":[{"href":"https:\/\/awf.world\/fr\/wp-json\/wp\/v2\/types\/awf-news"}],"author":[{"embeddable":true,"href":"https:\/\/awf.world\/fr\/wp-json\/wp\/v2\/users\/24"}],"wp:featuredmedia":[{"embeddable":true,"href":"https:\/\/awf.world\/fr\/wp-json\/wp\/v2\/media\/31900"}],"wp:attachment":[{"href":"https:\/\/awf.world\/fr\/wp-json\/wp\/v2\/media?parent=31903"}],"wp:term":[{"taxonomy":"category","embeddable":true,"href":"https:\/\/awf.world\/fr\/wp-json\/wp\/v2\/categories?post=31903"},{"taxonomy":"post_tag","embeddable":true,"href":"https:\/\/awf.world\/fr\/wp-json\/wp\/v2\/tags?post=31903"}],"curies":[{"name":"wp","href":"https:\/\/api.w.org\/{rel}","templated":true}]}}