{"id":31843,"date":"2022-11-07T16:01:29","date_gmt":"2022-11-07T19:01:29","guid":{"rendered":"https:\/\/awf.world\/awf-news\/la-region-du-cafe-de-colombie-a-recu-le-sixieme-congres-des-femmes-latino-americaines-amada\/"},"modified":"2024-02-07T14:27:07","modified_gmt":"2024-02-07T17:27:07","slug":"congres-des-femmes-latino-americaines-amada","status":"publish","type":"awf-news","link":"https:\/\/awf.world\/fr\/awf-news\/congres-des-femmes-latino-americaines-amada\/","title":{"rendered":"La R\u00e9gion du Caf\u00e9 de Colombie a Re\u00e7u le Sixi\u00e8me Congr\u00e8s des Femmes Latino-Am\u00e9ricaines \u00ab Amada \u00bb"},"content":{"rendered":"<p style=\"text-align: justify;\"><strong>Apr\u00e8s trois ans, le Congr\u00e8s des Femmes Latino-Am\u00e9ricaines \u00ab Amada \u00bb a encore pris place en personne. La conf\u00e9rence a re\u00e7u 510 femmes de l\u2019Alliance de toute l\u2019Am\u00e9rique latine avec le th\u00e8me \u00ab Femme : Profond Mod\u00e8le \u00bb.<\/strong><\/p>\n<p>Avec l\u2019intention d\u2019approfondissement et de valorisation du r\u00f4le des femmes en accomplissant les desseins de Dieu, le th\u00e8me de la conf\u00e9rence a invit\u00e9 les participants \u00e0 r\u00e9fl\u00e9chir sur l\u2019impact des femmes dans les diff\u00e9rents domaines de leurs vies: famille, \u00e9glise, et soci\u00e9t\u00e9.<\/p>\n<p>La soeur Yurl\u00e9idy M\u00e9ndez de la CMA de Colombie a ouvert l\u2019\u00e9v\u00e9nement tenu du 26 au 28 septembre 2022, dans la ville d\u2019Arm\u00e9nie, Colombie, en citant le veset cl\u00e9 de la Bible du th\u00e8me \u00ab Femme : Profond Mod\u00e8le \u00bb en Gen\u00e8se 1 : 31 : \u00ab Dieu a regard\u00e9 tout ce qu\u2019il avait cr\u00e9\u00e9, et c\u2019\u00e9tait tr\u00e8s bon \u00bb. Elle a rappel\u00e9 que toutes les cr\u00e9ations de Dieu sont parfaites, chaque femme incluse. Yurl\u00e9idy invita les participants \u00e0 se ragarder dans le miroir de la m\u00eame mani\u00e8re que Dieu les regarde : comme une cr\u00e9ation unique.<\/p>\n<p>Comme un signe de l\u2019unit\u00e9 latino-am\u00e9ricaine, une femme de chacun des 14 pays pr\u00e9sents au congr\u00e8s brandit son drapeau, portant un costume typique de sa nation. La soeur Luz Marina Alava, un membre de l\u2019\u00e9quipe des femmes de l\u2019Union Latino-Am\u00e9ricaine de l\u2019Alliance (CLA), a paraphras\u00e9 le Psaume 66 : 4, se r\u00e9f\u00e9rant aux activit\u00e9s \u00e0 venir : \u00ab Toute l\u2019Am\u00e9rique latine se prosterne devant toi, ils chantent en ton honneur, ils chantent les louanges de ton nom \u00bb. Pour continuer l\u2019accueil, un groupe de femmes Colombiennes de l\u2019Alliance ont interpret\u00e9 une dance typique de la r\u00e9gion, portant des jupes blanches, ceintures tricolores et de blouses rouges.<\/p>\n<p>Dans son sermon d\u2019ouverture de la conf\u00e9rence, le Pasteur David Muthre, le pr\u00e9sident de CLA, a invit\u00e9 l\u2019audiance \u00e0 r\u00e9fl\u00e9chir sur la question : \u00ab A quoi les femmes \u00e9taient-elles destin\u00e9es? \u00bb A travers quelques passages bibliques, il a soulign\u00e9 que les femmes \u00e9taient destin\u00e9es: 1) \u00e0 refleter l\u2019image et la ressemblance de Dieu (Gen\u00e8se 1 : 26-28); 2) \u00e0 refleter l\u2019omnipotence de Dieu (Psaume 139 : 13-16)&nbsp;; 3) \u00e0 refleter la gloire de Dieu (Esaie 43 : 1-7); et 4) \u00e0 refleter le service de dieu (Gen\u00e8se 2 : 15-25).<\/p>\n<p>Dans les services et les ateliers pendant les jours de la conf\u00e9rence, les femmes ont consid\u00e9r\u00e9 les probl\u00e8mes actuels difficiles, tels que \u00ab Destin\u00e9es \u00e0 laisser des traces \u00bb, \u00ab F\u00e9minit\u00e9 contre le f\u00e9minisme \u00bb, \u00ab Pr\u00e9parer nos enfants au sujet de la sexualit\u00e9 \u00bb, \u00ab Les femmes et les relations bris\u00e9es \u00bb, \u00ab Femme: d\u00e9couvre ta valeur \u00bb, \u00ab La famille sous l\u2019attaque \u00bb, et \u00ab Femmes qui transcendent \u00bb.<\/p>\n<p>Parmi les activit\u00e9s, les participantes ont rencontr\u00e9 d\u2019autres femmes, elles ont \u00e9chang\u00e9 des souvenirs de leurs pays et ont pri\u00e9 pour chaque requ\u00eate des autres. Les femmes ont aussi partag\u00e9 les exp\u00e9riences interculturelles, dans lesquelles elles avaient l\u2019opportunit\u00e9 d\u2019apprendre un peu plus au sujet des pays repr\u00e9sent\u00e9s \u00e0 la conf\u00e9rence. Chaque pays a arrang\u00e9 une table montrant drapeaux, costumes, souvenirs, friandises et des chants typiques.<\/p>\n<p>La soeur Olga Sofia Castaneda, la directrice des Femmes de l\u2019Alliance de Colombie, a parl\u00e9 sur le th\u00e8me \u00ab Destin\u00e9e \u00e0 r\u00e9pandre l\u2019\u00e9vangile \u00bb. Olga a expliqu\u00e9 que les femmes \u00e9taient destin\u00e9es sous un plan parfait et pour des desseins \u00e9ternels. Elles \u00e9taient tromp\u00e9es, cependant, pour que leur dessein ne f\u00fbt pas accompli, mais J\u00e9sus les ramen\u00e9es \u00e0 leur dessein original. \u00ab Pourquoi J\u00e9sus nous rappelle-t-il? A r\u00e9pandre l\u2019\u00e9vangile \u00bb, elle a assur\u00e9. Olga a termin\u00e9 son message avec une invitation aux participantes de quitter le congr\u00e8s avec le d\u00e9fi de pr\u00e9senter le Cr\u00e9ateur \u00e0 d\u2019autres femmes qui ne le connaissent pas.<\/p>\n<p>Nous louons Dieu pour ce temps b\u00e9ni d\u2019adoration, de communion, partageant la Parole de Dieu, et priant les unes pur les autres.<\/p>\n<p>Si vous voulez regarder les services du soir, vous pouvez le faire en acc\u00e9dant au <a href=\"https:\/\/youtu.be\/J5uML-HXL20\" target=\"_blank\" rel=\"noopener\">canal YouTube de la CMA Colombie<\/a> ou le <a href=\"https:\/\/www.facebook.com\/ConfraternidadLatinoamericanaAliancista\" target=\"_blank\" rel=\"noopener\">compte Facebook de CLA<\/a>.<\/p>\n","protected":false},"author":24,"featured_media":31827,"template":"","meta":{"inline_featured_image":false,"ngg_post_thumbnail":0,"_EventAllDay":false,"_EventTimezone":"","_EventStartDate":"","_EventEndDate":"","_EventStartDateUTC":"","_EventEndDateUTC":"","_EventShowMap":false,"_EventShowMapLink":false,"_EventURL":"","_EventCost":"","_EventCostDescription":"","_EventCurrencySymbol":"","_EventCurrencyCode":"","_EventCurrencyPosition":"","_EventDateTimeSeparator":"","_EventTimeRangeSeparator":"","_EventOrganizerID":[],"_EventVenueID":[],"_OrganizerEmail":"","_OrganizerPhone":"","_OrganizerWebsite":"","_VenueAddress":"","_VenueCity":"","_VenueCountry":"","_VenueProvince":"","_VenueState":"","_VenueZip":"","_VenuePhone":"","_VenueURL":"","_VenueStateProvince":"","_VenueLat":"","_VenueLng":"","_VenueShowMap":false,"_VenueShowMapLink":false},"categories":[152,929,33],"tags":[193],"class_list":["post-31843","awf-news","type-awf-news","status-publish","has-post-thumbnail","hentry","category-latin-america-fr","category-ministeres-de-la-femme","category-news-fr","tag-latin-america"],"_links":{"self":[{"href":"https:\/\/awf.world\/fr\/wp-json\/wp\/v2\/awf-news\/31843","targetHints":{"allow":["GET"]}}],"collection":[{"href":"https:\/\/awf.world\/fr\/wp-json\/wp\/v2\/awf-news"}],"about":[{"href":"https:\/\/awf.world\/fr\/wp-json\/wp\/v2\/types\/awf-news"}],"author":[{"embeddable":true,"href":"https:\/\/awf.world\/fr\/wp-json\/wp\/v2\/users\/24"}],"wp:featuredmedia":[{"embeddable":true,"href":"https:\/\/awf.world\/fr\/wp-json\/wp\/v2\/media\/31827"}],"wp:attachment":[{"href":"https:\/\/awf.world\/fr\/wp-json\/wp\/v2\/media?parent=31843"}],"wp:term":[{"taxonomy":"category","embeddable":true,"href":"https:\/\/awf.world\/fr\/wp-json\/wp\/v2\/categories?post=31843"},{"taxonomy":"post_tag","embeddable":true,"href":"https:\/\/awf.world\/fr\/wp-json\/wp\/v2\/tags?post=31843"}],"curies":[{"name":"wp","href":"https:\/\/api.w.org\/{rel}","templated":true}]}}