{"id":31672,"date":"2022-10-10T09:49:42","date_gmt":"2022-10-10T12:49:42","guid":{"rendered":"https:\/\/awf.world\/?post_type=awf-news&#038;p=31672"},"modified":"2023-01-19T14:07:51","modified_gmt":"2023-01-19T17:07:51","slug":"les-femmes-de-lalliance-du-monde-entier-sont-encouragees-a-perseverer","status":"publish","type":"awf-news","link":"https:\/\/awf.world\/fr\/awf-news\/les-femmes-de-lalliance-du-monde-entier-sont-encouragees-a-perseverer\/","title":{"rendered":"Les Femmes de l\u2019Alliance du Monde Entier sont Encourag\u00e9es \u00e0 \u00ab Pers\u00e9v\u00e9rer \u00bb"},"content":{"rendered":"<h3 style=\"text-align: justify;\">Vous arrive-t-il de vous sentir d\u00e9courag\u00e9 dans votre marche dans la foi ou dans votre leadership ? Qu\u2019est-ce qui peut vous apporter \u00ab un vent frais dans vos voiles \u00bb alors que vous avancez dans votre vie et dans votre leadership ? Les femmes de l\u2019Alliance du monde entier ont \u00e9t\u00e9 encourag\u00e9es lors d\u2019une r\u00e9cente r\u00e9union sur Zoom de l\u2019Union Mondiale de l\u2019Alliance (UMA). Plus de trente femmes, repr\u00e9sentant quinze pays des cinq r\u00e9gions de l\u2019UMA, se sont r\u00e9unies pour le culte, l\u2019enseignement, la discussion et la pri\u00e8re.<\/h3>\n<p><img loading=\"lazy\" decoding=\"async\" class=\"alignright size-medium wp-image-31660\" src=\"https:\/\/awf.world\/wp-content\/uploads\/2022\/10\/AWF-Women-Ministries_Leadership-Event_2022-09-173-300x169.png\" alt=\"\" width=\"300\" height=\"169\" srcset=\"https:\/\/awf.world\/wp-content\/uploads\/2022\/10\/AWF-Women-Ministries_Leadership-Event_2022-09-173-300x169.png 300w, https:\/\/awf.world\/wp-content\/uploads\/2022\/10\/AWF-Women-Ministries_Leadership-Event_2022-09-173-1024x576.png 1024w, https:\/\/awf.world\/wp-content\/uploads\/2022\/10\/AWF-Women-Ministries_Leadership-Event_2022-09-173-768x432.png 768w, https:\/\/awf.world\/wp-content\/uploads\/2022\/10\/AWF-Women-Ministries_Leadership-Event_2022-09-173-1536x864.png 1536w, https:\/\/awf.world\/wp-content\/uploads\/2022\/10\/AWF-Women-Ministries_Leadership-Event_2022-09-173.png 1920w\" sizes=\"auto, (max-width: 300px) 100vw, 300px\" \/><\/p>\n<p>Thamar Zanarini de Jordanie a men\u00e9 le culte, nous rappelant que le Seigneur est notre lumi\u00e8re, notre salut et la force de notre vie.<\/p>\n<p>Jen Vogel (Directrice Nationale du Minist\u00e8re des Femmes de l\u2019Alliance aux \u00c9tats-Unis) a encourag\u00e9 les femmes \u00e0 \u00ab s\u2019attarder plus longtemps \u00bb dans la Parole de Dieu chaque jour. Celle-ci souligne que permettre \u00e0 l\u2019Esprit Saint et \u00e0 la Parole de Dieu de travailler dans nos c\u0153urs prend du temps. Elle a partag\u00e9 ceci : \u00ab en tant que dirigeants, nous faisons souvent des sorties ensemble. Nous nous r\u00e9unissons r\u00e9guli\u00e8rement avec nos \u00e9quipes de direction. Nous nous retrouvons souvent assis autour de la table avec nos familles. Nous ouvrons quotidiennement la Parole de Dieu. De nombreux passages de sa Parole nous sont peut-\u00eatre devenus tr\u00e8s familiers&#8230; Mais en tant que leaders, nous devons grandir continuellement \u00bb. Jen a recommand\u00e9 une fa\u00e7on d\u2019interagir avec les \u00e9critures qui peut apporter une nouvelle perspective et une nouvelle compr\u00e9hension. Elle a d\u00e9clar\u00e9 : \u00ab Lorsque vous lisez les \u00e9critures, ralentissez, faites une pause pour r\u00e9fl\u00e9chir, imaginez et \u00e9coutez \u00bb.<\/p>\n<p><img loading=\"lazy\" decoding=\"async\" class=\"alignleft size-medium wp-image-31663\" src=\"https:\/\/awf.world\/wp-content\/uploads\/2022\/10\/AWF-Women-Ministries_Leadership-Event_2022-09-174-300x169.png\" alt=\"\" width=\"300\" height=\"169\" srcset=\"https:\/\/awf.world\/wp-content\/uploads\/2022\/10\/AWF-Women-Ministries_Leadership-Event_2022-09-174-300x169.png 300w, https:\/\/awf.world\/wp-content\/uploads\/2022\/10\/AWF-Women-Ministries_Leadership-Event_2022-09-174-1024x576.png 1024w, https:\/\/awf.world\/wp-content\/uploads\/2022\/10\/AWF-Women-Ministries_Leadership-Event_2022-09-174-768x432.png 768w, https:\/\/awf.world\/wp-content\/uploads\/2022\/10\/AWF-Women-Ministries_Leadership-Event_2022-09-174-1536x864.png 1536w, https:\/\/awf.world\/wp-content\/uploads\/2022\/10\/AWF-Women-Ministries_Leadership-Event_2022-09-174.png 1920w\" sizes=\"auto, (max-width: 300px) 100vw, 300px\" \/><\/p>\n<p>Jen a d\u00e9crit une exp\u00e9rience r\u00e9cente lors de sa lecture de l\u2019Evangile de Luc. Un matin, elle a commenc\u00e9 sa lecture quotidienne de la Bible \u00e0 Luc 4 : 16. \u00ab Il [J\u00e9sus] se rendit \u00e0 Nazareth, o\u00f9 il avait \u00e9t\u00e9 \u00e9lev\u00e9, et, selon sa coutume, il entra dans la synagogue le jour du sabbat. Il se leva pour faire la lecture \u00bb. Jen a dit : \u00ab Je me suis arr\u00eat\u00e9 l\u00e0. Je me suis attard\u00e9e. Je n\u2019ai pas lu jusqu\u2019au verset suivant parce que j\u2019\u00e9tais captiv\u00e9e par cette pens\u00e9e : J\u00e9sus est dans un lieu familier, la synagogue de Nazareth, o\u00f9 il avait grandi. Pourtant, ce jour-l\u00e0, J\u00e9sus \u00e9tait pr\u00eat \u00e0 faire quelque chose de nouveau. J\u2019ai continu\u00e9 \u00e0 m\u2019attarder sur cette pens\u00e9e, en examinant ce moment dans son contexte. J\u2019ai repens\u00e9 \u00e0 ce qui s\u2019\u00e9tait pass\u00e9 r\u00e9cemment dans la vie de J\u00e9sus, \u00e0 son bapt\u00eame, aux 40 jours d\u2019\u00e9preuve dans le d\u00e9sert, et j\u2019ai attendu avec impatience la proclamation \u00e9tonnante qu\u2019il allait faire au verset 21. J\u2019ai pris mon journal et j\u2019ai commenc\u00e9 \u00e0 \u00e9crire quelques notes. J\u2019ai laiss\u00e9 le Saint-Esprit guider mes pens\u00e9es, et j\u2019ai commenc\u00e9 \u00e0 appr\u00e9cier plus profond\u00e9ment la signification de ce moment \u00bb.<\/p>\n<p>Apr\u00e8s avoir \u00e9t\u00e9 encourag\u00e9es par la Parole, les femmes ont re\u00e7u trois questions \u00e0 d\u00e9battre pendant qu\u2019elles passaient du temps ensemble par groupes de trois ou quatre. Les questions \u00e9taient les suivantes :<\/p>\n<ul>\n<li>Comment pourriez-vous \u00ab vous attarder plus longtemps \u00bb dans la Parole de Dieu ?<\/li>\n<li>Comment l\u2019\u00e9tude de la Parole de Dieu vous a-t-elle \u00e9quip\u00e9e pour le leadership ?<\/li>\n<li>Comment pouvons-nous prier pour votre interaction avec la Parole de Dieu ?<\/li>\n<\/ul>\n<p>Les femmes ont appr\u00e9ci\u00e9 l\u2019opportunit\u00e9 de partager et de prier ensemble, reconnaissant qu\u2019il est bon d\u2019affronter les difficult\u00e9s avec honn\u00eatet\u00e9 et dans la pri\u00e8re. Une participante a d\u00e9clar\u00e9 : \u00ab Nous avons du mal \u00e0 trouver la solitude et le silence pour entendre la voix de Dieu \u00bb. Un autre a partag\u00e9 : \u00ab Je me rends compte que je dois consacrer plus de temps \u00e0 Dieu. Cela a \u00e9t\u00e9 utile et une b\u00e9n\u00e9diction pour ma vie \u00bb.<\/p>\n<p>Jen a d\u00e9clar\u00e9 dans son commentaire final : \u00ab J\u2019ai confiance que si vous envisagez de mettre en pratique certains de ces principes (\u00ab s\u2019attarder plus longtemps dans la parole de Dieu \u00bb), vous vous sentirez renouvel\u00e9es&#8230; capables&#8230; et qualifi\u00e9es pour apporter quelque chose de nouveau dans votre minist\u00e8re pour la gloire de Dieu et l\u2019avancement de son Royaume \u00bb.<\/p>\n<p>Les responsables des minist\u00e8res des femmes de l\u2019UMA louent Dieu pour sa Parole et l\u2019opportunit\u00e9 d\u2019encourager les femmes du monde entier dans leur marche avec le Christ. Nous remercions tout particuli\u00e8rement le r\u00e9v\u00e9rend Priskila Paksoal (Indon\u00e9sie) pour son r\u00f4le de mod\u00e9rateur, Ana Cuevas (\u00c9tats-Unis) pour la pri\u00e8re d\u2019ouverture et Christine Amani (C\u00f4te d\u2019Ivoire) pour la pri\u00e8re de cl\u00f4ture.<\/p>\n<p>Nous encourageons toutes les femmes \u00e0 s\u2019inscrire pour recevoir des informations sur les futurs rassemblements dans les domaines du leadership, de la pri\u00e8re et des missions, des professionnels et de la carri\u00e8re, et des \u00e9pouses de pasteurs en <a href=\"https:\/\/awf.world\/fr\/ministeres-des-femmes-de-luma\/\" target=\"_blank\" rel=\"noopener\">visitant notre page web<\/a>.<\/p>\n","protected":false},"author":24,"featured_media":31670,"template":"","meta":{"inline_featured_image":false,"ngg_post_thumbnail":0,"_EventAllDay":false,"_EventTimezone":"","_EventStartDate":"","_EventEndDate":"","_EventStartDateUTC":"","_EventEndDateUTC":"","_EventShowMap":false,"_EventShowMapLink":false,"_EventURL":"","_EventCost":"","_EventCostDescription":"","_EventCurrencySymbol":"","_EventCurrencyCode":"","_EventCurrencyPosition":"","_EventDateTimeSeparator":"","_EventTimeRangeSeparator":"","_EventOrganizerID":[],"_EventVenueID":[],"_OrganizerEmail":"","_OrganizerPhone":"","_OrganizerWebsite":"","_VenueAddress":"","_VenueCity":"","_VenueCountry":"","_VenueProvince":"","_VenueState":"","_VenueZip":"","_VenuePhone":"","_VenueURL":"","_VenueStateProvince":"","_VenueLat":"","_VenueLng":"","_VenueShowMap":false,"_VenueShowMapLink":false},"categories":[929,33],"tags":[266],"class_list":["post-31672","awf-news","type-awf-news","status-publish","has-post-thumbnail","hentry","category-ministeres-de-la-femme","category-news-fr","tag-femmes-ministere"],"_links":{"self":[{"href":"https:\/\/awf.world\/fr\/wp-json\/wp\/v2\/awf-news\/31672","targetHints":{"allow":["GET"]}}],"collection":[{"href":"https:\/\/awf.world\/fr\/wp-json\/wp\/v2\/awf-news"}],"about":[{"href":"https:\/\/awf.world\/fr\/wp-json\/wp\/v2\/types\/awf-news"}],"author":[{"embeddable":true,"href":"https:\/\/awf.world\/fr\/wp-json\/wp\/v2\/users\/24"}],"wp:featuredmedia":[{"embeddable":true,"href":"https:\/\/awf.world\/fr\/wp-json\/wp\/v2\/media\/31670"}],"wp:attachment":[{"href":"https:\/\/awf.world\/fr\/wp-json\/wp\/v2\/media?parent=31672"}],"wp:term":[{"taxonomy":"category","embeddable":true,"href":"https:\/\/awf.world\/fr\/wp-json\/wp\/v2\/categories?post=31672"},{"taxonomy":"post_tag","embeddable":true,"href":"https:\/\/awf.world\/fr\/wp-json\/wp\/v2\/tags?post=31672"}],"curies":[{"name":"wp","href":"https:\/\/api.w.org\/{rel}","templated":true}]}}