{"id":31640,"date":"2022-09-12T11:36:17","date_gmt":"2022-09-12T14:36:17","guid":{"rendered":"https:\/\/awf.world\/awf-news\/les-pasteurs-dangola-sont-reconnaissants-de-votre-soutien\/"},"modified":"2023-01-19T14:20:23","modified_gmt":"2023-01-19T17:20:23","slug":"les-pasteurs-dangola-sont-reconnaissants-de-votre-soutien","status":"publish","type":"awf-news","link":"https:\/\/awf.world\/fr\/awf-news\/les-pasteurs-dangola-sont-reconnaissants-de-votre-soutien\/","title":{"rendered":"Les Pasteurs d\u2019Angola Sont Reconnaissants de Votre Soutien"},"content":{"rendered":"<h3 style=\"text-align: justify;\">Un pourcentage \u00e9lev\u00e9 de pasteurs en Angola (90%) sont otages de leur condition sociale. Leur mode de vie les oblige \u00e0 d\u00e9pendre presque enti\u00e8rement des restes financiers insuffisants qu\u2019ils obtiennent occasionnellement de leurs \u00e9glises locales. Nous louons Dieu pour nos fid\u00e8les partenaires qui ont b\u00e9ni les pasteurs en leur offrant une aide pour am\u00e9liorer leurs conditions de vie.<\/h3>\n<p>Une partie de la R\u00e9ponse Mondiale de l\u2019UMA au COVID-19 \u00e9tait le Projet de Secours pour les Pasteurs. Ce projet s\u2019est concentr\u00e9 sur les pasteurs et les familles qui vivaient dans des conditions extr\u00eames en raison de la pand\u00e9mie. La R\u00e9gion Afrique de l\u2019UMA, y compris les Personnes D\u00e9plac\u00e9es Internes (PDI) dans la partie nord de l\u2019Afrique, a re\u00e7u ce soutien. L\u2019un des pays s\u00e9lectionn\u00e9s pour participer au projet \u00e9tait l\u2019Angola, o\u00f9 un total de 18 familles ont \u00e9t\u00e9 aid\u00e9es.<\/p>\n<p>Le conseil d\u2019administration de la CMA d\u2019Angola (ICAA) a rassembl\u00e9 tous les pasteurs pour leur distribuer les dons. Ils ont \u00e9t\u00e9 par la suite instruits sur les fins pour lesquelles les fonds ont \u00e9t\u00e9 lev\u00e9s. Le conseil d\u2019administration a re\u00e7u de nombreux commentaires positifs suite \u00e0 cet \u00e9v\u00e9nement.<\/p>\n<p>Certains pasteurs ont pu payer les frais de scolarit\u00e9 de leurs enfants, d\u2019autres ont utilis\u00e9 les fonds pour des questions de sant\u00e9, et d\u2019autres encore ont utilis\u00e9 l\u2019aide pour subvenir aux besoins de leur foyer. En outre, beaucoup d\u2019entre eux ont utilis\u00e9 une partie de l\u2019argent pour leurs petits projets commerciaux, comme l\u2019\u00e9levage de poulets, l\u2019\u00e9levage de porcs et la plantation.<\/p>\n<p>Le pasteur Patricio Chibinda, l\u2019un des b\u00e9n\u00e9ficiaires du projet, a partag\u00e9 son t\u00e9moignage avec nous : \u00ab J\u2019ai re\u00e7u cette aide de votre part, et je suis reconnaissant d\u2019avoir eu un tel soutien. Cela m\u2019a apport\u00e9 beaucoup de bonnes choses dans ma vie, cela a contribu\u00e9 \u00e0 ma vie spirituelle, \u00e0 mon minist\u00e8re, \u00e0 ma sant\u00e9, \u00e0 ma petite entreprise, et m\u2019a permis d\u2019\u00e9tablir de bonnes relations avec mon voisinage \u00bb.<\/p>\n<p>Le pasteur Chibinda a partag\u00e9 avec joie : \u00ab Dans ma vie spirituelle, cela m\u2019a aid\u00e9 \u00e0 \u00eatre plus optimiste. J\u2019ai beaucoup plus d\u2019\u00e9nergie et cela a soulag\u00e9 mon \u00e2me des nombreux probl\u00e8mes que je rencontre dans ma vie quotidienne. Dans mon minist\u00e8re, le soutien m\u2019a motiv\u00e9 et m\u2019a permis d\u2019\u00eatre plus performant qu\u2019avant. Je suis encore plus motiv\u00e9e \u00e0 investir davantage dans l\u2019\u00e9glise. En ce qui concerne ma sant\u00e9, j\u2019ai eu un rendez-vous chez le m\u00e9decin et j\u2019ai \u00e9galement consult\u00e9 un sp\u00e9cialiste qui avait \u00e9t\u00e9 annul\u00e9 auparavant pour des raisons financi\u00e8res. Et j\u2019ai lanc\u00e9 une petite entreprise pour pouvoir payer plus de d\u00e9penses \u00bb.<\/p>\n<p>\u00ab Autour de l\u2019\u00e9glise o\u00f9 je travaille en tant que pasteur, les gens pouvaient voir que nous recevions de l\u2019aide de votre part, et je pouvais \u00e9galement les partager avec certains d\u2019entre eux. Cela a contribu\u00e9 \u00e0 \u00e9tablir de bonnes relations entre ma famille et les communaut\u00e9s qui nous entourent, ainsi qu\u2019avec les membres de notre \u00e9glise. Ma famille est \u00e9galement motiv\u00e9e par ce grand soutien que nous avons re\u00e7u, et cela a influenc\u00e9 positivement notre relation avec le chef de l\u2019\u00e9glise CMA d\u2019Angola \u00bb.<\/p>\n<p>\u00ab Et enfin \u00bb, dit le pasteur Chibinda, \u00ab l\u2019aide apport\u00e9e aux pasteurs dans le besoin a contribu\u00e9 \u00e0 am\u00e9liorer la vie de ma famille, de l\u2019\u00e9glise et des communaut\u00e9s o\u00f9 se trouve l\u2019ICAA \u00bb.<\/p>\n<p>L\u2019UMA tient \u00e0 dire un grand merci \u00e0 nos fid\u00e8les partenaires commanditaires pour leur soutien durant cette p\u00e9riode sp\u00e9ciale et pour avoir \u00e9t\u00e9 une b\u00e9n\u00e9diction pour de nombreux pasteurs, familles et communaut\u00e9s. Nous r\u00eavons tous de jours meilleurs, et pour certains d\u2019entre eux, ce r\u00eave est devenu r\u00e9alit\u00e9 !<\/p>\n<p>Continuons \u00e0 prier pour nos fr\u00e8res et s\u0153urs du monde entier, et pour les d\u00e9fis quotidiens auxquels ils sont confront\u00e9s.<\/p>\n","protected":false},"author":24,"featured_media":31633,"template":"","meta":{"inline_featured_image":false,"ngg_post_thumbnail":0,"_EventAllDay":false,"_EventTimezone":"","_EventStartDate":"","_EventEndDate":"","_EventStartDateUTC":"","_EventEndDateUTC":"","_EventShowMap":false,"_EventShowMapLink":false,"_EventURL":"","_EventCost":"","_EventCostDescription":"","_EventCurrencySymbol":"","_EventCurrencyCode":"","_EventCurrencyPosition":"","_EventDateTimeSeparator":"","_EventTimeRangeSeparator":"","_EventOrganizerID":[],"_EventVenueID":[],"_OrganizerEmail":"","_OrganizerPhone":"","_OrganizerWebsite":"","_VenueAddress":"","_VenueCity":"","_VenueCountry":"","_VenueProvince":"","_VenueState":"","_VenueZip":"","_VenuePhone":"","_VenueURL":"","_VenueStateProvince":"","_VenueLat":"","_VenueLng":"","_VenueShowMap":false,"_VenueShowMapLink":false},"categories":[284,33,954],"tags":[273],"class_list":["post-31640","awf-news","type-awf-news","status-publish","has-post-thumbnail","hentry","category-afrique","category-news-fr","category-secours-developpement","tag-secours-et-developpement"],"_links":{"self":[{"href":"https:\/\/awf.world\/fr\/wp-json\/wp\/v2\/awf-news\/31640","targetHints":{"allow":["GET"]}}],"collection":[{"href":"https:\/\/awf.world\/fr\/wp-json\/wp\/v2\/awf-news"}],"about":[{"href":"https:\/\/awf.world\/fr\/wp-json\/wp\/v2\/types\/awf-news"}],"author":[{"embeddable":true,"href":"https:\/\/awf.world\/fr\/wp-json\/wp\/v2\/users\/24"}],"wp:featuredmedia":[{"embeddable":true,"href":"https:\/\/awf.world\/fr\/wp-json\/wp\/v2\/media\/31633"}],"wp:attachment":[{"href":"https:\/\/awf.world\/fr\/wp-json\/wp\/v2\/media?parent=31640"}],"wp:term":[{"taxonomy":"category","embeddable":true,"href":"https:\/\/awf.world\/fr\/wp-json\/wp\/v2\/categories?post=31640"},{"taxonomy":"post_tag","embeddable":true,"href":"https:\/\/awf.world\/fr\/wp-json\/wp\/v2\/tags?post=31640"}],"curies":[{"name":"wp","href":"https:\/\/api.w.org\/{rel}","templated":true}]}}