{"id":31599,"date":"2022-07-21T14:41:25","date_gmt":"2022-07-21T17:41:25","guid":{"rendered":"https:\/\/awf.world\/awf-news\/le-manifeste-de-guayaquil-defis\/"},"modified":"2023-01-19T15:00:01","modified_gmt":"2023-01-19T18:00:01","slug":"le-manifeste-de-guayaquil-defis","status":"publish","type":"awf-news","link":"https:\/\/awf.world\/fr\/awf-news\/le-manifeste-de-guayaquil-defis\/","title":{"rendered":"Le Manifeste de Guayaquil &#8211; D\u00e9fis"},"content":{"rendered":"<p>Le <a href=\"https:\/\/awf.world\/fr\/awf-news\/manifeste-de-guayaquil\/\" target=\"_blank\" rel=\"noopener\">Manifeste de Guayaquil<\/a>, approuv\u00e9 lors de la derni\u00e8re Quadriennale de l\u2019UMA, vise \u00e0 pr\u00e9senter notre r\u00e9ponse aux d\u00e9fis auxquels nous sommes confront\u00e9s aujourd\u2019hui en tant que mouvement missionnaire. Ceci est la premi\u00e8re d\u2019une s\u00e9rie de r\u00e9flexions sur le manifeste qui seront r\u00e9dig\u00e9es par les membres de la <a href=\"https:\/\/awf.world\/fr\/education-theologique\/\" target=\"_blank\" rel=\"noopener\">Commission Internationale d\u2019\u00c9ducation Th\u00e9ologique<\/a> de l\u2019UMA. Ces r\u00e9flexions visent \u00e0 renforcer notre identit\u00e9 en tant que mouvement missionnaire christocentrique.<\/p>\n<p>Il va sans dire que J\u00e9sus-Christ \u00e9tait un homme de son temps, de sa culture, avec une connaissance approfondie de sa religion, et de la politique h\u00e9bra\u00efque-nationaliste et romaine. J\u00e9sus n\u2019\u00e9tait pas ignorant de son \u00e9poque, mais il \u00e9tait capable d\u2019exprimer son \u00e9vangile \u00e0 la soci\u00e9t\u00e9.<\/p>\n<p>Nous vivons une \u00e9poque dont aucun d\u2019entre nous n\u2019aurait m\u00eame r\u00eav\u00e9 il y a quelque temps. La pand\u00e9mie de COVID-19 a eu un impact sanitaire grave, mais elle a \u00e9galement \u00e9t\u00e9 une p\u00e9riode qui a inaugur\u00e9 des transformations sociales, n\u00e9es principalement du nouveau concept de l\u2019\u00c9tat pendant la pand\u00e9mie. L\u2019\u00c9tat a ordonn\u00e9 que nous soyons enferm\u00e9s chez nous et, entre autres, interdit l\u2019exercice religieux et la fermeture des lieux de culte publics. Pour aider les innombrables millions de personnes appauvries par le COVID-19, l\u2019\u00c9tat a d\u00fb r\u00e9pondre par de profondes restrictions \u00e9conomiques et des d\u00e9penses flagrantes. Les monnaies se sont in\u00e9vitablement d\u00e9valu\u00e9es et la dette nationale \u00e0 augmenter de fa\u00e7on spectaculaire. L\u2019inflation est devenue partie int\u00e9grante de nos \u00e9conomies. Il est int\u00e9ressant de noter que la nouvelle interpr\u00e9tation de l\u2019autorit\u00e9 de l\u2019\u00c9tat ne s\u2019est pas traduite par un sentiment de pers\u00e9cution, ni par une forte opposition. Au contraire, nous nous sommes sentis prot\u00e9g\u00e9s. D\u2019une certaine mani\u00e8re, la pand\u00e9mie a arr\u00eat\u00e9 le monde et, d\u2019une certaine mani\u00e8re, elle nous a int\u00e9gr\u00e9s dans de nouveaux modes d\u2019existence.<\/p>\n<p>Certes, la pand\u00e9mie a engendr\u00e9 plus de pauvret\u00e9, plus de mis\u00e8re, et a stimul\u00e9 les mouvements d\u2019immigration au point que nous avons aujourd\u2019hui une d\u00e9mographie mondiale changeante. Personne n\u2019\u00e9tait honn\u00eatement pr\u00e9par\u00e9 \u00e0 ces changements sociaux. Les migrations massives se sont accompagn\u00e9es d\u2019une augmentation spectaculaire du nombre de personnes d\u00e9plac\u00e9es \u00e0 l\u2019int\u00e9rieur de leur propre pays (PDI). Rien ne l\u2019a mieux mis en \u00e9vidence ces derniers temps que la surprenante et inexplicable guerre entre la Russie et l\u2019Ukraine. Sans en discuter les causes ni m\u00eame les cons\u00e9quences, la guerre a mis \u00e0 l\u2019\u00e9preuve les grandes institutions (OTAN ; ONU), montrant la faiblesse politique et morale de ces entit\u00e9s.<\/p>\n<p>Comment r\u00e9pondre \u00e0 ces d\u00e9fis structurels ? L\u2019Alliance doit revenir \u00e0 l\u2019adage selon lequel il faut \u00ab comprendre les temps \u00bb (Issachar, 1 Chroniques). L\u2019\u00e9picentre du pouvoir a chang\u00e9. Il ne s\u2019agit plus d\u2019une question d\u2019Ouest en Est. Nous voulons savoir dans quelle mesure cela affecte l\u2019\u00e9glise, et son engagement \u00e0 \u00e9vang\u00e9liser le monde. Pouvons-nous insister comme nous l\u2019avions fait il y a quelques ann\u00e9es sur le fait que l\u2019\u00e9picentre des missions avait chang\u00e9 du Nord au Sud ? Je pense personnellement que cette affirmation d\u00e9fendue pr\u00e9c\u00e9demment, ne pourra jamais, m\u00eame aujourd\u2019hui, tenir debout. La mondialisation en tant que concept marque, d\u2019une certaine mani\u00e8re, la disparition des philosophies minist\u00e9rielles bas\u00e9es sur les quatre points cardinaux de la boussole. L\u2019\u00c9tat actuel du monde aurait d\u00fb nous obliger \u00e0 red\u00e9finir les r\u00f4les et les comportements missionnaires. Il manquait une g\u00e9opolitique missionnaire qui r\u00e9ponde \u00e0 de nouvelles composantes telles que : la diaspora et son importance, l\u2019immigration, et \u00e9viter la n\u00e9gligence d\u2019un r\u00e9ductionnisme missionnaire qui nous aveugle aux grandes r\u00e9alit\u00e9s d\u2019un monde globalis\u00e9 qui ne sont pas atteintes par l\u2019\u00e9vangile.<\/p>\n<p>De toute \u00e9vidence, nous ne pouvons ignorer que des centaines de missionnaires de l\u2019Alliance offrent aujourd\u2019hui leurs vies au service du Seigneur. Il n\u2019y a aucun doute l\u00e0-dessus. Mais l\u2019Alliance doit naviguer sur de nouvelles mers et pour cela, elle doit : (1) elle doit s\u2019entendre sur des strat\u00e9gies missionnaires actualis\u00e9es pour ce si\u00e8cle ; (2) elle doit travailler avec une mentalit\u00e9 d\u2019union et de travail d\u2019\u00e9quipe face au d\u00e9fi missionnaire ; (3) elle doit \u00e9lever les normes du service missionnaire ; (4) le vieux slogan est toujours valable, \u00ab donne-moi le monde o\u00f9 je meurs \u00bb ; il ne s\u2019agit pas simplement d\u2019une touche de po\u00e9sie poignante, cette passion doit \u00eatre la r\u00e9alit\u00e9 ; (5) l\u2019Alliance doit red\u00e9finir les r\u00f4les de ses contingents missionnaires et les investissements de ressources \u00e9conomiques et sans doute ; (6) tout cela doit \u00eatre fait dans un climat de profonde pri\u00e8re, d\u2019humilit\u00e9, de respect et de fraternit\u00e9. Au milieu de tout cela, nous pouvons nous reposer dans la connaissance que Dieu, comme toujours, travaillera dans la b\u00e9n\u00e9diction.<\/p>\n","protected":false},"author":24,"featured_media":31571,"template":"","meta":{"inline_featured_image":false,"ngg_post_thumbnail":0,"_EventAllDay":false,"_EventTimezone":"","_EventStartDate":"","_EventEndDate":"","_EventStartDateUTC":"","_EventEndDateUTC":"","_EventShowMap":false,"_EventShowMapLink":false,"_EventURL":"","_EventCost":"","_EventCostDescription":"","_EventCurrencySymbol":"","_EventCurrencyCode":"","_EventCurrencyPosition":"","_EventDateTimeSeparator":"","_EventTimeRangeSeparator":"","_EventOrganizerID":[],"_EventVenueID":[],"_OrganizerEmail":"","_OrganizerPhone":"","_OrganizerWebsite":"","_VenueAddress":"","_VenueCity":"","_VenueCountry":"","_VenueProvince":"","_VenueState":"","_VenueZip":"","_VenuePhone":"","_VenueURL":"","_VenueStateProvince":"","_VenueLat":"","_VenueLng":"","_VenueShowMap":false,"_VenueShowMapLink":false},"categories":[853,33],"tags":[345],"class_list":["post-31599","awf-news","type-awf-news","status-publish","has-post-thumbnail","hentry","category-education-theologique","category-news-fr","tag-commission-internationale-pour-leducation-theologique"],"_links":{"self":[{"href":"https:\/\/awf.world\/fr\/wp-json\/wp\/v2\/awf-news\/31599","targetHints":{"allow":["GET"]}}],"collection":[{"href":"https:\/\/awf.world\/fr\/wp-json\/wp\/v2\/awf-news"}],"about":[{"href":"https:\/\/awf.world\/fr\/wp-json\/wp\/v2\/types\/awf-news"}],"author":[{"embeddable":true,"href":"https:\/\/awf.world\/fr\/wp-json\/wp\/v2\/users\/24"}],"wp:featuredmedia":[{"embeddable":true,"href":"https:\/\/awf.world\/fr\/wp-json\/wp\/v2\/media\/31571"}],"wp:attachment":[{"href":"https:\/\/awf.world\/fr\/wp-json\/wp\/v2\/media?parent=31599"}],"wp:term":[{"taxonomy":"category","embeddable":true,"href":"https:\/\/awf.world\/fr\/wp-json\/wp\/v2\/categories?post=31599"},{"taxonomy":"post_tag","embeddable":true,"href":"https:\/\/awf.world\/fr\/wp-json\/wp\/v2\/tags?post=31599"}],"curies":[{"name":"wp","href":"https:\/\/api.w.org\/{rel}","templated":true}]}}