{"id":31590,"date":"2022-08-18T10:42:26","date_gmt":"2022-08-18T13:42:26","guid":{"rendered":"https:\/\/awf.world\/awf-news\/connaissez-darren-herbold-le-nouveau-president-de-leglise-cma-du-canada\/"},"modified":"2023-01-19T14:57:08","modified_gmt":"2023-01-19T17:57:08","slug":"connaissez-darren-herbold-le-nouveau-president-de-leglise-cma-du-canada","status":"publish","type":"awf-news","link":"https:\/\/awf.world\/fr\/awf-news\/connaissez-darren-herbold-le-nouveau-president-de-leglise-cma-du-canada\/","title":{"rendered":"Connaissez Darren Herbold, le Nouveau Pr\u00e9sident de l\u2019\u00c9glise CMA du Canada"},"content":{"rendered":"<h3 style=\"text-align: justify;\">Le r\u00e9v\u00e9rend Darren Herbold est au service de l\u2019Alliance canadienne depuis plus de 15 ans. Une partie de son minist\u00e8re s\u2019est d\u00e9roul\u00e9e en Tha\u00eflande et en Asie du Sud-Est en tant que travailleur international et d\u00e9veloppeur r\u00e9gional. En tant que nouveau pr\u00e9sident, il a la passion de voir l\u2019Alliance Canada prosp\u00e9rer en tant que mouvement centr\u00e9 sur le Christ, anim\u00e9 par l\u2019Esprit et ax\u00e9 sur la mission.<\/h3>\n<p>Le r\u00e9v\u00e9rend Darren Herbold est n\u00e9 le 17 ao\u00fbt 1979. Il est mari\u00e9 \u00e0 Naomi, et ils ont trois enfants. En 2014, le r\u00e9v\u00e9rend Herbold et sa femme Naomi ont \u00e9t\u00e9 envoy\u00e9s comme travailleurs internationaux en Tha\u00eflande, o\u00f9 ils ont servi pendant plus de huit ans. En 2015, ils ont \u00e9t\u00e9 nomm\u00e9s chefs d\u2019\u00e9quipe, et en 2019, d\u00e9veloppeurs r\u00e9gionaux, assurant le leadership et la supervision de la r\u00e9gion. Au cours des quatre derni\u00e8res ann\u00e9es, le r\u00e9v\u00e9rend Herbold a \u00e9galement si\u00e9g\u00e9 au conseil d\u2019administration.<\/p>\n<p>Fort d\u2019une exp\u00e9rience significative dans le domaine de l\u2019entrepreneuriat, le r\u00e9v\u00e9rend Herbold a fond\u00e9 et dirig\u00e9 une organisation caritative internationale, \u00ab For Freedom International \u00bb, qui se concentre sur la lutte contre la traite des \u00eatres humains, le d\u00e9veloppement communautaire et les efforts de multiplication des \u00e9vangiles en Asie du Sud-Est.<\/p>\n<p>Le r\u00e9v\u00e9rend Herbold a obtenu un certificat en \u00c9tudes Chr\u00e9tiennes au Covenant Bible Coll\u00e8ge de Strathmore, en Alberta, au Canada. Il est titulaire d\u2019un baccalaur\u00e9at en Religion et en Th\u00e9ologie du Taylor University Coll\u00e8ge d\u2019Edmonton, en Alberta, et d\u2019un dipl\u00f4me en \u00c9tudes Mondiales de la Liberty University, aux \u00c9tats-Unis, avec grande distinction.<\/p>\n<p>\u00c9lu lors de l\u2019Assembl\u00e9e G\u00e9n\u00e9rale du 7 juillet 2022, le r\u00e9v\u00e9rend Herbold servira un mandat de quatre ans, \u00e0 compter du 1er ao\u00fbt 2022. Il envisage d\u2019\u00e9tendre la renomm\u00e9e de J\u00e9sus en adaptant les structures, les syst\u00e8mes et les strat\u00e9gies de <a href=\"https:\/\/awf.world\/fr\/country-description\/canada\/\" target=\"_blank\" rel=\"noopener\">l\u2019Alliance Canadienne<\/a> afin de lib\u00e9rer le potentiel cr\u00e9atif latent que Dieu a plac\u00e9 en nous aujourd\u2019hui tout en nous pr\u00e9parant aux d\u00e9fis et aux opportunit\u00e9s de demain.<\/p>\n<p>Le r\u00e9v\u00e9rend Herbold et Naomi nous demandent de prier pour leur famille qui quitte la Tha\u00eflande pour s\u2019installer \u00e0 Toronto, au Canada.<\/p>\n","protected":false},"author":24,"featured_media":31588,"template":"","meta":{"inline_featured_image":false,"ngg_post_thumbnail":0,"_EventAllDay":false,"_EventTimezone":"","_EventStartDate":"","_EventEndDate":"","_EventStartDateUTC":"","_EventEndDateUTC":"","_EventShowMap":false,"_EventShowMapLink":false,"_EventURL":"","_EventCost":"","_EventCostDescription":"","_EventCurrencySymbol":"","_EventCurrencyCode":"","_EventCurrencyPosition":"","_EventDateTimeSeparator":"","_EventTimeRangeSeparator":"","_EventOrganizerID":[],"_EventVenueID":[],"_OrganizerEmail":"","_OrganizerPhone":"","_OrganizerWebsite":"","_VenueAddress":"","_VenueCity":"","_VenueCountry":"","_VenueProvince":"","_VenueState":"","_VenueZip":"","_VenuePhone":"","_VenueURL":"","_VenueStateProvince":"","_VenueLat":"","_VenueLng":"","_VenueShowMap":false,"_VenueShowMapLink":false},"categories":[334,33],"tags":[328],"class_list":["post-31590","awf-news","type-awf-news","status-publish","has-post-thumbnail","hentry","category-amerique-du-nord","category-news-fr","tag-amerique-du-nord"],"_links":{"self":[{"href":"https:\/\/awf.world\/fr\/wp-json\/wp\/v2\/awf-news\/31590","targetHints":{"allow":["GET"]}}],"collection":[{"href":"https:\/\/awf.world\/fr\/wp-json\/wp\/v2\/awf-news"}],"about":[{"href":"https:\/\/awf.world\/fr\/wp-json\/wp\/v2\/types\/awf-news"}],"author":[{"embeddable":true,"href":"https:\/\/awf.world\/fr\/wp-json\/wp\/v2\/users\/24"}],"wp:featuredmedia":[{"embeddable":true,"href":"https:\/\/awf.world\/fr\/wp-json\/wp\/v2\/media\/31588"}],"wp:attachment":[{"href":"https:\/\/awf.world\/fr\/wp-json\/wp\/v2\/media?parent=31590"}],"wp:term":[{"taxonomy":"category","embeddable":true,"href":"https:\/\/awf.world\/fr\/wp-json\/wp\/v2\/categories?post=31590"},{"taxonomy":"post_tag","embeddable":true,"href":"https:\/\/awf.world\/fr\/wp-json\/wp\/v2\/tags?post=31590"}],"curies":[{"name":"wp","href":"https:\/\/api.w.org\/{rel}","templated":true}]}}