{"id":31573,"date":"2022-07-15T11:09:04","date_gmt":"2022-07-15T14:09:04","guid":{"rendered":"https:\/\/awf.world\/awf-news\/mobiliser-la-region-europe-et-moyen-orient-pour-les-missions-dans-un-monde-en-constante-evolution\/"},"modified":"2022-07-25T10:26:40","modified_gmt":"2022-07-25T13:26:40","slug":"mobiliser-la-region-europe-et-moyen-orient-pour-les-missions-dans-un-monde-en-constante-evolution","status":"publish","type":"awf-news","link":"https:\/\/awf.world\/fr\/awf-news\/mobiliser-la-region-europe-et-moyen-orient-pour-les-missions-dans-un-monde-en-constante-evolution\/","title":{"rendered":"Mobiliser la R\u00e9gion Europe et Moyen-Orient pour les Missions dans un Monde en Constante \u00c9volution"},"content":{"rendered":"<h3 style=\"text-align: justify;\">La Conf\u00e9rence R\u00e9gionale 2022 d\u2019EMERALD (Europe et Moyen-Orient) de l\u2019UMA \u00e9tait le premier rassemblement r\u00e9gional depuis la conf\u00e9rence de 2019 en Allemagne. Plus de 70 d\u00e9l\u00e9gu\u00e9s de la r\u00e9gion, de la grande famille de l\u2019UMA et de l\u2019ICTE (Commission Internationale de l\u2019\u00c9ducation Th\u00e9ologique) y ont particip\u00e9, ainsi que plus de 30 personnes de l\u2019\u00e9glise nationale de l\u2019Alliance qui les accueillait.<\/h3>\n<p>Ce fut une grande et joyeuse b\u00e9n\u00e9diction de se retrouver physiquement ensemble apr\u00e8s une pause de trois ans, en particulier pour nos fr\u00e8res et s\u0153urs de l\u2019Alliance de Syrie, d\u2019Irak, du Liban et d\u2019\u00c9gypte, qui ont pu participer gr\u00e2ce \u00e0 la g\u00e9n\u00e9rosit\u00e9 des \u00e9glises de l\u2019Alliance dans le monde entier. Nous sommes \u00e9galement reconnaissants \u00e0 l\u2019\u00e9quipe locale qui s\u2019est si bien occup\u00e9e des d\u00e9l\u00e9gu\u00e9s.<\/p>\n<figure id=\"attachment_31527\" aria-describedby=\"caption-attachment-31527\" style=\"width: 300px\" class=\"wp-caption alignright\"><img loading=\"lazy\" decoding=\"async\" class=\"wp-image-31527 size-medium\" src=\"https:\/\/awf.world\/wp-content\/uploads\/2022\/07\/EMERALD-Regional-Conference_Amman-Jordan_2022-052-300x225.jpeg\" alt=\"\" width=\"300\" height=\"225\" srcset=\"https:\/\/awf.world\/wp-content\/uploads\/2022\/07\/EMERALD-Regional-Conference_Amman-Jordan_2022-052-300x225.jpeg 300w, https:\/\/awf.world\/wp-content\/uploads\/2022\/07\/EMERALD-Regional-Conference_Amman-Jordan_2022-052-1024x768.jpeg 1024w, https:\/\/awf.world\/wp-content\/uploads\/2022\/07\/EMERALD-Regional-Conference_Amman-Jordan_2022-052-768x576.jpeg 768w, https:\/\/awf.world\/wp-content\/uploads\/2022\/07\/EMERALD-Regional-Conference_Amman-Jordan_2022-052.jpeg 1280w\" sizes=\"auto, (max-width: 300px) 100vw, 300px\" \/><figcaption id=\"caption-attachment-31527\" class=\"wp-caption-text\">Le R\u00e9v. Dr Stanley John pr\u00eache sur les Missions dans un Monde en Constante \u00c9volution<\/figcaption><\/figure>\n<p>Le th\u00e8me de la conf\u00e9rence \u00e9tait \u00ab Les Missions dans un Monde en Constante \u00c9volution \u00bb, et l\u2019orateur principal \u00e9tait le Dr Stanley John, Professeur Associ\u00e9 d\u2019\u00c9tudes Interculturelles au S\u00e9minaire Th\u00e9ologique de l\u2019Alliance. Il a pr\u00e9sent\u00e9 un document sur \u00ab Le Facteur de Migration dans les Centres Changeants du Christianisme \u00bb. Cette pr\u00e9sentation a \u00e9t\u00e9 suivie d\u2019une \u00e9tude biblique approfondie sur la mani\u00e8re dont les travailleurs migrants diffusent l\u2019\u00e9vangile par le biais du processus de migration forc\u00e9e et volontaire, en utilisant leurs comp\u00e9tences professionnelles et leur commerce pour \u00e9tablir un moyen de subsistance qui constitue la base des missions.<\/p>\n<figure id=\"attachment_31530\" aria-describedby=\"caption-attachment-31530\" style=\"width: 300px\" class=\"wp-caption alignleft\"><img loading=\"lazy\" decoding=\"async\" class=\"wp-image-31530 size-medium\" src=\"https:\/\/awf.world\/wp-content\/uploads\/2022\/07\/EMERALD-Regional-Conference_Amman-Jordan_2022-051-300x225.jpeg\" alt=\"\" width=\"300\" height=\"225\" srcset=\"https:\/\/awf.world\/wp-content\/uploads\/2022\/07\/EMERALD-Regional-Conference_Amman-Jordan_2022-051-300x225.jpeg 300w, https:\/\/awf.world\/wp-content\/uploads\/2022\/07\/EMERALD-Regional-Conference_Amman-Jordan_2022-051-1024x768.jpeg 1024w, https:\/\/awf.world\/wp-content\/uploads\/2022\/07\/EMERALD-Regional-Conference_Amman-Jordan_2022-051-768x576.jpeg 768w, https:\/\/awf.world\/wp-content\/uploads\/2022\/07\/EMERALD-Regional-Conference_Amman-Jordan_2022-051.jpeg 1280w\" sizes=\"auto, (max-width: 300px) 100vw, 300px\" \/><figcaption id=\"caption-attachment-31530\" class=\"wp-caption-text\">Le Dr Peter Laughlin pr\u00e9sentant le Manifeste de Guayaquil<\/figcaption><\/figure>\n<p>Le Dr Peter Laughlin, doyen de l\u2019Institut de l\u2019Alliance pour la Mission au Coll\u00e8ge Australien des Minist\u00e8res et pr\u00e9sident de l\u2019<a href=\"https:\/\/awf.world\/fr\/education-theologique\/\" target=\"_blank\" rel=\"noopener\">ICTE<\/a>, a pr\u00e9sent\u00e9 le <a href=\"https:\/\/awf.world\/fr\/awf-news\/manifeste-de-guayaquil\/\" target=\"_blank\" rel=\"noopener\">Manifeste de Guayaquil<\/a> et a anim\u00e9 des ateliers traitant des questions cl\u00e9s qui y sont li\u00e9es.<\/p>\n<figure id=\"attachment_31533\" aria-describedby=\"caption-attachment-31533\" style=\"width: 300px\" class=\"wp-caption alignright\"><img loading=\"lazy\" decoding=\"async\" class=\"size-medium wp-image-31533\" src=\"https:\/\/awf.world\/wp-content\/uploads\/2022\/07\/EMERALD-Regional-Conference_Amman-Jordan_2022-055-300x225.jpeg\" alt=\"\" width=\"300\" height=\"225\" srcset=\"https:\/\/awf.world\/wp-content\/uploads\/2022\/07\/EMERALD-Regional-Conference_Amman-Jordan_2022-055-300x225.jpeg 300w, https:\/\/awf.world\/wp-content\/uploads\/2022\/07\/EMERALD-Regional-Conference_Amman-Jordan_2022-055-1024x768.jpeg 1024w, https:\/\/awf.world\/wp-content\/uploads\/2022\/07\/EMERALD-Regional-Conference_Amman-Jordan_2022-055-768x576.jpeg 768w, https:\/\/awf.world\/wp-content\/uploads\/2022\/07\/EMERALD-Regional-Conference_Amman-Jordan_2022-055.jpeg 1280w\" sizes=\"auto, (max-width: 300px) 100vw, 300px\" \/><figcaption id=\"caption-attachment-31533\" class=\"wp-caption-text\">Atelier de Secours et de D\u00e9veloppement<\/figcaption><\/figure>\n<p>Plusieurs ateliers de l\u2019apr\u00e8s-midi ont trait\u00e9 de sujets tels que la formation de l\u2019Alliance, les minist\u00e8res arabophones, le Secours et D\u00e9veloppement, les <a href=\"https:\/\/awf.world\/fr\/missions-old\/\" target=\"_blank\" rel=\"noopener\">Missions de la Diaspora<\/a> et le Minist\u00e8re International de l\u2019\u00c9glise. Des groupes linguistiques ont \u00e9t\u00e9 organis\u00e9s apr\u00e8s les pr\u00e9sentations afin que chacun puisse discuter des questions cl\u00e9s soulev\u00e9es dans une langue avec laquelle il est \u00e0 l\u2019aise.<\/p>\n<p>Le point culminant de la conf\u00e9rence a \u00e9t\u00e9 la camaraderie et l\u2019amour fraternel manifest\u00e9s par les pr\u00e9sidents des \u00e9glises de l\u2019Alliance nationale de deux nations en conflit, alors qu\u2019ils se sont r\u00e9unis pour nous conduire dans la c\u00e9l\u00e9bration de la Table du Seigneur et du sacrifice expiatoire de J\u00e9sus sur la croix.<\/p>\n<p>Des t\u00e9moignages provenant des champs de mission du Moyen-Orient et de la diaspora en Europe ont accompagn\u00e9 les pr\u00e9sentations sur l\u2019\u00e9volution des missions dans le monde. Nous avons \u00e9t\u00e9 interpell\u00e9s par des id\u00e9es sur la mani\u00e8re dont nous devons changer notre fa\u00e7on de penser et de comprendre les missions afin de pouvoir \u00e9quiper et mobiliser des travailleurs la\u00efcs et bi-professionnels, en particulier issus de la diaspora, pour les missions.<\/p>\n<p>La s\u00e9ance de travail a donn\u00e9 lieu \u00e0 de nombreux \u00e9changes et discussions fructueux, et \u00e0 l\u2019\u00e9lection du pasteur Rocco Rausch au <a href=\"https:\/\/awf.world\/fr\/le-comite-executif\/\" target=\"_blank\" rel=\"noopener\">Comit\u00e9 de Coordination R\u00e9gional<\/a>. Une proposition du du Centre de l\u2019Alliance pour le D\u00e9veloppement du Leadership a \u00e9t\u00e9 approuv\u00e9e pour poursuivre le programme de cohortes de tests internationaux sur la base du fait qu\u2019il r\u00e9pondra aux exigences \u00e9ducatives pour l\u2019obtention d\u2019une licence dans les pays repr\u00e9sent\u00e9s par la r\u00e9gion EMERALD. Le dernier jour de la conf\u00e9rence a \u00e9t\u00e9 consacr\u00e9 \u00e0 la visite de sites historiques locaux de l\u2019Empire romain et de l\u2019histoire des crois\u00e9s.<\/p>\n<p>La prochaine r\u00e9union r\u00e9gionale d\u2019EMERALD de l\u2019UMA aura lieu en France en juin 2023.<\/p>\n","protected":false},"author":24,"featured_media":31537,"template":"","meta":{"inline_featured_image":false,"ngg_post_thumbnail":0,"_EventAllDay":false,"_EventTimezone":"","_EventStartDate":"","_EventEndDate":"","_EventStartDateUTC":"","_EventEndDateUTC":"","_EventShowMap":false,"_EventShowMapLink":false,"_EventURL":"","_EventCost":"","_EventCostDescription":"","_EventCurrencySymbol":"","_EventCurrencyCode":"","_EventCurrencyPosition":"","_EventDateTimeSeparator":"","_EventTimeRangeSeparator":"","_EventOrganizerID":[],"_EventVenueID":[],"_OrganizerEmail":"","_OrganizerPhone":"","_OrganizerWebsite":"","_VenueAddress":"","_VenueCity":"","_VenueCountry":"","_VenueProvince":"","_VenueState":"","_VenueZip":"","_VenuePhone":"","_VenueURL":"","_VenueStateProvince":"","_VenueLat":"","_VenueLng":"","_VenueShowMap":false,"_VenueShowMapLink":false},"categories":[145,33],"tags":[256,690],"class_list":["post-31573","awf-news","type-awf-news","status-publish","has-post-thumbnail","hentry","category-europe-middle-east","category-news-fr","tag-diaspora-fr","tag-europe-et-moyen-orient"],"_links":{"self":[{"href":"https:\/\/awf.world\/fr\/wp-json\/wp\/v2\/awf-news\/31573","targetHints":{"allow":["GET"]}}],"collection":[{"href":"https:\/\/awf.world\/fr\/wp-json\/wp\/v2\/awf-news"}],"about":[{"href":"https:\/\/awf.world\/fr\/wp-json\/wp\/v2\/types\/awf-news"}],"author":[{"embeddable":true,"href":"https:\/\/awf.world\/fr\/wp-json\/wp\/v2\/users\/24"}],"wp:featuredmedia":[{"embeddable":true,"href":"https:\/\/awf.world\/fr\/wp-json\/wp\/v2\/media\/31537"}],"wp:attachment":[{"href":"https:\/\/awf.world\/fr\/wp-json\/wp\/v2\/media?parent=31573"}],"wp:term":[{"taxonomy":"category","embeddable":true,"href":"https:\/\/awf.world\/fr\/wp-json\/wp\/v2\/categories?post=31573"},{"taxonomy":"post_tag","embeddable":true,"href":"https:\/\/awf.world\/fr\/wp-json\/wp\/v2\/tags?post=31573"}],"curies":[{"name":"wp","href":"https:\/\/api.w.org\/{rel}","templated":true}]}}