{"id":31483,"date":"2022-06-30T14:54:11","date_gmt":"2022-06-30T17:54:11","guid":{"rendered":"https:\/\/awf.world\/awf-news\/connaissez-jose-luis-jaldin-le-nouveau-president-de-lalliance-de-la-bolivie\/"},"modified":"2022-06-30T15:12:00","modified_gmt":"2022-06-30T18:12:00","slug":"connaissez-jose-luis-jaldin-le-nouveau-president-de-lalliance-de-la-bolivie","status":"publish","type":"awf-news","link":"https:\/\/awf.world\/fr\/awf-news\/connaissez-jose-luis-jaldin-le-nouveau-president-de-lalliance-de-la-bolivie\/","title":{"rendered":"Connaissez Jos\u00e9 Luis Jald\u00edn, le Nouveau Pr\u00e9sident de l\u2019Alliance de la Bolivie"},"content":{"rendered":"<h3 style=\"text-align: justify;\">De Montero, Santa Cruz, le pasteur Jos\u00e9 Luis Jald\u00edn est le nouveau pr\u00e9sident de l\u2019\u00e9glise CMA de Bolivie. Son d\u00e9sir pour l\u2019\u00e9glise nationale est d\u2019activer les minist\u00e8res, de mettre l\u2019accent sur l\u2019implantation de nouvelles \u00e9glises et de soutenir l\u2019avanc\u00e9e du Royaume.<\/h3>\n<p><img loading=\"lazy\" decoding=\"async\" class=\"alignright size-medium wp-image-31476\" src=\"https:\/\/awf.world\/wp-content\/uploads\/2022\/06\/Jose-Luis-Jaldin_President-Bolivia_2022-052-300x300.jpg\" alt=\"\" width=\"300\" height=\"300\" srcset=\"https:\/\/awf.world\/wp-content\/uploads\/2022\/06\/Jose-Luis-Jaldin_President-Bolivia_2022-052-300x300.jpg 300w, https:\/\/awf.world\/wp-content\/uploads\/2022\/06\/Jose-Luis-Jaldin_President-Bolivia_2022-052-1020x1024.jpg 1020w, https:\/\/awf.world\/wp-content\/uploads\/2022\/06\/Jose-Luis-Jaldin_President-Bolivia_2022-052-150x150.jpg 150w, https:\/\/awf.world\/wp-content\/uploads\/2022\/06\/Jose-Luis-Jaldin_President-Bolivia_2022-052-768x771.jpg 768w, https:\/\/awf.world\/wp-content\/uploads\/2022\/06\/Jose-Luis-Jaldin_President-Bolivia_2022-052-1530x1536.jpg 1530w, https:\/\/awf.world\/wp-content\/uploads\/2022\/06\/Jose-Luis-Jaldin_President-Bolivia_2022-052-2040x2048.jpg 2040w\" sizes=\"auto, (max-width: 300px) 100vw, 300px\" \/><\/p>\n<p>Le r\u00e9v\u00e9rend Jos\u00e9 Luis Jald\u00edn Balderrama est n\u00e9 en avril 1975 \u00e0 Montero, en Bolivie. Il a quitt\u00e9 la maison \u00e0 l\u2019\u00e2ge de 13 ans et a poursuivi ses \u00e9tudes \u00e0 Cochabamba. Il a \u00e9pous\u00e9 Maribel Saavedra en 2000, et ensemble ils ont trois enfants : Jos\u00e9 Fernando, 21 ans ; Esther Raquel, 17 ans ; et Gabriel Sion, 9 ans.<\/p>\n<p>Le r\u00e9v\u00e9rend Jald\u00edn a \u00e9tudi\u00e9 le g\u00e9nie civil \u00e0 l\u2019Universidad Mayor de San Sim\u00f3n. Il est titulaire d\u2019une ma\u00eetrise en gestion int\u00e9grale des ressources en eau et a obtenu un doctorat <em>cum laude<\/em> en sciences de l\u2019\u00e9ducation. Il a de l\u2019exp\u00e9rience dans le travail avec les enfants sans abri et soutient actuellement la communaut\u00e9 o\u00f9 il vit en tant que sous-pr\u00e9sident de l\u2019Organisation Territoriale de la Grande base de Huayllani. Son travail lui a valu d\u2019\u00eatre reconnu comme \u00ab Citoyen M\u00e9ritant \u00bb de Sacaba et de recevoir la \u00ab M\u00e9daille du m\u00e9rite \u00bb de la Chambre des C\u00e9put\u00e9s de Bolivie.<\/p>\n<p>Le r\u00e9v\u00e9rend Jald\u00edn a accept\u00e9 J\u00e9sus-Christ comme son Seigneur et Sauveur le 2 novembre 1995 et, avec huit autres jeunes gens, il a fond\u00e9 ce qui allait devenir l\u2019\u00e9glise de l\u2019Alliance Chr\u00e9tienne et Missionnaire de Cochabamba. \u00c0 cette \u00e9poque, l\u2019\u00e9glise n\u2019avait pas de pasteur, et Dieu lui a permis de d\u00e9velopper imm\u00e9diatement ses comp\u00e9tences en mati\u00e8re de leadership. Il a d\u00e9cid\u00e9 de se pr\u00e9parer \u00e0 servir le Seigneur et est all\u00e9 \u00e9tudier au S\u00e9minaire Th\u00e9ologique de l\u2019Alliance.<\/p>\n<p>Il a commenc\u00e9 son minist\u00e8re en travaillant avec les enfants, les adolescents, les jeunes et les couples mari\u00e9s, puis est devenu le pasteur de l\u2019\u00e9glise de l\u2019Alliance de Cochabamba. Ensuite, le r\u00e9v\u00e9rend Jald\u00edn a \u00e9t\u00e9 affect\u00e9 \u00e0 l\u2019\u00e9glise de l\u2019Alliance de Quillacollo, dont il est actuellement le pasteur. Il a \u00e9t\u00e9 \u00e9lu pr\u00e9sident de l\u2019<a href=\"https:\/\/awf.world\/fr\/country-description\/bolivie\/\" target=\"_blank\" rel=\"noopener\">Alliance Chr\u00e9tienne et Missionnaire de Bolivie<\/a> en mai 2022 pour un mandat de trois ans.<\/p>\n<p>Le r\u00e9v\u00e9rend Jald\u00edn esp\u00e8re activer les minist\u00e8res nationaux, en mettant l\u2019accent sur l\u2019implantation d\u2019\u00e9glises et en soutenant l\u2019avancement du Royaume de Dieu.<\/p>\n<p>Il nous demande de prier pour lui et sa famille afin qu\u2019ils puissent aider les pasteurs de Bolivie \u00e0 porter du fruit pour la gloire de Dieu. Prions pour que Dieu guide et b\u00e9nisse le r\u00e9v\u00e9rend Jos\u00e9 Jald\u00edn alors qu\u2019il dirige l\u2019\u00e9glise de l\u2019Alliance de Bolivie.<\/p>\n","protected":false},"author":24,"featured_media":31480,"template":"","meta":{"inline_featured_image":false,"ngg_post_thumbnail":0,"_EventAllDay":false,"_EventTimezone":"","_EventStartDate":"","_EventEndDate":"","_EventStartDateUTC":"","_EventEndDateUTC":"","_EventShowMap":false,"_EventShowMapLink":false,"_EventURL":"","_EventCost":"","_EventCostDescription":"","_EventCurrencySymbol":"","_EventCurrencyCode":"","_EventCurrencyPosition":"","_EventDateTimeSeparator":"","_EventTimeRangeSeparator":"","_EventOrganizerID":[],"_EventVenueID":[],"_OrganizerEmail":"","_OrganizerPhone":"","_OrganizerWebsite":"","_VenueAddress":"","_VenueCity":"","_VenueCountry":"","_VenueProvince":"","_VenueState":"","_VenueZip":"","_VenuePhone":"","_VenueURL":"","_VenueStateProvince":"","_VenueLat":"","_VenueLng":"","_VenueShowMap":false,"_VenueShowMapLink":false},"categories":[152,33],"tags":[208,195,409,228],"class_list":["post-31483","awf-news","type-awf-news","status-publish","has-post-thumbnail","hentry","category-latin-america-fr","category-news-fr","tag-amerique-latine","tag-biography-fr","tag-bolivie","tag-cla-fr"],"_links":{"self":[{"href":"https:\/\/awf.world\/fr\/wp-json\/wp\/v2\/awf-news\/31483","targetHints":{"allow":["GET"]}}],"collection":[{"href":"https:\/\/awf.world\/fr\/wp-json\/wp\/v2\/awf-news"}],"about":[{"href":"https:\/\/awf.world\/fr\/wp-json\/wp\/v2\/types\/awf-news"}],"author":[{"embeddable":true,"href":"https:\/\/awf.world\/fr\/wp-json\/wp\/v2\/users\/24"}],"wp:featuredmedia":[{"embeddable":true,"href":"https:\/\/awf.world\/fr\/wp-json\/wp\/v2\/media\/31480"}],"wp:attachment":[{"href":"https:\/\/awf.world\/fr\/wp-json\/wp\/v2\/media?parent=31483"}],"wp:term":[{"taxonomy":"category","embeddable":true,"href":"https:\/\/awf.world\/fr\/wp-json\/wp\/v2\/categories?post=31483"},{"taxonomy":"post_tag","embeddable":true,"href":"https:\/\/awf.world\/fr\/wp-json\/wp\/v2\/tags?post=31483"}],"curies":[{"name":"wp","href":"https:\/\/api.w.org\/{rel}","templated":true}]}}